{"id":1870,"date":"2025-11-06T14:06:58","date_gmt":"2025-11-06T14:06:58","guid":{"rendered":"https:\/\/fmlibertadfeliciano.com.ar\/?p=1870"},"modified":"2025-11-06T17:52:23","modified_gmt":"2025-11-06T17:52:23","slug":"causa-cuadernos-empieza-el-juicio-a-cfk-y-otros-86-imputados-por-corrupcion-y-puede-seguirse-en-vivo","status":"publish","type":"post","link":"https:\/\/fmlibertadfeliciano.com.ar\/?p=1870","title":{"rendered":"Causa Cuadernos: empieza el juicio a CFK y otros 86 imputados por corrupci\u00f3n y puede seguirse en vivo"},"content":{"rendered":"<p>\u200b\u00a0<\/p>\n<p>\u200b\u00a0<\/p>\n<p>\u200b<img loading=\"lazy\" decoding=\"async\" width=\"300\" height=\"200\" src=\"https:\/\/www.eldiario.com.ar\/wp-content\/uploads\/2025\/11\/image_7.png_158945035-20x13.png\" class=\"webfeedsFeaturedVisual jl-lazyload lazyload wp-post-image\" alt=\"\" data-src=\"https:\/\/www.eldiario.com.ar\/wp-content\/uploads\/2025\/11\/image_7.png_158945035-300x200.png\" \/><\/p>\n<h5 class=\"wp-block-heading\">Comienza a las 9.30 ante el Tribunal Oral en lo Criminal Federal N\u00b07. La exmandataria est\u00e1 imputada como jefa de una asociaci\u00f3n il\u00edcita que, entre 2003 y 2015, bajo acusaci\u00f3n de recibir dinero de distintos empresarios de la construcci\u00f3n, energ\u00eda y transporte, quienes habr\u00edan sido beneficiados con la adjudicaci\u00f3n de contratos estatales. Tambi\u00e9n ser\u00e1n juzgados otros 19 exfuncionarios, dos de sus choferes y 65 empresarios<\/h5>\n<figure class=\"wp-block-image size-full\"><img loading=\"lazy\" decoding=\"async\" width=\"800\" height=\"534\" src=\"https:\/\/www.eldiario.com.ar\/wp-content\/uploads\/2025\/11\/image_7.png_158945035.png\" alt=\"\" class=\"wp-image-482335\" \/><\/figure>\n<p>Comienza el juicio a CFK y otros 86 imputados por corrupci\u00f3n en la causa Cuadernos.\u00a0(MPF)<\/p>\n<p>El Tribunal Oral en lo Criminal Federal (TOF) N\u00b07 de la Capital Federal juzgar\u00e1 desde este jueves a la expresidenta de la Naci\u00f3n\u00a0<strong>Cristina Fern\u00e1ndez de Kirchner<\/strong>, a 19 exfuncionarios, dos de sus choferes y\u00a0<strong>65 empresarios<\/strong>\u00a0bajo acusaci\u00f3n de liderar, organizar o conformar \u2013de acuerdo a cada caso\u2013 una asociaci\u00f3n il\u00edcita que, entre 2003 y 2015, recaud\u00f3 dinero de distintas empresas de los sectores de la construcci\u00f3n, energ\u00eda y transporte, a cambio de beneficiarlos con la adjudicaci\u00f3n de contratos estatales. As\u00ed,<strong>\u00a0la archiconocida y pol\u00e9mica causa de Los Cuadernos del chofer escriba Oscar Centeno tendr\u00e1 su debate.<\/strong><\/p>\n<p>De acuerdo al cronograma fijado por el tribunal, est\u00e1 previsto que, en lo que resta de 2025, las audiencias se realicen todos los jueves de 9.30 a 13.30 mientras que, desde marzo de 2026, se a\u00f1adir\u00e1 una segunda jornada. Las audiencias se har\u00e1n \u2013salvo excepciones\u2013 de forma virtual a trav\u00e9s de la plataforma Zoom\u00a0y, algunas de ellas, se transmitir\u00e1n por el canal de YouTube del Poder Judicial de la Naci\u00f3n, public\u00f3 el portal\u00a0<em>fiscales.gob.ar.<\/em><\/p>\n<p>Tras la etapa de instrucci\u00f3n, el fiscal federal Carlos Stornelli pidi\u00f3 la elevaci\u00f3n a juicio de la investigaci\u00f3n que se centr\u00f3 en cuatro ejes:\u00a0<strong>los supuestos cobros a empresarios que el chofer Oscar Centeno asent\u00f3 en sus cuadernos<\/strong>, las maniobras il\u00edcitas para la adjudicaci\u00f3n de contratos de transporte ferroviario y corredores viales, y la cartelizaci\u00f3n de la obra p\u00fablica.<\/p>\n<p>As\u00ed, solicit\u00f3 que la expresidenta Cristina Fern\u00e1ndez (72) fuera a juicio como\u00a0<strong>jefa de una asociaci\u00f3n il\u00edcita\u00a0<\/strong>que habr\u00eda funcionado en el seno del Poder Ejecutivo Nacional, entre 2003 y 2015. Adem\u00e1s, le imput\u00f3 ser coautora, en 204 oportunidades, y part\u00edcipe necesaria -en una- del delito de cohecho pasivo.<\/p>\n<p>Como\u00a0<strong>organizadores de la asociaci\u00f3n il\u00edcita\u00a0<\/strong>se se\u00f1al\u00f3 al exministro de Planificaci\u00f3n Federal, Inversi\u00f3n P\u00fablica y Servicios, Julio Miguel De Vido (75); al exsubsecretario de Coordinaci\u00f3n y Control de Gesti\u00f3n de esa cartera, Roberto Baratta (52); al financista due\u00f1o de Inverness S.A., Ernesto Clarens (74); y al expresidente de la C\u00e1mara Argentina de la Construcci\u00f3n (Camarco) y de la firma Esuco S.A., Carlos Guillermo Enrique Wagner (82). Luego, en el tramo de las presuntas irregularidades en la concesi\u00f3n de contratos ferroviarios se a\u00f1adi\u00f3, tambi\u00e9n como organizador, al exsecretario de Transporte, entre el 1\u00b0 de junio de 2003 y el 1\u00b0 julio 2009, Ricardo Ra\u00fal Jaime (70).<\/p>\n<p>El fiscal imput\u00f3, como\u00a0<strong>miembros de la organizaci\u00f3n<\/strong>, a los exsecretarios de Obras P\u00fablicas y de Transporte de la Naci\u00f3n, Jos\u00e9 Francisco L\u00f3pez (65) y Juan Pablo Schiavi (68) \u2013este \u00faltimo en el tramo de los contratos ferroviarios\u2013; el extitular del \u00d3rgano de Concesiones Viales (Occovi), Claudio Uberti (67); los exsecretarios privados de De Vido y Baratta, Jos\u00e9 Mar\u00eda Olazagasti (50) y Nelson Lazarte (47); el exsubsecretario de Asuntos Jur\u00eddicos del Ministerio de Planificaci\u00f3n Federal, Rafael Llorens (56); el extitular de la Subsecretar\u00eda de Desarrollo Urbano y Vivienda de la Secretar\u00eda de Obras P\u00fablicas, Germ\u00e1n Nivello (57); y al chofer de Baratta, Oscar Bernardo Centeno (70). Adem\u00e1s, por la concesi\u00f3n irregular de contratos ferroviarios imput\u00f3 como miembro al exsecretario de Transporte, entre el 1\u00b0 julio 2009 y el 7 de marzo de 2012, Juan Pablo Schiavi (68).<\/p>\n<p>Tambi\u00e9n, en el tramo de la investigaci\u00f3n por la<strong>\u00a0cartelizaci\u00f3n de obras p\u00fablicas<\/strong>\u00a0en cabeza de la C\u00e1mara Argentina de Empresas Viales, se incluy\u00f3 como miembros de la organizaci\u00f3n al exadministrador general de la Direcci\u00f3n Nacional de Vialidad (DNV), Nelson Periotti (80); al exgerente de Obras y Servicios Viales y subadministrador de la DNV, Sandro F\u00e9rgola (60); y al exgerente de Administraci\u00f3n de la DNV y exempleado de Inverness S.A., Sergio Pasacantando (50).<\/p>\n<p>Adem\u00e1s,\u00a0<strong>por parte de los empresarios, ser\u00e1n juzgados<\/strong>\u00a0como miembros de la asociaci\u00f3n il\u00edcita, el exdirector ejecutivo de la Entidad Binacional Yacyret\u00e1, Oscar Alfredo Thomas (70); el exvicepresidente y accionista de Electroingenier\u00eda S.A. y representante de las firmas Grupo Eling S.A. y Vialco S.A., Gerardo Luis Ferreyra (75); y el presidente de Vialco S.A., Miguel Marcelino Aznar (75).<\/p>\n<p>En el debate tambi\u00e9n\u00a0<strong>se abordar\u00e1 la responsabilidad de algunos de esos funcionarios en diversos hechos de cohecho pasivo y admisi\u00f3n de d\u00e1divas<\/strong>\u00a0\u2013de acuerdo a cada caso\u2013 junto a la del exjefe de Gabinete de Ministros de la Naci\u00f3n, Juan Manuel Abal Medina (57); el excoordinador de la Unidad Ministro de la Jefatura de Gabinete, Hugo Mart\u00edn Larraburu (42); el exdirector de Energ\u00edas Renovables y Eficiencia Energ\u00e9tica del Ministerio de Planificaci\u00f3n, Fabi\u00e1n Garc\u00eda Ram\u00f3n (48); el exfuncionario y el exasesor -respectivamente- de la Subsecretar\u00eda de Coordinaci\u00f3n y Control de Gesti\u00f3n del Ministerio de planificaci\u00f3n, Hern\u00e1n G\u00f3mez (48) y Walter Fagyas (54); y del exchofer de Olazagasti, Hern\u00e1n Del R\u00edo (48). Adem\u00e1s, se juzgar\u00e1 al exasesor del secretario general de la Presidencia Julio Daniel \u00c1lvarez (53) por encubrimiento agravado.<\/p>\n<p>Finalmente, llegan a juicio, como\u00a0<strong>autores, coautores o part\u00edcipes de los delitos de cohecho<\/strong>\u00a0activo y daci\u00f3n de d\u00e1divas otros 60 empresarios, entre los que se encuentran \u00c1ngel Jorge Antonio \u201c\u00c1ngelo\u201d Calcaterra (67) \u2013accionista de Objetivos de Desarrollo Sostenible (ODS) S.A. y IECSA S.A.\u2013, Enrique Menotti Pescarmona (83) -presidente de Industrias Metal\u00fargicas Pescarmona (Impsa) SaicyF-; Aldo Benito Roggio (81) -presidente de Grupo Roggio S.A. y titular de Metrov\u00edas S.A. y del ferrocarril Urquiza, entre 2003 y 2009-; Benjam\u00edn Gabriel Romero (73) \u2013titular de Hidrov\u00eda S.A.\u2013; Rudy Fernando Ulloa Igor (65) \u2013socio de la financiera Cumehue S.A.\u2013; Armando Roberto Loson (78) \u2013presidente del Grupo Albanesi S.A.\u2013; Alberto \u00c1ngel Padoan (82) \u2013integrante del directorio de Vicentin SAIC y expresidente de la C\u00e1mara de Comercio de Rosario\u2013; los hermanos Carlos Fabi\u00e1n (57) y Osvaldo Manuel (56) De Sousa \u2013presidentes de CPC S.A. y el Grupo Indalo\u2013 y Crist\u00f3bal Manuel L\u00f3pez (69) \u2013accionista y socio mayoritario de CPC S.A. y el Grupo Indalo\u2013.<\/p>\n<h2 class=\"wp-block-heading\">El caso\u00a0<\/h2>\n<p>La investigaci\u00f3n inicial surgi\u00f3 como un desprendimiento de la causa por las maniobras irregulares en la adquisici\u00f3n de Gas Natural Licuado (GNL) para el Programa Energ\u00eda Total (PET), que causaron un perjuicio econ\u00f3mico al Estado estimado en 5.523.345 d\u00f3lares, y por el que ya fueron condenados en septiembre pasado el exministro De Vido y el exsubsecretario Baratta.<\/p>\n<p>Posteriormente,\u00a0<strong>en 2018, el periodista del diario La Naci\u00f3n Diego Cabot se present\u00f3 ante el fiscal Stornelli<\/strong>\u00a0y puso en su conocimiento que una fuente le hab\u00eda revelado que un chofer del Ministerio de Planificaci\u00f3n Federal \u2013que luego ser\u00eda identificado como\u00a0<strong>Centeno\u2013 hab\u00eda anotado los movimientos de Baratta y otros funcionarios<\/strong>\u00a0que trasladaban bolsos con dinero, desde las sedes de distintas empresas constructoras, de transporte y proveedoras de servicios, a los despachos y\/o domicilios de autoridades del Poder Ejecutivo Nacional.<\/p>\n<p>A ra\u00edz de ello, y de los testimonios vertidos por la exmujer de Centeno en el juicio por las irregularidades en la compra de GNL,\u00a0<strong>Stornelli inici\u00f3 una investigaci\u00f3n en la que determin\u00f3 la supuesta existencia de una asociaci\u00f3n il\u00edcita liderada por Cristina Fern\u00e1ndez y su marido<\/strong>, el tambi\u00e9n expresidente \u2013fallecido\u2013 N\u00e9stor Kirchner, quienes organizaron \u201cun sistema de recaudaci\u00f3n de fondos para recibir dinero il\u00edcito con el fin de enriquecerse ilegalmente y de utilizar parte de esos fondos en la comisi\u00f3n de otros delitos\u201d.<\/p>\n<p>Stornelli refiri\u00f3 \u201cla existencia de un\u00a0<strong>sistema de recaudaci\u00f3n de dinero desplegado en su mayor\u00eda por funcionarios p\u00fablicos<\/strong>\u00a0del Poder Ejecutivo de la Naci\u00f3n que decidieron ceder su voluntad personal y conformar una general, para establecer acuerdos con importantes empresarios de compa\u00f1\u00edas nacionales e internacionales, por medio de los cuales obten\u00edan beneficios rec\u00edprocos\u201d.<\/p>\n<p>Adem\u00e1s, en el devenir de la pesquisa, los funcionarios Uberti y L\u00f3pez, el chofer Centeno, y los empresarios Aznar, Calcaterra, Pescarmona, Loson, Roggio, Alberto Tasselli (79), Jorge Juan Mauricio Bal\u00e1n (68), Juan Carlos De Goycoechea (60), Claudio Glazman (62), Gabriel Pedro Losi (67), Marcela Edith Sztenberg (59), Patricio Gerbi (70), H\u00e9ctor Javier S\u00e1nchez Caballero (70), Francisco Rub\u00e9n Valenti (78), Jorge Guillermo Neira (73) y Rodolfo Armando Poblete (68),\u00a0<strong>suscribieron los respectivos acuerdos \u2013como imputados colaboradores<\/strong>\u2013 y brindaron informaci\u00f3n sobre las maniobras il\u00edcitas investigadas.<\/p>\n<p>Adem\u00e1s, previo al inicio del debate, en septiembre pasado,\u00a0<strong>las defensas de 47 empresarios y de cuatro exfuncionarios efectuaron sus respectivas propuestas<\/strong>\u00a0de reparaci\u00f3n integral. En ese entonces, la fiscal general Le\u00f3n opin\u00f3 que deb\u00edan rechazarse los ofrecimientos.<\/p>\n<p>En el juicio el Ministerio P\u00fablico Fiscal estar\u00e1 representado por la titular de la Fiscal\u00eda General N\u00b05 ante los TOF, Fabiana Le\u00f3n, junto al fiscal coayuvante Nicol\u00e1s Codromaz y los auxiliares fiscales Guido Ambrosio y Claudio Nimis.<\/p>\n<p>\u00a0Comienza a las 9.30 ante el Tribunal Oral en lo Criminal Federal N\u00b07. La exmandataria est\u00e1 imputada como jefa de una asociaci\u00f3n il\u00edcita que, entre 2003 y 2015, bajo acusaci\u00f3n de recibir dinero de distintos empresarios de la construcci\u00f3n, energ\u00eda y transporte, quienes habr\u00edan sido beneficiados con la adjudicaci\u00f3n de contratos estatales. Tambi\u00e9n ser\u00e1n juzgados<\/p>","protected":false},"excerpt":{"rendered":"<div class=\"mh-excerpt\"><p>\u200b\u00a0 \u200b\u00a0 \u200b Comienza a las 9.30 ante el Tribunal Oral en lo Criminal Federal N\u00b07. La exmandataria est\u00e1 imputada como jefa de una asociaci\u00f3n <a class=\"mh-excerpt-more\" href=\"https:\/\/fmlibertadfeliciano.com.ar\/?p=1870\" title=\"Causa Cuadernos: empieza el juicio a CFK y otros 86 imputados por corrupci\u00f3n y puede seguirse en vivo\">[&#8230;]<\/a><\/p>\n<\/div>","protected":false},"author":1,"featured_media":1880,"comment_status":"open","ping_status":"open","sticky":false,"template":"","format":"standard","meta":{"footnotes":""},"categories":[1],"tags":[],"class_list":["post-1870","post","type-post","status-publish","format-standard","has-post-thumbnail","hentry","category-sin-categoria"],"_links":{"self":[{"href":"https:\/\/fmlibertadfeliciano.com.ar\/index.php?rest_route=\/wp\/v2\/posts\/1870","targetHints":{"allow":["GET"]}}],"collection":[{"href":"https:\/\/fmlibertadfeliciano.com.ar\/index.php?rest_route=\/wp\/v2\/posts"}],"about":[{"href":"https:\/\/fmlibertadfeliciano.com.ar\/index.php?rest_route=\/wp\/v2\/types\/post"}],"author":[{"embeddable":true,"href":"https:\/\/fmlibertadfeliciano.com.ar\/index.php?rest_route=\/wp\/v2\/users\/1"}],"replies":[{"embeddable":true,"href":"https:\/\/fmlibertadfeliciano.com.ar\/index.php?rest_route=%2Fwp%2Fv2%2Fcomments&post=1870"}],"version-history":[{"count":1,"href":"https:\/\/fmlibertadfeliciano.com.ar\/index.php?rest_route=\/wp\/v2\/posts\/1870\/revisions"}],"predecessor-version":[{"id":1881,"href":"https:\/\/fmlibertadfeliciano.com.ar\/index.php?rest_route=\/wp\/v2\/posts\/1870\/revisions\/1881"}],"wp:featuredmedia":[{"embeddable":true,"href":"https:\/\/fmlibertadfeliciano.com.ar\/index.php?rest_route=\/wp\/v2\/media\/1880"}],"wp:attachment":[{"href":"https:\/\/fmlibertadfeliciano.com.ar\/index.php?rest_route=%2Fwp%2Fv2%2Fmedia&parent=1870"}],"wp:term":[{"taxonomy":"category","embeddable":true,"href":"https:\/\/fmlibertadfeliciano.com.ar\/index.php?rest_route=%2Fwp%2Fv2%2Fcategories&post=1870"},{"taxonomy":"post_tag","embeddable":true,"href":"https:\/\/fmlibertadfeliciano.com.ar\/index.php?rest_route=%2Fwp%2Fv2%2Ftags&post=1870"}],"curies":[{"name":"wp","href":"https:\/\/api.w.org\/{rel}","templated":true}]}}