{"id":1882,"date":"2025-11-07T11:56:50","date_gmt":"2025-11-07T11:56:50","guid":{"rendered":"https:\/\/fmlibertadfeliciano.com.ar\/?p=1882"},"modified":"2025-11-07T11:56:50","modified_gmt":"2025-11-07T11:56:50","slug":"la-justicia-declaro-la-quiebra-de-una-empresa-lactea-que-abastecia-a-sancor-y-se-perderan-400-empleos","status":"publish","type":"post","link":"https:\/\/fmlibertadfeliciano.com.ar\/?p=1882","title":{"rendered":"La Justicia declar\u00f3 la quiebra de una empresa l\u00e1ctea que abastec\u00eda a SanCor y se perder\u00e1n 400 empleos"},"content":{"rendered":"<p>\u200b\u00a0<\/p>\n<p>\u200b\u00a0<\/p>\n<p>\u200b<\/p>\n<figure>\n                        <img decoding=\"async\" src=\"https:\/\/apfdigital-s3.cdn.net.ar\/s3i233\/2025\/11\/apfdigital\/images\/02\/35\/06\/2350689_d2247edfbb98f5e6224cae9d5850ab02dbde2552948c64c834538b8cc56d1eec\/md.webp\" alt=\"\" class=\"type:primaryImage\" \/><figcaption><\/figcaption><\/figure>\n<p>\u00a0Se trata de alimentos Refrigerados Sociedad An\u00f3nima (ARSA), que produc\u00eda la l\u00ednea de postres para la cooperativa l\u00e1ctea. Su quiebra implica el despido de casi 400 trabajadores.<\/p>","protected":false},"excerpt":{"rendered":"<div class=\"mh-excerpt\"><p>\u200b\u00a0 \u200b\u00a0 \u200b \u00a0Se trata de alimentos Refrigerados Sociedad An\u00f3nima (ARSA), que produc\u00eda la l\u00ednea de postres para la cooperativa l\u00e1ctea. Su quiebra implica el <a class=\"mh-excerpt-more\" href=\"https:\/\/fmlibertadfeliciano.com.ar\/?p=1882\" title=\"La Justicia declar\u00f3 la quiebra de una empresa l\u00e1ctea que abastec\u00eda a SanCor y se perder\u00e1n 400 empleos\">[&#8230;]<\/a><\/p>\n<\/div>","protected":false},"author":1,"featured_media":1883,"comment_status":"open","ping_status":"open","sticky":false,"template":"","format":"standard","meta":{"footnotes":""},"categories":[1],"tags":[],"class_list":["post-1882","post","type-post","status-publish","format-standard","has-post-thumbnail","hentry","category-sin-categoria"],"_links":{"self":[{"href":"https:\/\/fmlibertadfeliciano.com.ar\/index.php?rest_route=\/wp\/v2\/posts\/1882","targetHints":{"allow":["GET"]}}],"collection":[{"href":"https:\/\/fmlibertadfeliciano.com.ar\/index.php?rest_route=\/wp\/v2\/posts"}],"about":[{"href":"https:\/\/fmlibertadfeliciano.com.ar\/index.php?rest_route=\/wp\/v2\/types\/post"}],"author":[{"embeddable":true,"href":"https:\/\/fmlibertadfeliciano.com.ar\/index.php?rest_route=\/wp\/v2\/users\/1"}],"replies":[{"embeddable":true,"href":"https:\/\/fmlibertadfeliciano.com.ar\/index.php?rest_route=%2Fwp%2Fv2%2Fcomments&post=1882"}],"version-history":[{"count":0,"href":"https:\/\/fmlibertadfeliciano.com.ar\/index.php?rest_route=\/wp\/v2\/posts\/1882\/revisions"}],"wp:featuredmedia":[{"embeddable":true,"href":"https:\/\/fmlibertadfeliciano.com.ar\/index.php?rest_route=\/wp\/v2\/media\/1883"}],"wp:attachment":[{"href":"https:\/\/fmlibertadfeliciano.com.ar\/index.php?rest_route=%2Fwp%2Fv2%2Fmedia&parent=1882"}],"wp:term":[{"taxonomy":"category","embeddable":true,"href":"https:\/\/fmlibertadfeliciano.com.ar\/index.php?rest_route=%2Fwp%2Fv2%2Fcategories&post=1882"},{"taxonomy":"post_tag","embeddable":true,"href":"https:\/\/fmlibertadfeliciano.com.ar\/index.php?rest_route=%2Fwp%2Fv2%2Ftags&post=1882"}],"curies":[{"name":"wp","href":"https:\/\/api.w.org\/{rel}","templated":true}]}}