{"id":1884,"date":"2025-11-07T10:54:04","date_gmt":"2025-11-07T10:54:04","guid":{"rendered":"https:\/\/fmlibertadfeliciano.com.ar\/?p=1884"},"modified":"2025-11-07T10:54:04","modified_gmt":"2025-11-07T10:54:04","slug":"concepcion-del-uruguay-recibe-a-135-escuelas-tecnicas-para-el-desafio-eco-ypf-2025","status":"publish","type":"post","link":"https:\/\/fmlibertadfeliciano.com.ar\/?p=1884","title":{"rendered":"Concepci\u00f3n del Uruguay recibe a 135 escuelas t\u00e9cnicas para el Desaf\u00edo ECO YPF 2025"},"content":{"rendered":"<p>\u200b\u00a0<\/p>\n<p>\u200b\u00a0<\/p>\n<p>\u200b<\/p>\n<p><strong>Desde este viernes y hasta el domingo, Concepci\u00f3n del Uruguay ser\u00e1 sede del <em>Desaf\u00edo ECO YPF 2025<\/em>, una competencia educativa \u00fanica en el mundo que re\u00fane a m\u00e1s de 1.500 estudiantes de 135 escuelas t\u00e9cnicas de todas las provincias argentinas. Los equipos competir\u00e1n con autos el\u00e9ctricos dise\u00f1ados y construidos por ellos mismos, en una experiencia que combina innovaci\u00f3n, sustentabilidad y formaci\u00f3n t\u00e9cnica.<\/strong><\/p>\n<p>El evento, auspiciado por la <strong>Municipalidad de Concepci\u00f3n del Uruguay<\/strong>, comenzar\u00e1 con la llegada de las delegaciones y una presentaci\u00f3n especial el viernes 7 de noviembre en Plaza Ram\u00edrez, desde las 19.30, donde se exhibir\u00e1n los veh\u00edculos en la explanada del Centro C\u00edvico. Las competencias se desarrollar\u00e1n el s\u00e1bado 8 y domingo 9 en el Aut\u00f3dromo local, con entrada libre y gratuita, incluyendo acceso a boxes y estacionamiento sin costo.<\/p>\n<p>Una de las grandes novedades ser\u00e1 la carrera sprint exclusiva para mujeres, con 135 pilotos en pista. M\u00e1s de un tercio de los participantes \u2014entre pilotos, mec\u00e1nicas y t\u00e9cnicas\u2014 son mujeres, marcando un hito en la educaci\u00f3n t\u00e9cnica argentina.<\/p>\n<div class=\"entre-grupo-slider-rotativo-entre-noticias-pc\">\n<div class=\"ed-banner\"><img loading=\"lazy\" decoding=\"async\" src=\"https:\/\/www.entrerrianodigital.com\/wp-content\/uploads\/2024\/11\/GIF-1045x100-LA-CALLE-MCdU.gif\" alt=\"\" width=\"2091\" height=\"201\" \/><\/div>\n<\/div>\n<p><strong>Concepci\u00f3n del Uruguay fue elegida por segundo a\u00f1o consecutivo como sede del Desaf\u00edo ECO YPF, gracias a su infraestructura, el acompa\u00f1amiento institucional y el entusiasmo de la comunidad educativa. El evento fue reconocido por la Federaci\u00f3n Internacional del Autom\u00f3vil como la mejor competencia de autos ecol\u00f3gicos del mundo.<\/strong><\/p>\n<figure class=\"wp-block-image size-large\"><img loading=\"lazy\" decoding=\"async\" width=\"1024\" height=\"682\" src=\"https:\/\/www.entrerrianodigital.com\/wp-content\/uploads\/2025\/10\/desafio-C-Uy-1024x682.jpg\" alt=\"\" class=\"wp-image-12347\" \/><\/figure>\n<p>La entrada <a href=\"https:\/\/www.entrerrianodigital.com\/concepcion-del-uruguay-recibe-a-135-escuelas-tecnicas-para-el-desafio-eco-ypf-2025\/\">Concepci\u00f3n del Uruguay recibe a 135 escuelas t\u00e9cnicas para el Desaf\u00edo ECO YPF 2025<\/a> se public\u00f3 primero en <a href=\"https:\/\/www.entrerrianodigital.com\/\">Entrerriano Digital<\/a>.<\/p>\n<p>\u00a0135 escuelas t\u00e9cnicas competir\u00e1n con autos el\u00e9ctricos dise\u00f1ados por sus alumnos. La entrada ser\u00e1 libre y gratuita.<br \/>\nLa entrada Concepci\u00f3n del Uruguay recibe a 135 escuelas t\u00e9cnicas para el Desaf\u00edo ECO YPF 2025 se public\u00f3 primero en Entrerriano Digital.<\/p>","protected":false},"excerpt":{"rendered":"<div class=\"mh-excerpt\"><p>\u200b\u00a0 \u200b\u00a0 \u200b Desde este viernes y hasta el domingo, Concepci\u00f3n del Uruguay ser\u00e1 sede del Desaf\u00edo ECO YPF 2025, una competencia educativa \u00fanica en <a class=\"mh-excerpt-more\" href=\"https:\/\/fmlibertadfeliciano.com.ar\/?p=1884\" title=\"Concepci\u00f3n del Uruguay recibe a 135 escuelas t\u00e9cnicas para el Desaf\u00edo ECO YPF 2025\">[&#8230;]<\/a><\/p>\n<\/div>","protected":false},"author":1,"featured_media":1885,"comment_status":"open","ping_status":"open","sticky":false,"template":"","format":"standard","meta":{"footnotes":""},"categories":[1],"tags":[],"class_list":["post-1884","post","type-post","status-publish","format-standard","has-post-thumbnail","hentry","category-sin-categoria"],"_links":{"self":[{"href":"https:\/\/fmlibertadfeliciano.com.ar\/index.php?rest_route=\/wp\/v2\/posts\/1884","targetHints":{"allow":["GET"]}}],"collection":[{"href":"https:\/\/fmlibertadfeliciano.com.ar\/index.php?rest_route=\/wp\/v2\/posts"}],"about":[{"href":"https:\/\/fmlibertadfeliciano.com.ar\/index.php?rest_route=\/wp\/v2\/types\/post"}],"author":[{"embeddable":true,"href":"https:\/\/fmlibertadfeliciano.com.ar\/index.php?rest_route=\/wp\/v2\/users\/1"}],"replies":[{"embeddable":true,"href":"https:\/\/fmlibertadfeliciano.com.ar\/index.php?rest_route=%2Fwp%2Fv2%2Fcomments&post=1884"}],"version-history":[{"count":0,"href":"https:\/\/fmlibertadfeliciano.com.ar\/index.php?rest_route=\/wp\/v2\/posts\/1884\/revisions"}],"wp:featuredmedia":[{"embeddable":true,"href":"https:\/\/fmlibertadfeliciano.com.ar\/index.php?rest_route=\/wp\/v2\/media\/1885"}],"wp:attachment":[{"href":"https:\/\/fmlibertadfeliciano.com.ar\/index.php?rest_route=%2Fwp%2Fv2%2Fmedia&parent=1884"}],"wp:term":[{"taxonomy":"category","embeddable":true,"href":"https:\/\/fmlibertadfeliciano.com.ar\/index.php?rest_route=%2Fwp%2Fv2%2Fcategories&post=1884"},{"taxonomy":"post_tag","embeddable":true,"href":"https:\/\/fmlibertadfeliciano.com.ar\/index.php?rest_route=%2Fwp%2Fv2%2Ftags&post=1884"}],"curies":[{"name":"wp","href":"https:\/\/api.w.org\/{rel}","templated":true}]}}