{"id":1886,"date":"2025-11-07T03:39:35","date_gmt":"2025-11-07T03:39:35","guid":{"rendered":"https:\/\/fmlibertadfeliciano.com.ar\/?p=1886"},"modified":"2025-11-07T03:39:35","modified_gmt":"2025-11-07T03:39:35","slug":"la-region-centro-analizo-el-impacto-de-la-inteligencia-artificial-en-el-mundo-del-trabajo-2","status":"publish","type":"post","link":"https:\/\/fmlibertadfeliciano.com.ar\/?p=1886","title":{"rendered":"La Regi\u00f3n Centro analiz\u00f3 el impacto de la Inteligencia Artificial en el mundo del trabajo"},"content":{"rendered":"<p>\u200b\u00a0<\/p>\n<p>\u200b\u00a0<\/p>\n<p>\u200b<span class=\"cb-itemprop\"><\/span><\/p>\n<p>\u00a0<\/p>\n<p>\u00a0<\/p>\n<p>En un nuevo encuentro 2025 de la Mesa Permanente del Trabajo, el Empleo y la Seguridad Social de la Regi\u00f3n Centro, se presentaron los resultados de un relevamiento sobre el impacto de la Inteligencia Artificial (IA) en el trabajo y la productividad. Participaron autoridades, representantes del sector productivo, tecnol\u00f3gico y acad\u00e9mico.<\/p>\n<p>El estudio, elaborado por el Observatorio de la Regi\u00f3n Centro, relev\u00f3 m\u00e1s de 2.500 respuestas de productores, empresarios y comercios de Entre R\u00edos, Santa Fe y C\u00f3rdoba. Los resultados muestran que el 17 por ciento del sector productivo ya implementa inteligencia artificial en su actividad cotidiana, mientras que gran parte de las empresas eval\u00faan su incorporaci\u00f3n en el corto y mediano plazo.<\/p>\n<p>El relevamiento tambi\u00e9n advierte una brecha formativa significativa: el 50 por ciento de las empresas considera capacitar a su personal para abordar los cambios tecnol\u00f3gicos que demandan la automatizaci\u00f3n y la inteligencia artificial. Entre los principales desaf\u00edos, se mencionan la capacitaci\u00f3n espec\u00edfica, el acceso a financiamiento y la formaci\u00f3n continua como claves para acompa\u00f1ar la transformaci\u00f3n digital.<\/p>\n<p>Participaron por Entre R\u00edos los ministros de Gobierno y Trabajo, Manuel Troncoso; y de Desarrollo Econ\u00f3mico, Guillermo Bernaudo; los secretarios de Trabajo, de Entre R\u00edos, Mariano Camoirano, y de C\u00f3rdoba, Omar Sereno; y de Coordinaci\u00f3n y Relaciones Institucional del Ministerio de Trabajo de Santa Fe, Gustavo Zignago. Adem\u00e1s, estuvieron los integrantes de la mesa ejecutiva de la Regi\u00f3n Centro, Claudia Giaccone y Jorge Chemes.<\/p>\n<p>Cada uno a su turno, destacaron la importancia de la articulaci\u00f3n interprovincial para anticipar los cambios que la IA genera en el empleo, la formaci\u00f3n y la producci\u00f3n.<\/p>\n<p>\u00abAbordamos con datos concretos c\u00f3mo est\u00e1 impactando la inteligencia artificial y las nuevas tecnolog\u00edas en la productividad, en el mundo del trabajo, del empleo y la seguridad social en toda la regi\u00f3n\u00bb, se\u00f1al\u00f3 el ministro de Gobierno y Trabajo de Entre R\u00edos, Manuel Troncoso.<\/p>\n<p>\u00abEl desaf\u00edo pasa por construir mecanismos integrales y pisos m\u00ednimos de protecci\u00f3n social que garanticen una transici\u00f3n justa frente a la incorporaci\u00f3n de estas nuevas tecnolog\u00edas\u00bb, agreg\u00f3 el ministro en su exposici\u00f3n.<\/p>\n<p>\u00abEstamos tomando decisiones basadas en datos concretos. Este observatorio es una herramienta vanguardista a nivel de toda Latinoam\u00e9rica y marca un precedente muy importante. Hay una decisi\u00f3n pol\u00edtica clara de los tres gobernadores de sostener y potenciar este trabajo conjunto. Es el primer diagn\u00f3stico que se realiza con un volumen de respuestas tan amplio, lo que nos permite tener una mirada precisa sobre la realidad y planificar con mayor efectividad\u00bb, finaliz\u00f3 Troncoso.<\/p>\n<p>Bernaudo, por su parte, indico: \u00abLa Regi\u00f3n Centro es un ejemplo de cooperaci\u00f3n interprovincial para pensar pol\u00edticas de trabajo y desarrollo en clave de futuro. Este relevamiento nos permite tomar decisiones basadas en evidencia y acompa\u00f1ar a las y los trabajadores en los procesos de transformaci\u00f3n tecnol\u00f3gica\u00bb, sostuvo Troncoso.<\/p>\n<p>Tambi\u00e9n participaron autoridades universitarias (Uader, UNER, UTN), los polos tecnol\u00f3gicos de Paran\u00e1 y Santa Fe, la UIER, la C\u00e1mara de la Industria del Software, el Consejo Empresario de Entre R\u00edos, Fedeco, la Bolsa de Cereales, la Bolsa de Comercio y la Superintendencia de Riesgos del Trabajo, la Secretar\u00eda de Trabajo, entre otras instituciones educativas, sociales y empresariales.<\/p>\n<p>\u00a0<\/p>\n<p>\u00a0<\/p>\n<p>De la Redacci\u00f3n de Entre R\u00edos Ahora<\/p>\n<p>\u00a0\u00a0 \u00a0 En un nuevo encuentro 2025 de la Mesa Permanente del Trabajo, el Empleo y la Seguridad Social de la Regi\u00f3n Centro, se presentaron los resultados de un relevamiento sobre el impacto de la Inteligencia Artificial (IA) en el trabajo y la productividad. Participaron autoridades, representantes del sector productivo, tecnol\u00f3gico y acad\u00e9mico. El estudio,<\/p>","protected":false},"excerpt":{"rendered":"<div class=\"mh-excerpt\"><p>\u200b\u00a0 \u200b\u00a0 \u200b \u00a0 \u00a0 En un nuevo encuentro 2025 de la Mesa Permanente del Trabajo, el Empleo y la Seguridad Social de la Regi\u00f3n <a class=\"mh-excerpt-more\" href=\"https:\/\/fmlibertadfeliciano.com.ar\/?p=1886\" title=\"La Regi\u00f3n Centro analiz\u00f3 el impacto de la Inteligencia Artificial en el mundo del trabajo\">[&#8230;]<\/a><\/p>\n<\/div>","protected":false},"author":1,"featured_media":1875,"comment_status":"open","ping_status":"open","sticky":false,"template":"","format":"standard","meta":{"footnotes":""},"categories":[1],"tags":[],"class_list":["post-1886","post","type-post","status-publish","format-standard","has-post-thumbnail","hentry","category-sin-categoria"],"_links":{"self":[{"href":"https:\/\/fmlibertadfeliciano.com.ar\/index.php?rest_route=\/wp\/v2\/posts\/1886","targetHints":{"allow":["GET"]}}],"collection":[{"href":"https:\/\/fmlibertadfeliciano.com.ar\/index.php?rest_route=\/wp\/v2\/posts"}],"about":[{"href":"https:\/\/fmlibertadfeliciano.com.ar\/index.php?rest_route=\/wp\/v2\/types\/post"}],"author":[{"embeddable":true,"href":"https:\/\/fmlibertadfeliciano.com.ar\/index.php?rest_route=\/wp\/v2\/users\/1"}],"replies":[{"embeddable":true,"href":"https:\/\/fmlibertadfeliciano.com.ar\/index.php?rest_route=%2Fwp%2Fv2%2Fcomments&post=1886"}],"version-history":[{"count":0,"href":"https:\/\/fmlibertadfeliciano.com.ar\/index.php?rest_route=\/wp\/v2\/posts\/1886\/revisions"}],"wp:featuredmedia":[{"embeddable":true,"href":"https:\/\/fmlibertadfeliciano.com.ar\/index.php?rest_route=\/wp\/v2\/media\/1875"}],"wp:attachment":[{"href":"https:\/\/fmlibertadfeliciano.com.ar\/index.php?rest_route=%2Fwp%2Fv2%2Fmedia&parent=1886"}],"wp:term":[{"taxonomy":"category","embeddable":true,"href":"https:\/\/fmlibertadfeliciano.com.ar\/index.php?rest_route=%2Fwp%2Fv2%2Fcategories&post=1886"},{"taxonomy":"post_tag","embeddable":true,"href":"https:\/\/fmlibertadfeliciano.com.ar\/index.php?rest_route=%2Fwp%2Fv2%2Ftags&post=1886"}],"curies":[{"name":"wp","href":"https:\/\/api.w.org\/{rel}","templated":true}]}}