{"id":1887,"date":"2025-11-07T03:27:14","date_gmt":"2025-11-07T03:27:14","guid":{"rendered":"https:\/\/fmlibertadfeliciano.com.ar\/?p=1887"},"modified":"2025-11-07T03:27:14","modified_gmt":"2025-11-07T03:27:14","slug":"una-respuesta-al-presidente-de-la-caja-de-jubilaciones","status":"publish","type":"post","link":"https:\/\/fmlibertadfeliciano.com.ar\/?p=1887","title":{"rendered":"Una respuesta al presidente de la Caja de Jubilaciones"},"content":{"rendered":"<p>\u200b\u00a0<\/p>\n<p>\u200b\u00a0<\/p>\n<p>\u200b<span class=\"cb-itemprop\"><\/span><\/p>\n<p>\u00a0<\/p>\n<p>\u00a0<\/p>\n<p>Por Francisco Nessmann (*)<\/p>\n<p>All\u00e1 por 1993 se sanciona la Ley N\u00ba 8.732 de Jubilaciones en Entre Rios.<\/p>\n<p>Una de sus caracter\u00edsticas es que defin\u00eda que la Caja de Jubilaciones funcionaba como un Ente Aut\u00e1rquico, es decir que los presupuestos que administrar\u00eda eran de los trabajadores, e intangibles para la administraci\u00f3n de Gobierno.<\/p>\n<p>Pero en 1995, con la Ley N\u00ba 8.918 de Emergencia del exgobernador Mario Moine (hoy casualmente de regreso en el Gobierno de Frigerio), le quit\u00f3 esa autarqu\u00eda y los aportes de los trabajadores pasaron a la \u201cclandestinidad\u201d de los distintos Gobiernos que nunca derogaron el art\u00edculo de la p\u00e9rdida de autarqu\u00eda.<\/p>\n<p>En s\u00edntesis, la ley define que el presupuesto de la Caja de Jubilaciones es de los trabajadores producto de sus aportes.<\/p>\n<p>\u00a0<\/p>\n<blockquote class=\"wp-embedded-content\" data-secret=\"0zPIlJzGOV\">\n<p><a href=\"https:\/\/entreriosahora.com\/bagnat-el-sistema-no-se-soluciona-con-un-milagro\/\">Bagnat: \u00abEl sistema no se soluciona con un milagro\u00bb<\/a><\/p>\n<\/blockquote>\n<p>En este transcurrir, los distintos gobiernos tomaron medidas arbitrarias, generalmente en contra de los trabajadores y el funcionamiento del sistema.<\/p>\n<p>Hasta que, hoy, vienen un Frigerio y un Gast\u00f3n Bagnat \u2013presidente de la Caja de Jubilaciones y Pensiones- a instalar un supuesto \u00abd\u00e9ficit\u00bb, definido desde mirar desde el \u201cagujero de su cerradura\u201d, es decir de su mirada de modelo AFJP y Anses.<\/p>\n<p>Dicho en otros t\u00e9rminos, es ideario de este Gobierno como premisa el \u201cajuste\u201d y que un jubilado es un \u201cgasto a eliminar\u201d.<\/p>\n<p>Pero, en sus propias declaraciones, Bagnat expone su propia contradicci\u00f3n:<\/p>\n<p>-Reconoce que 14 escalafones sostienen otros 84. Para clarificar esto, dice que hay 84 escalafones (organismos) a los cuales abona a sus jubilados, pero los trabajadores activos se fueron a otras Cajas (municipales, bancarios, energ\u00eda, etc.).<\/p>\n<p>-Dice que algunos organismos dejaron en la Caja Provincial sus jubilados y se llevaron los activos a aportar a Anses o Cajas Municipales.<\/p>\n<p>Es m\u00e1s, hasta se atreve a decir que es probable que en un futuro se empaten aportantes y jubilados.<\/p>\n<p>\u00bfSaben qu\u00e9 quiso decir?<\/p>\n<p>Expresa la s\u00edntesis de este Gobierno que quiere achicar y\/o disolver el Estado entrerriano, cerrar organismos, cerrar fuentes de trabajo y eliminar aportantes Es totalmente calculable la disoluci\u00f3n del Estado y el empleo provincial que provocar\u00e1 claramente la quiebra del sistema.<\/p>\n<p>En otras palabras, en esta relaci\u00f3n activos\/jubilados declara abiertamente que cerrar\u00e1 todo lo p\u00fablico como ajuste (escuelas, salud, caminos, viviendas, cloacas, etc), todo aquello que considera \u201cgasto p\u00fablico\u201d y, l\u00f3gicamente, eliminar el \u201cgasto que es un jubilado\u201d.<\/p>\n<p>Sin embargo, muchas veces es m\u00e1s grave lo que no se dice para justificar lo que intenta:<\/p>\n<p>-Jam\u00e1s sali\u00f3 a \u201creclamar\u201d al Gobernador que si pagaba salarios \u201cen negro\u201d estaba desfinanciando la Caja de Jubilaciones para defender lo que administra.<\/p>\n<p>-Jam\u00e1s sali\u00f3 a reconocer que aument\u00f3 los aportes de los activos porque el Estado provincial se excusaba de ser el garante del sistema previsional.<\/p>\n<p>-Jam\u00e1s sali\u00f3 a reconocer que muchos trabajadores exceden largamente sus a\u00f1os de aportes al momento de jubilarse, sin beneficio alguno.<\/p>\n<p>-Jam\u00e1s reconoci\u00f3 que, extendiendo los montos y los a\u00f1os de aportes, ilegalmente estaba eliminando los \u201creg\u00edmenes especiales\u201d, leyendo el art\u00edculo que lo beneficiaba y olvidando los que sosten\u00edan a los trabajadores.<\/p>\n<p>-Pero lo peor de todo ocurre cuando el Gobierno simula que Naci\u00f3n le transfiere a la Provincia 48 mil millones de pesos para el sistema previsional y lo proclaman como un logro.<\/p>\n<p>Dos cosas son graves en esto: no es una \u201ctransferencia\u201d de favor pol\u00edtico; es un pago de deuda existente.<\/p>\n<p>Y m\u00e1s grave a\u00fan que esa deuda es a la fecha de \u201c154 mil millones de pesos\u201d.<\/p>\n<p>Es decir que, en este relato, ceden a Naci\u00f3n las dos terceras partes de la deuda de convenio que Naci\u00f3n tiene con la Caja de Jubilaciones de Entre R\u00edos.<\/p>\n<p>En n\u00fameros, de $154 mil millones, hace convenio con Naci\u00f3n por $48 mil millones y se retira de la demanda en la Corte Suprema\u2026 es decir por el resto e intereses.<\/p>\n<p>Todo por alianza y complicidad con el Gobierno Nacional.<\/p>\n<p>Reiteramos, venden como que Naci\u00f3n \u00abtransfiere\u00bb cuando en realidad est\u00e1 \u00abpagando lo que debe\u00bb.<\/p>\n<p>Y aqu\u00ed viene la gran pregunta:<\/p>\n<p>\u00bfQui\u00e9n autoriz\u00f3 al Gobierno de Frigerio y Bagnat a \u201cnegociar\u201d y \u00abresignar\u00bb Presupuesto que es de los aportes previsionales de los trabajadores?<\/p>\n<p>Jam\u00e1s se consult\u00f3 a los verdaderos due\u00f1os de esos fondos al respecto, pero tambi\u00e9n ac\u00e1 queda al desnudo otra falacia: no hay d\u00e9ficit, hab\u00eda y sigue habiendo una enorme deuda de Naci\u00f3n entre otros datos<\/p>\n<p>Pero siempre prefieren que la paguen los trabajadores.<\/p>\n<p>Por ello, creemos imprescindible la convocatoria a plenario de secretarios de Jubilados y a la Multisectorial de Trabajadores de Entre R\u00edos para interpelar al presidente de la Caja y legisladores, porque no puede seguir d\u00e1ndose la falacia y la impunidad medi\u00e1tica para desmantelar el sistema previsional de los trabajadores de Entre R\u00edos.<\/p>\n<blockquote class=\"wp-embedded-content\" data-secret=\"0zPIlJzGOV\">\n<p><a href=\"https:\/\/entreriosahora.com\/bagnat-el-sistema-no-se-soluciona-con-un-milagro\/\">Bagnat: \u00abEl sistema no se soluciona con un milagro\u00bb<\/a><\/p>\n<\/blockquote>\n<p><em>(*) Francisco Nessmann es secretario gremial de la seccional Federal de la Asociaci\u00f3n Gremial del Magisterio de Entre R\u00edo (Agmer).<\/em><\/p>\n<p>\u00a0\u00a0 \u00a0 Por Francisco Nessmann (*) All\u00e1 por 1993 se sanciona la Ley N\u00ba 8.732 de Jubilaciones en Entre Rios. Una de sus caracter\u00edsticas es que defin\u00eda que la Caja de Jubilaciones funcionaba como un Ente Aut\u00e1rquico, es decir que los presupuestos que administrar\u00eda eran de los trabajadores, e intangibles para la administraci\u00f3n de Gobierno.<\/p>","protected":false},"excerpt":{"rendered":"<div class=\"mh-excerpt\"><p>\u200b\u00a0 \u200b\u00a0 \u200b \u00a0 \u00a0 Por Francisco Nessmann (*) All\u00e1 por 1993 se sanciona la Ley N\u00ba 8.732 de Jubilaciones en Entre Rios. Una de <a class=\"mh-excerpt-more\" href=\"https:\/\/fmlibertadfeliciano.com.ar\/?p=1887\" title=\"Una respuesta al presidente de la Caja de Jubilaciones\">[&#8230;]<\/a><\/p>\n<\/div>","protected":false},"author":1,"featured_media":0,"comment_status":"open","ping_status":"open","sticky":false,"template":"","format":"standard","meta":{"footnotes":""},"categories":[1],"tags":[],"class_list":["post-1887","post","type-post","status-publish","format-standard","hentry","category-sin-categoria"],"_links":{"self":[{"href":"https:\/\/fmlibertadfeliciano.com.ar\/index.php?rest_route=\/wp\/v2\/posts\/1887","targetHints":{"allow":["GET"]}}],"collection":[{"href":"https:\/\/fmlibertadfeliciano.com.ar\/index.php?rest_route=\/wp\/v2\/posts"}],"about":[{"href":"https:\/\/fmlibertadfeliciano.com.ar\/index.php?rest_route=\/wp\/v2\/types\/post"}],"author":[{"embeddable":true,"href":"https:\/\/fmlibertadfeliciano.com.ar\/index.php?rest_route=\/wp\/v2\/users\/1"}],"replies":[{"embeddable":true,"href":"https:\/\/fmlibertadfeliciano.com.ar\/index.php?rest_route=%2Fwp%2Fv2%2Fcomments&post=1887"}],"version-history":[{"count":0,"href":"https:\/\/fmlibertadfeliciano.com.ar\/index.php?rest_route=\/wp\/v2\/posts\/1887\/revisions"}],"wp:attachment":[{"href":"https:\/\/fmlibertadfeliciano.com.ar\/index.php?rest_route=%2Fwp%2Fv2%2Fmedia&parent=1887"}],"wp:term":[{"taxonomy":"category","embeddable":true,"href":"https:\/\/fmlibertadfeliciano.com.ar\/index.php?rest_route=%2Fwp%2Fv2%2Fcategories&post=1887"},{"taxonomy":"post_tag","embeddable":true,"href":"https:\/\/fmlibertadfeliciano.com.ar\/index.php?rest_route=%2Fwp%2Fv2%2Ftags&post=1887"}],"curies":[{"name":"wp","href":"https:\/\/api.w.org\/{rel}","templated":true}]}}