{"id":1888,"date":"2025-11-07T03:08:32","date_gmt":"2025-11-07T03:08:32","guid":{"rendered":"https:\/\/fmlibertadfeliciano.com.ar\/?p=1888"},"modified":"2025-11-07T03:08:32","modified_gmt":"2025-11-07T03:08:32","slug":"antivero-de-agmer-no-es-discutible-la-reforma-previsional","status":"publish","type":"post","link":"https:\/\/fmlibertadfeliciano.com.ar\/?p=1888","title":{"rendered":"Antivero, de Agmer: \u00abno es discutible\u00bb la reforma previsional"},"content":{"rendered":"<p>\u200b\u00a0<\/p>\n<p>\u200b\u00a0<\/p>\n<p>\u200b<span class=\"cb-itemprop\"><\/span><\/p>\n<p>\u00a0<\/p>\n<p>\u00a0<\/p>\n<p>El 26 de diciembre, en Col\u00f3n, Abel Antivero se convertir\u00e1 en nuevo secretario general de la Asociaci\u00f3n Gremial del Magisterio de Entre R\u00edos (Agmer). Este profesor de Historia que vive en Ibicuy se impuso ampliamente el \u00faltimo 25 de septiembre en las elecciones para renovar autoridades en el m\u00e1s grande gremio docente. Lo hizo al frente de Marcha Blanca, que venci\u00f3 a la agrupaci\u00f3n Multicolor, que postul\u00f3 a Gimena Garc\u00eda para la secretar\u00eda general de Agmer.<\/p>\n<p>En el per\u00edodo de transici\u00f3n entre la salida de Marcelo Pagani y la llegada de \u201cPachi\u201d \u2013el apodo con el que se lo conoce- Antivero a Agmer se sucedi\u00f3 la novedad de que el Gobierno est\u00e1 trabajando en una reforma del sistema previsional, una posibilidad que ya se hab\u00eda esbozado en 2024 pero que cobr\u00f3 fuerza luego del resultado de las elecciones de medio t\u00e9rmino del 26 de octubre en las que el oficialismo consigui\u00f3 un amplio triunfo.<\/p>\n<p>\u201cNosotros entend\u00edamos que estaba en la agenda del Gobierno esta reforma, sobre todo despu\u00e9s del caudal electoral que consigui\u00f3 en las \u00faltimas elecciones legislativas. Envalentonado, decidi\u00f3 avanzar con eso, aunque por ahora sin un proyecto de legislativo, pero s\u00ed ya instalando el tema en los medios y haciendo que algunos sectores vayan tomando posicionamiento a favor y en contra, por supuesto. Agmer ya dio a conocer un posicionamiento contrario a esta iniciativa del Gobierno\u201d, explic\u00f3 en di\u00e1logo con el programa <strong><em>Puro Cuento<\/em><\/strong> de <em>Radio Plaza 94.7<\/em>.<\/p>\n<blockquote class=\"wp-embedded-content\" data-secret=\"BpLMQVq7vg\">\n<p><a href=\"https:\/\/entreriosahora.com\/abel-antivero-el-docente-de-ibicuy-que-busca-conducir-agmer\/\">Abel Antivero, el docente de Ibicuy que busca conducir Agmer<\/a><\/p>\n<\/blockquote>\n<p>\u00a0<\/p>\n<p><em>-\u00bfEntienden v\u00e1lido el planteo que hace el presidente de la Caja de Jubilaciones, Gast\u00f3n Bagnat, que asegura que para mantener el 82% m\u00f3vil se necesitan determinadas condiciones?<\/em><\/p>\n<p>-No. Rechazamos ir en ese sentido. En ese escenario, los trabajadores y trabajadoras pasamos a ser una variable de ajuste y hay derechos que se ven afectados. Por lo tanto rechazamos ese camino que acaba de tomar o que acaba de seguir el Gobierno. Entendemos que la gesti\u00f3n actual tiene que generar, en el marco de una creatividad pol\u00edtica, alguna posibilidad que busque solventar ese d\u00e9ficit de la Caja sin atentar, sin tocar el 82% m\u00f3vil y la baja jubilatoria y el sistema de pensiones.<\/p>\n<p><em>-Hay algunos sectores que miran con algo de inquina al sector docente. Es un r\u00e9gimen especial y se plantea el tema de la edad para jubilarse. Sergio Almeida, del sindicato del personal legislativo, plantea abiertamente que hay que discutir la reforma y hay que discutir un eventual aumento de la edad jubilatoria. \u00bfEsto produce un quiebre en el frente sindical?<\/em><\/p>\n<p>-No, no produce un quiebre, pero s\u00ed genera diferencias, desencuentros, tal vez no coincidencia en algunos criterios y por supuesto en ese sentido no tenemos ning\u00fan miedo al debate. Lo vamos a debatir con el sector que corresponda. Pero de ninguna manera coincidimos en eso. El trabajo docente hoy est\u00e1 cruzado por la conflictividad social, y por supuesto las escuelas son un fusible. Y por supuesto al aumentar la conflictividad social tambi\u00e9n aumenta el malestar docente. No se puede hablar de aumentar la edad para jubilarse.<\/p>\n<p><em>-\u00bfAgmer se muestra predispuesto a dar el debate sobre la reforma previsional?<\/em><\/p>\n<p>-No es un punto discutible porque entendemos que cualquier coma que se pueda mover dentro de la lLey 8.732 puede afectar el derecho de los trabajadores. Por lo tanto, no estamos, no somos permisibles a una posibilidad de discusi\u00f3n sin demostrar y expresar nuestro posicionamiento en que estos derechos no se pueden ver afectados de ninguna manera.<\/p>\n<p>\u00a0<\/p>\n<p><strong>Salarios, en diciembre<\/strong><\/p>\n<p><em>-El salario hoy es la principal preocupaci\u00f3n docente. El \u00faltimo congreso de Agmer, en agosto, pidi\u00f3 al Gobierno la reapertura de la paritaria, sobre lo cual no hubo respuesta.<\/em><\/p>\n<p>-S\u00ed, no hubo respuesta positiva por parte del Gobierno. Solamente ha respondido en lo que tiene que ver con la comisi\u00f3n de nomenclador. Nosotros tenemos el congreso ordinario y extraordinario el pr\u00f3ximo 4 de diciembre, donde tambi\u00e9n definiremos los pasos a seguir y tambi\u00e9n expresaremos nuestro posicionamiento en cuanto a lo que tiene que ver con la actitud del Gobierno provincial ante la negativa de poder sentarnos a discutir salario. Mientras tanto, los docentes siguen sufriendo el ajuste y la crisis econ\u00f3mica originada por pol\u00edticas que se han iniciado a trav\u00e9s del gobierno nacional y que por supuesto el gobierno provincial ha acompa\u00f1ado. Mientras tanto, seguimos quedando los docentes por debajo del \u00edndice de pobreza.<\/p>\n<p><em>-\u00bfCu\u00e1ndo se activa la discusi\u00f3n por el salario en la paritaria pensando en el ciclo 2026?<\/em><\/p>\n<p>-Nosotros entendemos que tenemos que empezar a discutir salarios en el mes de diciembre porque siempre lo hemos dicho y responsabilizamos muchas veces el no inicio de clases al Poder Ejecutivo. Queremos llegar al inicio de clases con la discusi\u00f3n salarial ya saldada. Nuestra vocaci\u00f3n de di\u00e1logo siempre est\u00e1 predispuesta y siempre estamos abiertos a poder tener canales de comunicaci\u00f3n con el Gobierno. En este sentido, reitero y redondeo la respuesta: nosotros entendemos que ya en el mes de diciembre nos tenemos que sentar a discutir salarios de la mano de la Comisi\u00f3n de Nomenclador.<\/p>\n<p>\u00a0<\/p>\n<p>\u00a0<\/p>\n<p>\u00a0<\/p>\n<p>\u00a0<\/p>\n<p>De la Redacci\u00f3n de Entre R\u00edos Ahora<\/p>\n<p>\u00a0\u00a0 \u00a0 El 26 de diciembre, en Col\u00f3n, Abel Antivero se convertir\u00e1 en nuevo secretario general de la Asociaci\u00f3n Gremial del Magisterio de Entre R\u00edos (Agmer). Este profesor de Historia que vive en Ibicuy se impuso ampliamente el \u00faltimo 25 de septiembre en las elecciones para renovar autoridades en el m\u00e1s grande gremio docente. Lo<\/p>","protected":false},"excerpt":{"rendered":"<div class=\"mh-excerpt\"><p>\u200b\u00a0 \u200b\u00a0 \u200b \u00a0 \u00a0 El 26 de diciembre, en Col\u00f3n, Abel Antivero se convertir\u00e1 en nuevo secretario general de la Asociaci\u00f3n Gremial del Magisterio <a class=\"mh-excerpt-more\" href=\"https:\/\/fmlibertadfeliciano.com.ar\/?p=1888\" title=\"Antivero, de Agmer: \u00abno es discutible\u00bb la reforma previsional\">[&#8230;]<\/a><\/p>\n<\/div>","protected":false},"author":1,"featured_media":0,"comment_status":"open","ping_status":"open","sticky":false,"template":"","format":"standard","meta":{"footnotes":""},"categories":[1],"tags":[],"class_list":["post-1888","post","type-post","status-publish","format-standard","hentry","category-sin-categoria"],"_links":{"self":[{"href":"https:\/\/fmlibertadfeliciano.com.ar\/index.php?rest_route=\/wp\/v2\/posts\/1888","targetHints":{"allow":["GET"]}}],"collection":[{"href":"https:\/\/fmlibertadfeliciano.com.ar\/index.php?rest_route=\/wp\/v2\/posts"}],"about":[{"href":"https:\/\/fmlibertadfeliciano.com.ar\/index.php?rest_route=\/wp\/v2\/types\/post"}],"author":[{"embeddable":true,"href":"https:\/\/fmlibertadfeliciano.com.ar\/index.php?rest_route=\/wp\/v2\/users\/1"}],"replies":[{"embeddable":true,"href":"https:\/\/fmlibertadfeliciano.com.ar\/index.php?rest_route=%2Fwp%2Fv2%2Fcomments&post=1888"}],"version-history":[{"count":0,"href":"https:\/\/fmlibertadfeliciano.com.ar\/index.php?rest_route=\/wp\/v2\/posts\/1888\/revisions"}],"wp:attachment":[{"href":"https:\/\/fmlibertadfeliciano.com.ar\/index.php?rest_route=%2Fwp%2Fv2%2Fmedia&parent=1888"}],"wp:term":[{"taxonomy":"category","embeddable":true,"href":"https:\/\/fmlibertadfeliciano.com.ar\/index.php?rest_route=%2Fwp%2Fv2%2Fcategories&post=1888"},{"taxonomy":"post_tag","embeddable":true,"href":"https:\/\/fmlibertadfeliciano.com.ar\/index.php?rest_route=%2Fwp%2Fv2%2Ftags&post=1888"}],"curies":[{"name":"wp","href":"https:\/\/api.w.org\/{rel}","templated":true}]}}