{"id":1889,"date":"2025-11-08T14:22:58","date_gmt":"2025-11-08T14:22:58","guid":{"rendered":"https:\/\/fmlibertadfeliciano.com.ar\/?p=1889"},"modified":"2025-11-08T14:22:58","modified_gmt":"2025-11-08T14:22:58","slug":"titulo-de-la-entrada","status":"publish","type":"post","link":"https:\/\/fmlibertadfeliciano.com.ar\/?p=1889","title":{"rendered":"T\u00edtulo de la entrada"},"content":{"rendered":"<p>\u200b\u00a0<\/p>\n<p>\u200b\u00a0<\/p>\n<p>\u200b<\/p>\n<p><strong>En el marco de las visitas organizadas por el Ente de Desarrollo Aerocomercial del Aeropuerto de Concordia (EDAAC), representantes de distintas instituciones y organismos p\u00fablicos y privados recorrieron las instalaciones de la nueva terminal a\u00e9rea \u201cComodoro J. J. Pierrestegui\u201d.<\/strong><\/p>\n<figure class=\"wp-block-image size-large\"><img loading=\"lazy\" decoding=\"async\" width=\"1024\" height=\"575\" src=\"https:\/\/www.entrerrianodigital.com\/wp-content\/uploads\/2025\/07\/aeropuertosConcordia-1024x575.jpg\" alt=\"\" class=\"wp-image-8977\" \/><\/figure>\n<p>La iniciativa busca fortalecer el v\u00ednculo entre la comunidad y el aeropuerto, promoviendo que cada concordiense sienta este espacio como parte de su identidad y comprendiendo su importancia estrat\u00e9gica para el desarrollo econ\u00f3mico, productivo y tur\u00edstico de toda la regi\u00f3n.<\/p>\n<figure class=\"wp-block-image size-large\"><img loading=\"lazy\" decoding=\"async\" width=\"1024\" height=\"617\" src=\"https:\/\/www.entrerrianodigital.com\/wp-content\/uploads\/2025\/11\/aeropuerto-concordia-visitas-nov-1024x617.jpg\" alt=\"\" class=\"wp-image-12547\" \/><\/figure>\n<p><strong>Durante la recorrida, los representantes destacaron el valor que esta infraestructura aporta a la conectividad, competitividad y crecimiento de Concordia, abriendo nuevas oportunidades para los sectores p\u00fablico y privado.<\/strong><\/p>\n<div class=\"entre-grupo-slider-rotativo-entre-noticias-pc\">\n<div class=\"ed-banner\"><img loading=\"lazy\" decoding=\"async\" src=\"https:\/\/www.entrerrianodigital.com\/wp-content\/uploads\/2024\/11\/07-728-x-90-PW-Agosto-arbolado.jpg\" alt=\"\" width=\"728\" height=\"90\" \/><\/div>\n<\/div>\n<p>La entrada <a href=\"https:\/\/www.entrerrianodigital.com\/12546-2\/\"><\/a> se public\u00f3 primero en <a href=\"https:\/\/www.entrerrianodigital.com\/\">Entrerriano Digital<\/a>.<\/p>\n<p>\u00a0La visita fue organizada por el EDAAC para fortalecer el v\u00ednculo entre la comunidad y el aeropuerto \u201cComodoro Pierrestegui\u201d.<br \/>\nLa entrada  se public\u00f3 primero en Entrerriano Digital.<\/p>","protected":false},"excerpt":{"rendered":"<div class=\"mh-excerpt\"><p>\u200b\u00a0 \u200b\u00a0 \u200b En el marco de las visitas organizadas por el Ente de Desarrollo Aerocomercial del Aeropuerto de Concordia (EDAAC), representantes de distintas instituciones <a class=\"mh-excerpt-more\" href=\"https:\/\/fmlibertadfeliciano.com.ar\/?p=1889\" title=\"T\u00edtulo de la entrada\">[&#8230;]<\/a><\/p>\n<\/div>","protected":false},"author":1,"featured_media":1890,"comment_status":"open","ping_status":"open","sticky":false,"template":"","format":"standard","meta":{"footnotes":""},"categories":[1],"tags":[],"class_list":["post-1889","post","type-post","status-publish","format-standard","has-post-thumbnail","hentry","category-sin-categoria"],"_links":{"self":[{"href":"https:\/\/fmlibertadfeliciano.com.ar\/index.php?rest_route=\/wp\/v2\/posts\/1889","targetHints":{"allow":["GET"]}}],"collection":[{"href":"https:\/\/fmlibertadfeliciano.com.ar\/index.php?rest_route=\/wp\/v2\/posts"}],"about":[{"href":"https:\/\/fmlibertadfeliciano.com.ar\/index.php?rest_route=\/wp\/v2\/types\/post"}],"author":[{"embeddable":true,"href":"https:\/\/fmlibertadfeliciano.com.ar\/index.php?rest_route=\/wp\/v2\/users\/1"}],"replies":[{"embeddable":true,"href":"https:\/\/fmlibertadfeliciano.com.ar\/index.php?rest_route=%2Fwp%2Fv2%2Fcomments&post=1889"}],"version-history":[{"count":0,"href":"https:\/\/fmlibertadfeliciano.com.ar\/index.php?rest_route=\/wp\/v2\/posts\/1889\/revisions"}],"wp:featuredmedia":[{"embeddable":true,"href":"https:\/\/fmlibertadfeliciano.com.ar\/index.php?rest_route=\/wp\/v2\/media\/1890"}],"wp:attachment":[{"href":"https:\/\/fmlibertadfeliciano.com.ar\/index.php?rest_route=%2Fwp%2Fv2%2Fmedia&parent=1889"}],"wp:term":[{"taxonomy":"category","embeddable":true,"href":"https:\/\/fmlibertadfeliciano.com.ar\/index.php?rest_route=%2Fwp%2Fv2%2Fcategories&post=1889"},{"taxonomy":"post_tag","embeddable":true,"href":"https:\/\/fmlibertadfeliciano.com.ar\/index.php?rest_route=%2Fwp%2Fv2%2Ftags&post=1889"}],"curies":[{"name":"wp","href":"https:\/\/api.w.org\/{rel}","templated":true}]}}