{"id":1891,"date":"2025-11-08T02:50:24","date_gmt":"2025-11-08T02:50:24","guid":{"rendered":"https:\/\/fmlibertadfeliciano.com.ar\/?p=1891"},"modified":"2025-11-08T02:50:24","modified_gmt":"2025-11-08T02:50:24","slug":"una-facultad-de-uader-lanza-la-primera-tecnicatura-en-inteligencia-artificial","status":"publish","type":"post","link":"https:\/\/fmlibertadfeliciano.com.ar\/?p=1891","title":{"rendered":"Una facultad de Uader lanza la primera Tecnicatura en Inteligencia Artificial"},"content":{"rendered":"<p>\u200b\u00a0<\/p>\n<p>\u200b\u00a0<\/p>\n<p>\u200b<span class=\"cb-itemprop\"><\/span><\/p>\n<p>\u00a0<\/p>\n<p>La Facultad de Ciencia y Tecnolog\u00eda de la Universidad Aut\u00f3noma de Entre R\u00edos (Uader) present\u00f3 oficialmente la Tecnicatura Universitaria en Inteligencia Artificial, \u201cuna propuesta innovadora que marca un hito para la instituci\u00f3n y para la Universidad\u201d, seg\u00fan resaltaron desde esa unidad acad\u00e9mica.<\/p>\n<p>El acto de presentaci\u00f3n y firma del convenio que dar\u00e1 lugar a la primera cohorte se realizar\u00e1 el martes 11, a las 10, en la Sede Central de Oro Verde (Ruta 11, km 10,5).<\/p>\n<p>El acuerdo ser\u00e1 rubricado por el decano de la Facultad de Ciencia y Tecnolog\u00eda, Juan Pablo Filipuzzi; el intendente de Villaguay, Adri\u00e1n Fuertes; y el presidente de la Asociaci\u00f3n Cooperadora de la Facultad, Franco Virjan.<\/p>\n<p>Se trata de la primera carrera de la Uader que incorpora el Sistema de Cr\u00e9ditos Acad\u00e9micos, reconociendo el tiempo de trabajo aut\u00f3nomo de las y los estudiantes y poniendo especial \u00e9nfasis en la formaci\u00f3n pr\u00e1ctica.<\/p>\n<p>La primera cohorte de la Tecnicatura se dictar\u00e1 en la Sede Villaguay, con una duraci\u00f3n total de dos a\u00f1os y en modalidad presencial, combinando clases en sede con instancias de videoconferencia.<\/p>\n<p>La oferta acad\u00e9mica, explicitaron, surge como respuesta a una demanda concreta de la regi\u00f3n, donde la Facultad de Ciencia y Tecnolog\u00eda cuenta con m\u00e1s de 200 estudiantes en las carreras de Producci\u00f3n Agropecuaria, y consolida a Villaguay como un polo estrat\u00e9gico por su ubicaci\u00f3n central en la provincia.<\/p>\n<p>Se trata de una carrera autofinanciada, que cumple con todos los requisitos establecidos por los organismos nacionales de evaluaci\u00f3n de carreras, garantizando est\u00e1ndares acad\u00e9micos y de calidad acordes con las exigencias del sistema universitario argentino.<\/p>\n<p>Este nuevo paso que da la Facultad de Ciencia y Tecnolog\u00eda se enmarca en los compromisos asumidos por el equipo de conducci\u00f3n a trav\u00e9s del Programa M\u00e1s Futuro del Plan de Gesti\u00f3n Institucional, reafirmando la apuesta por fortalecer, diversificar y actualizar la oferta acad\u00e9mica de la provincia, en sinton\u00eda con los desaf\u00edos y oportunidades del presente.<\/p>\n<p>\u00a0<\/p>\n<p>De la Redacci\u00f3n de Entre R\u00edos Ahora<\/p>\n<p>\u00a0<\/p>\n<p>\u00a0\u00a0 La Facultad de Ciencia y Tecnolog\u00eda de la Universidad Aut\u00f3noma de Entre R\u00edos (Uader) present\u00f3 oficialmente la Tecnicatura Universitaria en Inteligencia Artificial, \u201cuna propuesta innovadora que marca un hito para la instituci\u00f3n y para la Universidad\u201d, seg\u00fan resaltaron desde esa unidad acad\u00e9mica. El acto de presentaci\u00f3n y firma del convenio que dar\u00e1 lugar a<\/p>","protected":false},"excerpt":{"rendered":"<div class=\"mh-excerpt\"><p>\u200b\u00a0 \u200b\u00a0 \u200b \u00a0 La Facultad de Ciencia y Tecnolog\u00eda de la Universidad Aut\u00f3noma de Entre R\u00edos (Uader) present\u00f3 oficialmente la Tecnicatura Universitaria en Inteligencia <a class=\"mh-excerpt-more\" href=\"https:\/\/fmlibertadfeliciano.com.ar\/?p=1891\" title=\"Una facultad de Uader lanza la primera Tecnicatura en Inteligencia Artificial\">[&#8230;]<\/a><\/p>\n<\/div>","protected":false},"author":1,"featured_media":0,"comment_status":"open","ping_status":"open","sticky":false,"template":"","format":"standard","meta":{"footnotes":""},"categories":[1],"tags":[],"class_list":["post-1891","post","type-post","status-publish","format-standard","hentry","category-sin-categoria"],"_links":{"self":[{"href":"https:\/\/fmlibertadfeliciano.com.ar\/index.php?rest_route=\/wp\/v2\/posts\/1891","targetHints":{"allow":["GET"]}}],"collection":[{"href":"https:\/\/fmlibertadfeliciano.com.ar\/index.php?rest_route=\/wp\/v2\/posts"}],"about":[{"href":"https:\/\/fmlibertadfeliciano.com.ar\/index.php?rest_route=\/wp\/v2\/types\/post"}],"author":[{"embeddable":true,"href":"https:\/\/fmlibertadfeliciano.com.ar\/index.php?rest_route=\/wp\/v2\/users\/1"}],"replies":[{"embeddable":true,"href":"https:\/\/fmlibertadfeliciano.com.ar\/index.php?rest_route=%2Fwp%2Fv2%2Fcomments&post=1891"}],"version-history":[{"count":0,"href":"https:\/\/fmlibertadfeliciano.com.ar\/index.php?rest_route=\/wp\/v2\/posts\/1891\/revisions"}],"wp:attachment":[{"href":"https:\/\/fmlibertadfeliciano.com.ar\/index.php?rest_route=%2Fwp%2Fv2%2Fmedia&parent=1891"}],"wp:term":[{"taxonomy":"category","embeddable":true,"href":"https:\/\/fmlibertadfeliciano.com.ar\/index.php?rest_route=%2Fwp%2Fv2%2Fcategories&post=1891"},{"taxonomy":"post_tag","embeddable":true,"href":"https:\/\/fmlibertadfeliciano.com.ar\/index.php?rest_route=%2Fwp%2Fv2%2Ftags&post=1891"}],"curies":[{"name":"wp","href":"https:\/\/api.w.org\/{rel}","templated":true}]}}