{"id":1892,"date":"2025-11-08T02:18:39","date_gmt":"2025-11-08T02:18:39","guid":{"rendered":"https:\/\/fmlibertadfeliciano.com.ar\/?p=1892"},"modified":"2025-11-08T02:18:39","modified_gmt":"2025-11-08T02:18:39","slug":"fumigaciones-fiscalia-defiende-constitucionalidad-de-las-distancias","status":"publish","type":"post","link":"https:\/\/fmlibertadfeliciano.com.ar\/?p=1892","title":{"rendered":"Fumigaciones: Fiscal\u00eda defiende constitucionalidad de las distancias"},"content":{"rendered":"<p>\u200b\u00a0<\/p>\n<p>\u200b\u00a0<\/p>\n<p>\u200b<span class=\"cb-itemprop\"><\/span><\/p>\n<p>\u00a0<\/p>\n<p>\u00a0<\/p>\n<p>La Justicia debe resolver si declara la inconstitucionalidad dos art\u00edculos de la Ley N\u00ba 11.178 \u201cDe las buenas pr\u00e1cticas en materia fitosanitarios\u201d, sancionada el 19 de diciembre de 2024 por la Legislatura, que refieren a las distintas de fumigaci\u00f3n.<\/p>\n<p>El planteo lo hizo un vecino de Aldea Salto, departamento Diamante, Gerardo Ariel Gareis, que logr\u00f3 que la vocal de la C\u00e1mara en lo Contencioso Administrativa de Paran\u00e1, Adriana Beatriz Acevedo, hiciera lugar a una medida cautela y ordenara la \u201csuspensi\u00f3n inmediata de fumigaciones a\u00e9reas\u201d con uso de drones en la parcela lindante a su vivienda.<\/p>\n<p>Gareis refiri\u00f3 en su planteo judicial al da\u00f1o gen\u00e9tico comprobado en su hija menor de edad como consecuencia del accionar de sus vecinos, quienes durante un largo tiempo vienen llevando a cabo tareas de fumigaci\u00f3n \u00e1rea y terrestre con agrot\u00f3xicos, poniendo en alt\u00edsimo riesgo la vida y salud de su familia, en manifiesta violaci\u00f3n, sostiene, al derecho a un ambiente sano.<\/p>\n<p>Pero despu\u00e9s de aceptar la medida cautelar pedida por Gareis, la Justicia debe resolver el planteo de fondo: declarar la inconstitucionalidad de los art\u00edculos 63\u00ba y 66\u00ba de la Ley N\u00ba 11.178. Y para eso este viernes se realiz\u00f3 una audiencia en Tribunales en la que las partes expusieron sus argumentos. Por la Provincia, lo hizo el fiscal de Estado Adjunto, Mart\u00edn Rettore Elena.<\/p>\n<p><em>-Esta discusi\u00f3n, el de las distintas para la fumigaci\u00f3n, ya no hab\u00eda sido saldada? <\/em><\/p>\n<p>-Hubo muchos fallos sobre el tema de las distintas de fumigaci\u00f3n, y todos los pronunciamientos terminaban instando a la Legislatura a sancionar una ley. Esa ley se sancion\u00f3. Fue una ley muy trabajada, que dio mucho trabajo para lograr los consensos necesarios para su sanci\u00f3n. Este es un tema muy sensible, sobre todo en una provincia como la de Entre R\u00edos, en la cual hay que convivir con este equilibrio entre la protecci\u00f3n al ambiente con la necesidad de la producci\u00f3n. en una provincia donde la pr\u00e1ctica de la agricultura es m\u00e1s que habitual.<\/p>\n<p><em>-\u00bfAc\u00e1 lo que se discute son las distancias o el uso de drones, que no est\u00e1 reglamentado? <\/em><\/p>\n<p>-En principio, yo creo que la cuesti\u00f3n va a estar desarrollada en las distancias. La cuesti\u00f3n de los drones est\u00e1 prevista en la ley, pero todav\u00eda no est\u00e1 dictada la reglamentaci\u00f3n para su aplicaci\u00f3n eficaz y eficiente. O sea, no es que est\u00e9 prohibido el uso de drones, sino que est\u00e1 previsto en la ley, pero todav\u00eda no se ha desarrollado la cuesti\u00f3n con respecto a la aplicaci\u00f3n. Pero entiendo que la discusi\u00f3n en esta causa va a estar dada por las distancias para la fumigaci\u00f3n. La Fiscal\u00eda de Estado plantea la defensa de esta ley. Hay informes t\u00e9cnicos muy s\u00f3lidos que han desarrollado todos los estudios pertinentes para lograr una norma que sea aplicable.<\/p>\n<p><em>-Sancionada la ley, \u00bfla Justicia puede intentar legislar en materia de distancias cuando hay una normativa que lo contempla?<\/em><\/p>\n<p>-La tacha de inconstitucionalidad de una norma es la sanci\u00f3n m\u00e1s fuerte, m\u00e1s grave que tiene el ordenamiento jur\u00eddico. Nosotros entendemos que est\u00e1 efectivamente y adecuadamente fundada la cuesti\u00f3n de las distancias en informes t\u00e9cnicos y cient\u00edficos. Esto se debati\u00f3 en esta audiencia de conciliaci\u00f3n que tuvimos este viernes. Pero estando en juego la constitucionalidad de una norma est\u00e1 claro que no puede haber ning\u00fan tipo de conciliaci\u00f3n al respecto.<\/p>\n<p>-\u00bfY qu\u00e9 tiempos tiene ahora la jueza para resolver?<\/p>\n<p>-Se abri\u00f3 un per\u00edodo de prueba, en el cual hay que producir bastante cantidad de pruebas, de informes de parte de profesionales de la salud, de ingenieros agr\u00f3nomos, bi\u00f3logos, que van a van a tener que emitir una opini\u00f3n, para luego conocer la sentencia.<\/p>\n<p><em>-\u00bfEso no se discuti\u00f3 ya en la Legislatura antes de sancionar la ley?<\/em><\/p>\n<p>-Exactamente. Nosotros lo planteamos en esos t\u00e9rminos. El planteo de fondo es que toda esta discusi\u00f3n se dio en el \u00e1mbito que corresponde, que es en la Legislatura de la provincia. Nosotros defendemos la legalidad y la constitucionalidad de la norma, porque creemos que fue hecha de la mejor manera y con todos los estudios cient\u00edficos que correspond\u00edan.<\/p>\n<p>\nDe la Redacci\u00f3n de Entre R\u00edos Ahora<\/p>\n<p>\u00a0<\/p>\n<p>\u00a0\u00a0 \u00a0 La Justicia debe resolver si declara la inconstitucionalidad dos art\u00edculos de la Ley N\u00ba 11.178 \u201cDe las buenas pr\u00e1cticas en materia fitosanitarios\u201d, sancionada el 19 de diciembre de 2024 por la Legislatura, que refieren a las distintas de fumigaci\u00f3n. El planteo lo hizo un vecino de Aldea Salto, departamento Diamante, Gerardo Ariel Gareis,<\/p>","protected":false},"excerpt":{"rendered":"<div class=\"mh-excerpt\"><p>\u200b\u00a0 \u200b\u00a0 \u200b \u00a0 \u00a0 La Justicia debe resolver si declara la inconstitucionalidad dos art\u00edculos de la Ley N\u00ba 11.178 \u201cDe las buenas pr\u00e1cticas en <a class=\"mh-excerpt-more\" href=\"https:\/\/fmlibertadfeliciano.com.ar\/?p=1892\" title=\"Fumigaciones: Fiscal\u00eda defiende constitucionalidad de las distancias\">[&#8230;]<\/a><\/p>\n<\/div>","protected":false},"author":1,"featured_media":0,"comment_status":"open","ping_status":"open","sticky":false,"template":"","format":"standard","meta":{"footnotes":""},"categories":[1],"tags":[],"class_list":["post-1892","post","type-post","status-publish","format-standard","hentry","category-sin-categoria"],"_links":{"self":[{"href":"https:\/\/fmlibertadfeliciano.com.ar\/index.php?rest_route=\/wp\/v2\/posts\/1892","targetHints":{"allow":["GET"]}}],"collection":[{"href":"https:\/\/fmlibertadfeliciano.com.ar\/index.php?rest_route=\/wp\/v2\/posts"}],"about":[{"href":"https:\/\/fmlibertadfeliciano.com.ar\/index.php?rest_route=\/wp\/v2\/types\/post"}],"author":[{"embeddable":true,"href":"https:\/\/fmlibertadfeliciano.com.ar\/index.php?rest_route=\/wp\/v2\/users\/1"}],"replies":[{"embeddable":true,"href":"https:\/\/fmlibertadfeliciano.com.ar\/index.php?rest_route=%2Fwp%2Fv2%2Fcomments&post=1892"}],"version-history":[{"count":0,"href":"https:\/\/fmlibertadfeliciano.com.ar\/index.php?rest_route=\/wp\/v2\/posts\/1892\/revisions"}],"wp:attachment":[{"href":"https:\/\/fmlibertadfeliciano.com.ar\/index.php?rest_route=%2Fwp%2Fv2%2Fmedia&parent=1892"}],"wp:term":[{"taxonomy":"category","embeddable":true,"href":"https:\/\/fmlibertadfeliciano.com.ar\/index.php?rest_route=%2Fwp%2Fv2%2Fcategories&post=1892"},{"taxonomy":"post_tag","embeddable":true,"href":"https:\/\/fmlibertadfeliciano.com.ar\/index.php?rest_route=%2Fwp%2Fv2%2Ftags&post=1892"}],"curies":[{"name":"wp","href":"https:\/\/api.w.org\/{rel}","templated":true}]}}