{"id":1893,"date":"2025-11-08T01:33:17","date_gmt":"2025-11-08T01:33:17","guid":{"rendered":"https:\/\/fmlibertadfeliciano.com.ar\/?p=1893"},"modified":"2025-11-08T01:33:17","modified_gmt":"2025-11-08T01:33:17","slug":"castrillon-durisimo-el-80-de-las-causas-en-la-justicia-se-arreglan","status":"publish","type":"post","link":"https:\/\/fmlibertadfeliciano.com.ar\/?p=1893","title":{"rendered":"Castrill\u00f3n, dur\u00edsimo: \u00abEl 80% de las causas en la Justicia se arreglan\u00bb"},"content":{"rendered":"<p>\u200b\u00a0<\/p>\n<p>\u200b\u00a0<\/p>\n<p>\u200b<span class=\"cb-itemprop\"><\/span><\/p>\n<p>\u00a0<\/p>\n<p>\u00a0<\/p>\n<p>-Vos imaginate que la chica, la senadora esta, que es de los dos partidos ahora, la senadora de Federal, \u00bfqu\u00e9 puede tener idea el sistema acusatorio?<\/p>\n<p><em>-\u00bfEst\u00e1 hablando la senadora Nancy Miranda? <\/em><\/p>\n<p>-Claro. \u00bfQu\u00e9 puede tener idea? No tiene idea.<\/p>\n<p>El expresidente del Superior Tribunal de Justicia (STJ), Emilio Aroldo Castrill\u00f3n, utiliza a una legisladora para hablar de su visi\u00f3n pesimista sobre el estado de un sector de la Justicia, el Ministerio P\u00fablico Fiscal, con cuyo jefe m\u00e1ximo, el Procurador Jorge Am\u00edlcar Garc\u00eda, tiene un entripado que no ha superado en a\u00f1os.<\/p>\n<p>Cuestiona el sistema de selecci\u00f3n de funcionarios del Poder Judicial a trav\u00e9s del Consejo de la Magistratura y se central en particular sobre la distribuci\u00f3n geogr\u00e1fica en la Provincia de los fiscales. Asevera que se ubican por cercan\u00eda y conveniencia, no por especialidad, y que ello deriva en situaciones enojosas que reprocha muy severamente.<\/p>\n<p>El exjuez habl\u00f3 con el programa <strong><em>Puro Cuento<\/em><\/strong> de <em>Radio Plaza 94.7.<\/em><\/p>\n<p><em>-Usted siempre ha sido cr\u00edtico del funcionamiento del Ministerio P\u00fablico Fiscal. Ha hablado concretamente de lo que ocurre en su departamento, La Paz. <\/em><\/p>\n<p>-Lo que m\u00e1s me preocupa es la inercia, la ineficacia de los distintos funcionarios que han pasado por la Secretar\u00eda de Justicia, el Ministerio de Gobierno, de los legisladores de la provincia de Entre R\u00edos. Desde la aplicaci\u00f3n del sistema acusatorio hasta la fecha, con una sola excepci\u00f3n, que es el Instituto de Derecho Penal del Colegio de la Abogac\u00eda, nadie ha puesto el tema en discusi\u00f3n. No tenemos fiscales de investigaci\u00f3n especializados en delitos contra la propiedad, contra la vida, contra la mujer, contra la ecolog\u00eda, contra todo. Cuando se llama concurso, se llama concurso para un lugar determinado, para un cargo determinado y con un acuerdo determinado del Senado.<\/p>\n<p>Castrill\u00f3n asegura que los postulantes a fiscales se presentan a los concursos para diez lugares distintos. \u201cLes dan acuerdo para una ciudad determinada, pero se quedan en los lugares que m\u00e1s les convienen. Entonces gana uno de Paran\u00e1, y queda trabajando en Paran\u00e1, pero le dieron acuerdo para fiscal en La Paz\u201d, detalla.<\/p>\n<p>\u201cNo son especialistas, no son de la zona, entonces toda la investigaci\u00f3n de los delitos depende de la Polic\u00eda. Y la Polic\u00eda si quiere, si le conviene, si se quiere meter, o si tiene inter\u00e9s, investiga. Entonces, \u00bfqu\u00e9 ocurre? En materia penal en Entre R\u00edos el 80% de las causas se archivan, no se encuentra nada. Y el 16% de las causas se arreglan. Esto es a lo que yo le llamo Derecho Penal contractual. Se arregla el fiscal con el defensor, y definen la pena, y se termina la causa porque se hizo el contrato de cu\u00e1nta pena le correspond\u00eda\u201d, subraya.<\/p>\n<p><em>-\u00bfHabla de juicio abreviado?<\/em><\/p>\n<p>-Exactamente. Es un contrato. Arreglan la pena y tambi\u00e9n arreglan el tipo penal. Y tambi\u00e9n arreglan los atenuantes o los agravantes de la pena. O sea, arreglan el C\u00f3digo Penal. Y queda un muy poco porcentaje en el cual se juega para la tribuna porque es un caso que tiene mucha significaci\u00f3n social. En esos casos, ponen toda la carne en el asador y buscan sacarlo bien.<\/p>\n<p><em>-\u00bfUsted dice que los fiscales concursan para determinado lugar que les conviene geogr\u00e1ficamente, por domicilio, por cercan\u00eda, por lo que fuera, pero no concursan por especialidad?<\/em><\/p>\n<p>-Concursan en 10 lugares juntos. Entonces, el primero termina eligiendo Paran\u00e1. El segundo, Concordia o Gualeguaych\u00fa. El tercero, Diamante, porque puede ir todos los d\u00edas a Paran\u00e1. Por ejemplo, el fiscal de La Paz (Facundo Barbosa, NdelR): gan\u00f3 un concurso para ser fiscal en Gualeguay. \u00bfD\u00f3nde tendr\u00eda que estar Barbosa? Le dieron acuerdo en Gualeguay. Bueno, pero ah\u00ed est\u00e1, en La Paz y no en Gualeguay.<\/p>\n<p><em>-\u00bfDe qui\u00e9n es la responsabilidad por esas situaciones?<\/em><\/p>\n<p>-Del jefe que quiere hacer lo que se le canta, que ser\u00eda el Procurador (Jorge Garc\u00eda, NdelR); de los senadores, que le dan acuerdo y no tienen la m\u00e1s remota idea del fiscal que le dan acuerdo y est\u00e1n viendo a ver qu\u00e9 pueden sacar de ventaja o c\u00f3mo pueden subsistir para la pr\u00f3xima elecci\u00f3n.<\/p>\n<p>Castrill\u00f3n habl\u00f3 del poder del Procurador Garc\u00eda y dijo que en su caso no consigue que ninguna de las 21 denuncias formuladas ante el Ministerio P\u00fablico Fiscal por robo en La Paz haya prosperado. \u201cTodas fueron archivadas\u201d, se\u00f1ala.<\/p>\n<p><em>-No imagino la suerte de un ciudadano com\u00fan si a un expresidente del Superior Tribunal no le tramitan las denuncias y se las archivan. <\/em><\/p>\n<p>-Lo m\u00edo es peor todav\u00eda, porque yo estuve siempre en la misma posici\u00f3n. Hay un mandato de ese sector de la acusaci\u00f3n en contra m\u00eda. Soy el \u00fanico funcionario del Superior Tribunal que por discutir con la Polic\u00eda y decirles que vayan a intervenir por una denuncia por ruidos molestos termin\u00e9 afuera del Poder Judicial. (La vocal) Susana Medina me quer\u00eda afuera porque yo le vot\u00e9 en contra en el juicio del marido (el m\u00e9dico traumat\u00f3logo Ricardo Rizzo, NdelR) que cobr\u00f3 siete a\u00f1os sin trabajar. No le conven\u00eda que est\u00e9 yo, porque ellos son todos buenitos.<\/p>\n<p>Vuelve sobre la figura del Procurador. Habl\u00f3 del Procurador como \u201cintocable. Le tienen miedo. El Procurador es capaz y sabe.\u00a0 Pero tambi\u00e9n sabe ejercer el poder de una forma tal para que todo el mundo le tenga miedo. Es hasta cierto punto da\u00f1ino el Procurador. Lo digo siempre. Lamentablemente no son burros. El Procurador es m\u00e1s peligroso todav\u00eda: es inteligente\u201d.<\/p>\n<p>\u00a0<\/p>\n<p>De la Redacci\u00f3n de Entre R\u00edos Ahora<\/p>\n<p>\u00a0\u00a0 \u00a0 -Vos imaginate que la chica, la senadora esta, que es de los dos partidos ahora, la senadora de Federal, \u00bfqu\u00e9 puede tener idea el sistema acusatorio? -\u00bfEst\u00e1 hablando la senadora Nancy Miranda? -Claro. \u00bfQu\u00e9 puede tener idea? No tiene idea. El expresidente del Superior Tribunal de Justicia (STJ), Emilio Aroldo Castrill\u00f3n, utiliza a<\/p>","protected":false},"excerpt":{"rendered":"<div class=\"mh-excerpt\"><p>\u200b\u00a0 \u200b\u00a0 \u200b \u00a0 \u00a0 -Vos imaginate que la chica, la senadora esta, que es de los dos partidos ahora, la senadora de Federal, \u00bfqu\u00e9 <a class=\"mh-excerpt-more\" href=\"https:\/\/fmlibertadfeliciano.com.ar\/?p=1893\" title=\"Castrill\u00f3n, dur\u00edsimo: \u00abEl 80% de las causas en la Justicia se arreglan\u00bb\">[&#8230;]<\/a><\/p>\n<\/div>","protected":false},"author":1,"featured_media":0,"comment_status":"open","ping_status":"open","sticky":false,"template":"","format":"standard","meta":{"footnotes":""},"categories":[1],"tags":[],"class_list":["post-1893","post","type-post","status-publish","format-standard","hentry","category-sin-categoria"],"_links":{"self":[{"href":"https:\/\/fmlibertadfeliciano.com.ar\/index.php?rest_route=\/wp\/v2\/posts\/1893","targetHints":{"allow":["GET"]}}],"collection":[{"href":"https:\/\/fmlibertadfeliciano.com.ar\/index.php?rest_route=\/wp\/v2\/posts"}],"about":[{"href":"https:\/\/fmlibertadfeliciano.com.ar\/index.php?rest_route=\/wp\/v2\/types\/post"}],"author":[{"embeddable":true,"href":"https:\/\/fmlibertadfeliciano.com.ar\/index.php?rest_route=\/wp\/v2\/users\/1"}],"replies":[{"embeddable":true,"href":"https:\/\/fmlibertadfeliciano.com.ar\/index.php?rest_route=%2Fwp%2Fv2%2Fcomments&post=1893"}],"version-history":[{"count":0,"href":"https:\/\/fmlibertadfeliciano.com.ar\/index.php?rest_route=\/wp\/v2\/posts\/1893\/revisions"}],"wp:attachment":[{"href":"https:\/\/fmlibertadfeliciano.com.ar\/index.php?rest_route=%2Fwp%2Fv2%2Fmedia&parent=1893"}],"wp:term":[{"taxonomy":"category","embeddable":true,"href":"https:\/\/fmlibertadfeliciano.com.ar\/index.php?rest_route=%2Fwp%2Fv2%2Fcategories&post=1893"},{"taxonomy":"post_tag","embeddable":true,"href":"https:\/\/fmlibertadfeliciano.com.ar\/index.php?rest_route=%2Fwp%2Fv2%2Ftags&post=1893"}],"curies":[{"name":"wp","href":"https:\/\/api.w.org\/{rel}","templated":true}]}}