{"id":1895,"date":"2025-11-09T14:02:37","date_gmt":"2025-11-09T14:02:37","guid":{"rendered":"https:\/\/fmlibertadfeliciano.com.ar\/?p=1895"},"modified":"2025-11-09T14:02:37","modified_gmt":"2025-11-09T14:02:37","slug":"colectividades","status":"publish","type":"post","link":"https:\/\/fmlibertadfeliciano.com.ar\/?p=1895","title":{"rendered":"Colectividades"},"content":{"rendered":"<p>\u200b\u00a0<\/p>\n<p>\u200b\u00a0<\/p>\n<p>\u200b<span class=\"cb-itemprop\"><\/span><\/p>\n<p>\u00a0<\/p>\n<p>\u00a0<\/p>\n<p>La tradicional Feria de las Colectividades comenz\u00f3 en Sala Mayo este s\u00e1bado, ofreciendo un vibrante recorrido que celebra el aporte de las inmigraciones al coraz\u00f3n cultural de la ciudad. El evento incluye exposiciones, m\u00fasica, danza, teatro y gastronomia t\u00edpica de distintas partes del mundo. La feria y el patio de comidas contin\u00faan este domingo 9 de noviembre, a partir de las 17, con entrada libre y gratuita. La 34\u00aa edici\u00f3n de la Feria y el 7\u00ba Festival Patio Sabores es una propuesta de la Uni\u00f3n de Colectividades de Entre R\u00edos, con el acompa\u00f1amiento de la Municipalidad y la Confederaci\u00f3n Argentina de Colectividades, que representa la hermandad y convivencia pac\u00edfica, donde se muestran tradiciones y se comparte la cultura de los diferentes pueblos. \u00abPara el Municipio es muy importante que se haga una nueva edici\u00f3n de la Feria de las Colectividades, porque Paran\u00e1 est\u00e1 formada por inmigrantes de todas las partes del mundo\u00bb, indic\u00f3 el Jefe de Gabinete de la Municipalidad, Santiago Halle. En ese marco, destac\u00f3 que \u201cla uni\u00f3n de todas las colectividades es algo poco com\u00fan en el mundo y aqu\u00ed en Argentina lo podemos disfrutar, por lo que es importante fortalecer estos espacios porque sabemos que las ciudades no son solo Leyes y edificios, sino tambi\u00e9n la base de la instituci\u00f3n invisible, que incluye el respeto\u201d. El director General de Colectividades de la Municipalidad y presidente de la Uni\u00f3n de Colectividades de Entre R\u00edos, Sebasti\u00e1n Tommasi, comparti\u00f3 su entusiasmo por la gran convocatoria de este a\u00f1o: \u201cEs una noche espl\u00e9ndida, con mucha gente acompa\u00f1ando. Las colectividades est\u00e1n poniendo todo lo que tienen, buscando superar cada a\u00f1o las expectativas\u201d, coment\u00f3, y luego destac\u00f3 la inclusi\u00f3n de nuevas iniciativas, como un auditorio para disertaciones, que complementan las actividades culturales y gastron\u00f3micas. El presidente de la Confederaci\u00f3n Argentina de Colectividades, Jos\u00e9 Gareis, tambi\u00e9n se mostr\u00f3 satisfecho con el desarrollo de la feria. \u201cEsta actividad destaca la oportunidad de disfrutar de los sabores de las colectividades y los n\u00fameros art\u00edsticos. Es una celebraci\u00f3n de la uni\u00f3n de los pueblos, que refleja el origen migrante de Argentina\u201d, mencion\u00f3 Gareis, quien tambi\u00e9n agradeci\u00f3 el apoyo del Estado municipal.<\/p>\n<p>\u00a0<\/p>\n<p>\u00a0<\/p>\n<p>De la Redacci\u00f3n de Entre R\u00edos Ahora<\/p>\n<p>\u00a0\u00a0 \u00a0 La tradicional Feria de las Colectividades comenz\u00f3 en Sala Mayo este s\u00e1bado, ofreciendo un vibrante recorrido que celebra el aporte de las inmigraciones al coraz\u00f3n cultural de la ciudad. El evento incluye exposiciones, m\u00fasica, danza, teatro y gastronomia t\u00edpica de distintas partes del mundo. La feria y el patio de comidas contin\u00faan este<\/p>","protected":false},"excerpt":{"rendered":"<div class=\"mh-excerpt\"><p>\u200b\u00a0 \u200b\u00a0 \u200b \u00a0 \u00a0 La tradicional Feria de las Colectividades comenz\u00f3 en Sala Mayo este s\u00e1bado, ofreciendo un vibrante recorrido que celebra el aporte <a class=\"mh-excerpt-more\" href=\"https:\/\/fmlibertadfeliciano.com.ar\/?p=1895\" title=\"Colectividades\">[&#8230;]<\/a><\/p>\n<\/div>","protected":false},"author":1,"featured_media":0,"comment_status":"open","ping_status":"open","sticky":false,"template":"","format":"standard","meta":{"footnotes":""},"categories":[1],"tags":[],"class_list":["post-1895","post","type-post","status-publish","format-standard","hentry","category-sin-categoria"],"_links":{"self":[{"href":"https:\/\/fmlibertadfeliciano.com.ar\/index.php?rest_route=\/wp\/v2\/posts\/1895","targetHints":{"allow":["GET"]}}],"collection":[{"href":"https:\/\/fmlibertadfeliciano.com.ar\/index.php?rest_route=\/wp\/v2\/posts"}],"about":[{"href":"https:\/\/fmlibertadfeliciano.com.ar\/index.php?rest_route=\/wp\/v2\/types\/post"}],"author":[{"embeddable":true,"href":"https:\/\/fmlibertadfeliciano.com.ar\/index.php?rest_route=\/wp\/v2\/users\/1"}],"replies":[{"embeddable":true,"href":"https:\/\/fmlibertadfeliciano.com.ar\/index.php?rest_route=%2Fwp%2Fv2%2Fcomments&post=1895"}],"version-history":[{"count":0,"href":"https:\/\/fmlibertadfeliciano.com.ar\/index.php?rest_route=\/wp\/v2\/posts\/1895\/revisions"}],"wp:attachment":[{"href":"https:\/\/fmlibertadfeliciano.com.ar\/index.php?rest_route=%2Fwp%2Fv2%2Fmedia&parent=1895"}],"wp:term":[{"taxonomy":"category","embeddable":true,"href":"https:\/\/fmlibertadfeliciano.com.ar\/index.php?rest_route=%2Fwp%2Fv2%2Fcategories&post=1895"},{"taxonomy":"post_tag","embeddable":true,"href":"https:\/\/fmlibertadfeliciano.com.ar\/index.php?rest_route=%2Fwp%2Fv2%2Ftags&post=1895"}],"curies":[{"name":"wp","href":"https:\/\/api.w.org\/{rel}","templated":true}]}}