{"id":1897,"date":"2025-11-09T03:09:10","date_gmt":"2025-11-09T03:09:10","guid":{"rendered":"https:\/\/fmlibertadfeliciano.com.ar\/?p=1897"},"modified":"2025-11-10T11:13:41","modified_gmt":"2025-11-10T11:13:41","slug":"denuncia-en-humanidades-que-dijo-el-tribunal-de-etica-del-colegio-de-psicologos","status":"publish","type":"post","link":"https:\/\/fmlibertadfeliciano.com.ar\/?p=1897","title":{"rendered":"Denuncia en Humanidades: qu\u00e9 dijo el Tribunal de \u00c9tica del Colegio de Psic\u00f3logos"},"content":{"rendered":"<p>\u200b\u00a0<\/p>\n<p>\u200b\u00a0<\/p>\n<p>\u200b<span class=\"cb-itemprop\"><\/span><\/p>\n<p>\u00a0<\/p>\n<p>El Tribunal de \u00c9tica del Colegio de Psic\u00f3logos de Entre R\u00edos se pronunci\u00f3 a ra\u00edz de las denuncias por abuso y acoso que recayeron sobre el psic\u00f3logo rosarino Javier P\u00e9rez, que en redes se presenta como \u201cDoctor Chinaski\u201d, que fuera docente en la carrera de Psicolog\u00eda de la Facultad de Humanidades de la Universidad Aut\u00f3noma de Entre R\u00edos (Uader), quien habl\u00f3 de relaciones sexuales que se dar\u00edan en el marco de las terapias.<\/p>\n<p>\u201cConsideramos que lo planteado, adem\u00e1s de un grosero error t\u00e9cnico, constituye un acto abusivo con la persona que consulta, en vista de hacer un mal uso del lugar que la posici\u00f3n de terapeuta conlleva. Asimismo, resulta violatorio de art\u00edculos presentes en nuestros c\u00f3digos deontol\u00f3gicos\u201d, plante\u00f3 el Tribunal de \u00c9tica del Colegio de Psic\u00f3logos de Entre R\u00edos. \u00a0\u201cPor otra parte \u2013agreg\u00f3-, en el \u00e1mbito local, preocupa la informaci\u00f3n reciente que ha circulado en redes sociales en cuanto a comportamientos de colegas que estar\u00edan re\u00f1idos con las normativas presentes en los c\u00f3digos de \u00e9tica que regulan nuestra pr\u00e1ctica profesional\u201d.<\/p>\n<p>En su perfil de Instagram aparece como \u201cDoctor Chinaski\u201d y tiene 342 mil seguidores. En realidad, es un psic\u00f3logo rosarino que se llamada Javier P\u00e9rez, que hasta 2019 fue docente en la carrera de Psicolog\u00eda de la Facultad de Humanidades de la Universidad Aut\u00f3noma de Entre R\u00edos (Uader).<\/p>\n<p>Una intervenci\u00f3n de \u201cDoctor Chinaski\u201d en un streaming desat\u00f3 una ola de denuncias entre estudiantes de la carrera de Psicolog\u00eda de Humanidades . \u201cSiempre que viene una chica que se autopercibe linda al consultorio, m\u00e1s temprano que tarde te propone pasar a otra cosa en lugar del an\u00e1lisis. Te quieren garchar\u201d.\u00a0 Y ante la pregunta de \u201csi le ha pasado\u201d, el profesional no dud\u00f3 en responder: \u201cS\u00ed, por supuesto\u201d. Insistieron: \u201c\u00bfC\u00f3mo lo maneja, doc?\u201d. Y contesta: \u201cNo, yo estoy con el psicoan\u00e1lisis. Estoy enamorado del psicoan\u00e1lisis\u201d.<\/p>\n<p>Enseguida aclar\u00f3 que \u201cno hay un impedimento moral. No es que el psic\u00f3logo no puede coger con los pacientes. Es un impedimento l\u00f3gico. Si vos coges con los pacientes, no los podes analizar\u201d. Pero en todo caso, desliz\u00f3 que podr\u00eda darse \u201csi lo hace prolijamente\u201d el profesional y deriva a la paciente a otro analista. \u201cA m\u00ed no me ha pasado\u201d, apunt\u00f3.<\/p>\n<p>En su pronunciamiento, el Tribunal de \u00c9tica rechaz\u00f3 y repudi\u00f3 \u201ccualquier ejercicio de violencia, abuso y\/o discriminaci\u00f3n sustentado en posturas asim\u00e9tricas de poder, como as\u00ed tambi\u00e9n la naturalizaci\u00f3n de ciertas pr\u00e1cticas que denigran el ejercicio profesional\u201d.<\/p>\n<p>Octavio Filipuzzi, presidente del Colegio de Psic\u00f3logos de Entre R\u00edos, tambi\u00e9n rechaz\u00f3 las aseveraciones del \u201cDoctor Chinaski\u201d. En declaraciones al programa <em><strong>Puro Cuento<\/strong><\/em> de <em>Radio Plaza 94.7,<\/em> Filipuzzi plante\u00f3: \u201cRepudio lo dicho por este psic\u00f3logo. Creo que lo que dijo le hace mal a la Psicolog\u00eda, nos hace muy mal a todos. A m\u00ed me caus\u00f3 un profundo dolor, porque nosotros estamos trabajando incansablemente para posicionar la Psicolog\u00eda. Es una barbaridad lo que dijo\u201d.<\/p>\n<p>El Colegio de Psic\u00f3logos respondi\u00f3 un oficio que le envi\u00f3 el Ministerio P\u00fablico Fiscal, que abri\u00f3 causa de oficio. Pero Filipuzzi descart\u00f3 llevar adelante ning\u00fan proceso en contra del \u201cDoctor Chinaski\u201d por cuanto \u201cnunca estuvo matriculado en la Provincia. En los a\u00f1os en los que estuvo siendo docente en la Facultad \u00a0de Humanidades no estuvo matriculado. Por lo tanto, nosotros tampoco podr\u00edamos haberlo sancionado\u201d.<\/p>\n<blockquote class=\"wp-embedded-content\" data-secret=\"hHLVqHYg27\">\n<p><a href=\"https:\/\/entreriosahora.com\/un-psicologo-bocon-dispara-denuncias-y-abre-investigacion-en-uader\/\">Un psic\u00f3logo boc\u00f3n dispara denuncias y abre investigaci\u00f3n en Uader<\/a><\/p>\n<\/blockquote>\n<p><strong>El pronunciamiento<\/strong><\/p>\n<p>Los integrantes del Tribunal de \u00c9tica del Colegio de Profesionales de la Psicolog\u00eda de Entre R\u00edos, transmitimos nuestra preocupaci\u00f3n por los sucesos de p\u00fablico conocimiento referidos a los dichos, a nivel nacional, del Lic. Javier P\u00e9rez (quien se presenta en redes sociales bajo el nombre de \u201cDr. Chinaski\u201d), quien plante\u00f3, en un programa de streaming, que habr\u00eda una forma prolija de pasar de una relaci\u00f3n terap\u00e9utica a una sentimental con una paciente.<\/p>\n<p>Consideramos que lo planteado, adem\u00e1s de un grosero error t\u00e9cnico, constituye un acto abusivo con la persona que consulta, en vista de hacer un mal uso del lugar que la posici\u00f3n de terapeuta conlleva. Asimismo, resulta violatorio de art\u00edculos presentes en nuestros c\u00f3digos deontol\u00f3gicos.<\/p>\n<p>Por otra parte, en el \u00e1mbito local, preocupa la informaci\u00f3n reciente que ha circulado en redes sociales en cuanto a comportamientos de colegas que estar\u00edan re\u00f1idos con las normativas presentes en los c\u00f3digos de \u00e9tica que regulan nuestra pr\u00e1ctica profesional.<\/p>\n<p>En este sentido, rechazamos y repudiamos cualquier ejercicio de violencia, abuso y\/o discriminaci\u00f3n sustentado en posturas asim\u00e9tricas de poder, como as\u00ed tambi\u00e9n la naturalizaci\u00f3n de ciertas pr\u00e1cticas que denigran el ejercicio profesional, recordando que el C\u00f3digo de \u00c9tica de Fepra, en su art\u00edculo 3.1.1 dispone: \u201cLos psic\u00f3logos deber\u00e1n ser conscientes de la posici\u00f3n asim\u00e9trica que ocupan, bas\u00e1ndose en los principios \u00e9ticos y la responsabilidad profesional; absteni\u00e9ndose de satisfacer intereses personales que pudieran vulnerar los derechos de las personas.\u201d<\/p>\n<p>Por ello consideramos importante transmitir nuestro compromiso en tender puentes de comunicaci\u00f3n hacia las instituciones que reciban informaci\u00f3n acerca de actuaciones por parte de profesionales psic\u00f3logos que pudieran haber realizado comportamientos abusivos, discriminatorios o violentos hacia otras personas, lo cual no solo conlleva un maltrato hacia las mismas sino tambi\u00e9n un menoscabo del ejercicio profesional y al lazo establecido con la comunidad.<\/p>\n<p>Asimismo, instamos a la poblaci\u00f3n en general, a nuestros matriculados y todas las instituciones de nuestra provincia a poder comunicarse con este tribunal por los canales habilitados para ello.<\/p>\n<p>Finalmente, deseamos y promovemos que el ejercicio de los profesionales de la psicolog\u00eda sea guiado por la responsabilidad y \u00e9tica profesional como faros insoslayables, garantizando el respeto por los Derechos Humanos y la dignidad de las personas.-<\/p>\n<p>Lic. Maximiliano Bruera \u2013 Mat. N\u00b0 548<\/p>\n<p>Lic. Carlos G\u00f3mez \u2013 Mat. N\u00b0 19<\/p>\n<p>Lic. Mar\u00eda Jose\ufb01na Moro \u2013 Mat. N\u00b0 1110<\/p>\n<p>Lic. Emanuel Nesa \u2013 Mat. N\u00b0 538<\/p>\n<p>Lic. Agust\u00edn Guiller\u00f3n \u2013 Mat. N\u00b0 969<\/p>\n<p>Lic. Mar\u00eda Laura G\u00f3mez \u2013 Mat. N\u00b0 2045<\/p>\n<p>Ps. Del\ufb01na Castillo \u2013 Mat. N\u00b0 2010<\/p>\n<p>Lic. Andr\u00e9s Ijalba \u2013 Mat. N\u00b0 758<\/p>\n<p>\u00a0<\/p>\n<p>\u00a0<\/p>\n<p>De la Redacci\u00f3n de Entre R\u00edos Ahora<\/p>\n<p>\u00a0\u00a0 El Tribunal de \u00c9tica del Colegio de Psic\u00f3logos de Entre R\u00edos se pronunci\u00f3 a ra\u00edz de las denuncias por abuso y acoso que recayeron sobre el psic\u00f3logo rosarino Javier P\u00e9rez, que en redes se presenta como \u201cDoctor Chinaski\u201d, que fuera docente en la carrera de Psicolog\u00eda de la Facultad de Humanidades de la Universidad<\/p>","protected":false},"excerpt":{"rendered":"<div class=\"mh-excerpt\"><p>\u200b\u00a0 \u200b\u00a0 \u200b \u00a0 El Tribunal de \u00c9tica del Colegio de Psic\u00f3logos de Entre R\u00edos se pronunci\u00f3 a ra\u00edz de las denuncias por abuso y <a class=\"mh-excerpt-more\" href=\"https:\/\/fmlibertadfeliciano.com.ar\/?p=1897\" title=\"Denuncia en Humanidades: qu\u00e9 dijo el Tribunal de \u00c9tica del Colegio de Psic\u00f3logos\">[&#8230;]<\/a><\/p>\n<\/div>","protected":false},"author":1,"featured_media":1908,"comment_status":"open","ping_status":"open","sticky":false,"template":"","format":"standard","meta":{"footnotes":""},"categories":[1],"tags":[],"class_list":["post-1897","post","type-post","status-publish","format-standard","has-post-thumbnail","hentry","category-sin-categoria"],"_links":{"self":[{"href":"https:\/\/fmlibertadfeliciano.com.ar\/index.php?rest_route=\/wp\/v2\/posts\/1897","targetHints":{"allow":["GET"]}}],"collection":[{"href":"https:\/\/fmlibertadfeliciano.com.ar\/index.php?rest_route=\/wp\/v2\/posts"}],"about":[{"href":"https:\/\/fmlibertadfeliciano.com.ar\/index.php?rest_route=\/wp\/v2\/types\/post"}],"author":[{"embeddable":true,"href":"https:\/\/fmlibertadfeliciano.com.ar\/index.php?rest_route=\/wp\/v2\/users\/1"}],"replies":[{"embeddable":true,"href":"https:\/\/fmlibertadfeliciano.com.ar\/index.php?rest_route=%2Fwp%2Fv2%2Fcomments&post=1897"}],"version-history":[{"count":1,"href":"https:\/\/fmlibertadfeliciano.com.ar\/index.php?rest_route=\/wp\/v2\/posts\/1897\/revisions"}],"predecessor-version":[{"id":1909,"href":"https:\/\/fmlibertadfeliciano.com.ar\/index.php?rest_route=\/wp\/v2\/posts\/1897\/revisions\/1909"}],"wp:featuredmedia":[{"embeddable":true,"href":"https:\/\/fmlibertadfeliciano.com.ar\/index.php?rest_route=\/wp\/v2\/media\/1908"}],"wp:attachment":[{"href":"https:\/\/fmlibertadfeliciano.com.ar\/index.php?rest_route=%2Fwp%2Fv2%2Fmedia&parent=1897"}],"wp:term":[{"taxonomy":"category","embeddable":true,"href":"https:\/\/fmlibertadfeliciano.com.ar\/index.php?rest_route=%2Fwp%2Fv2%2Fcategories&post=1897"},{"taxonomy":"post_tag","embeddable":true,"href":"https:\/\/fmlibertadfeliciano.com.ar\/index.php?rest_route=%2Fwp%2Fv2%2Ftags&post=1897"}],"curies":[{"name":"wp","href":"https:\/\/api.w.org\/{rel}","templated":true}]}}