{"id":1898,"date":"2025-11-09T03:08:46","date_gmt":"2025-11-09T03:08:46","guid":{"rendered":"https:\/\/fmlibertadfeliciano.com.ar\/?p=1898"},"modified":"2025-11-09T03:08:46","modified_gmt":"2025-11-09T03:08:46","slug":"menos-carga-tributaria-la-apuesta-de-colon-para-atraer-inversiones","status":"publish","type":"post","link":"https:\/\/fmlibertadfeliciano.com.ar\/?p=1898","title":{"rendered":"Menos carga tributaria, la apuesta de Col\u00f3n para atraer inversiones"},"content":{"rendered":"<p>\u200b\u00a0<\/p>\n<p>\u200b\u00a0<\/p>\n<p>\u200b<span class=\"cb-itemprop\"><\/span><\/p>\n<p>\u00a0<\/p>\n<p>\u00a0<\/p>\n<p>El intendente de Col\u00f3n, Jos\u00e9 Luis Walser, present\u00f3 en el Concejo Deliberante el proyecto de nuevo C\u00f3digo Tributario municipal, que elimina m\u00e1s de 300 tasas, derechos y conceptos, reduce en un 43% el viejo c\u00f3digo y crea un r\u00e9gimen de incentivos por 10 a\u00f1os para grandes inversiones en turismo internacional y para nuevos emplazamientos en el Parque Industrial Mixto de Col\u00f3n.<\/p>\n<p>Con esa iniciativa, el Municipio busca simplificar y abaratar los tr\u00e1mites, eliminar sellados, digitalizar gestiones y alinear la pol\u00edtica tributaria con una agenda de desarrollo econ\u00f3mico integral. El proyecto se enmarca en el plan de modernizaci\u00f3n y eficiencia del Estado municipal, orientado a aliviar el bolsillo del contribuyente y favorecer las inversiones productivas.<\/p>\n<p>\u201cEsta iniciativa \u00a0surge de un proceso que nosotros venimos realizando en la ciudad, con muchos cambios dentro de lo que es la administraci\u00f3n municipal y muchas regularizaciones de situaciones que ten\u00edamos. Por ejemplo, todo lo que es la parte de personal, que arrancamos por all\u00e1 en 2019 con 1.200 empleados, y hoy estamos en los 850. Venimos achicando tambi\u00e9n todo lo que es cargos pol\u00edticos de la administraci\u00f3n: tenemos el 50% de los cargos pol\u00edticos de cuando arrancamos. As\u00ed, se ha ido revisando cada uno de los procesos, en el marco de un proyecto a largo plazo en nuestra ciudad\u201d, apunt\u00f3 Walser.<\/p>\n<div class=\"wp-caption alignnone\"><img loading=\"lazy\" decoding=\"async\" aria-describedby=\"caption-attachment-148307\" class=\"wp-image-148307 size-full\" src=\"https:\/\/entreriosahora.com\/wp-content\/uploads\/2025\/11\/walser1-1.jpg\" alt=\"\" width=\"2048\" height=\"1419\" \/>\n<p class=\"wp-caption-text\">Jos\u00e9 Luis Walser.<\/p>\n<\/div>\n<p>En ese orden de ideas, asegur\u00f3 que su gobierno estudi\u00f3 el C\u00f3digo Tributario en el que descubri\u00f3 una serie de tributos que entendieron que no correspond\u00edan. \u201cPara la habilitaci\u00f3n de un comercio, el vecino ten\u00eda que pagar una serie de sellados que llegaba actualmente a los $50 mil. Ya antes de arrancar ten\u00eda que pagar esa suma. Entonces, todos esos derechos, todos esos sellados y tasas que que hacen perder tiempo y que recargan al vecino los eliminamos del C\u00f3digo Tributario. Son casi 300 conceptos; 297 para ser m\u00e1s preciso. El 43% de nuestro C\u00f3digo Tributario qued\u00f3 afuera. Lo sacamos\u201d, asegur\u00f3 en declaraciones al programa <em><strong>Puro Cuento<\/strong><\/em> de <em>Radio Plaza 94.7.<\/em><\/p>\n<p>\u201cLa otra gran novedad o la otra gran apuesta de nuestro nuevo C\u00f3digo Tributario es un paquete de incentivos para que Col\u00f3n se convierta en una plaza de inversiones \u2013asegura el jefe comunal de Col\u00f3n-. Por un lado, dos grandes pol\u00edticas que hemos definido. Una es Col\u00f3n como destino tur\u00edstico internacional, y para esa l\u00ednea de trabajo tenemos un paquete de incentivos que son para inversiones mayores a un mill\u00f3n y medio de d\u00f3lares o inversiones en hoteler\u00eda mayores de cien plazas y de calidad de cuatro estrellas. Para ese tipo de inversiones en turismo las excepciones son en Tasa General Inmobiliaria; en Tasa de Comercio al 100% durante diez a\u00f1os, m\u00e1s el 100% de los de los derechos de plano y de mensura. Adem\u00e1s, el 50% de la Tasa de Alumbrado P\u00fablico. Y los mismos beneficios son para aquellas industrias que se instalen en nuestro Parque Industrial\u201d.<\/p>\n<p>Por otro lado, la ciudad de Col\u00f3n abre el primer Foro de Integraci\u00f3n para el Desarrollo, una convocatoria, dijo Walser, que reunir\u00e1 \u201ca todos los empresarios de todos los sectores, el sector tur\u00edstico, el sector productivo industrial, y ah\u00ed vamos a presentar un documento que se llama el Modelo Col\u00f3n, que tiene que ver con una pol\u00edtica de desarrollo econ\u00f3mico integral que tiene dos grandes ejes: Col\u00f3n como destino tur\u00edstico internacional, para lo cual tenemos, y, por otro lado, todo lo que son los incentivos para el desarrollo productivo, tecnol\u00f3gico, industrial de nuestra zona\u201d.<\/p>\n<p>\u00a0<\/p>\n<p>\u00a0<\/p>\n<p>De la Redacci\u00f3n de Entre R\u00edos Ahora<\/p>\n<p>\u00a0\u00a0 \u00a0 El intendente de Col\u00f3n, Jos\u00e9 Luis Walser, present\u00f3 en el Concejo Deliberante el proyecto de nuevo C\u00f3digo Tributario municipal, que elimina m\u00e1s de 300 tasas, derechos y conceptos, reduce en un 43% el viejo c\u00f3digo y crea un r\u00e9gimen de incentivos por 10 a\u00f1os para grandes inversiones en turismo internacional y para nuevos<\/p>","protected":false},"excerpt":{"rendered":"<div class=\"mh-excerpt\"><p>\u200b\u00a0 \u200b\u00a0 \u200b \u00a0 \u00a0 El intendente de Col\u00f3n, Jos\u00e9 Luis Walser, present\u00f3 en el Concejo Deliberante el proyecto de nuevo C\u00f3digo Tributario municipal, que <a class=\"mh-excerpt-more\" href=\"https:\/\/fmlibertadfeliciano.com.ar\/?p=1898\" title=\"Menos carga tributaria, la apuesta de Col\u00f3n para atraer inversiones\">[&#8230;]<\/a><\/p>\n<\/div>","protected":false},"author":1,"featured_media":1899,"comment_status":"open","ping_status":"open","sticky":false,"template":"","format":"standard","meta":{"footnotes":""},"categories":[1],"tags":[],"class_list":["post-1898","post","type-post","status-publish","format-standard","has-post-thumbnail","hentry","category-sin-categoria"],"_links":{"self":[{"href":"https:\/\/fmlibertadfeliciano.com.ar\/index.php?rest_route=\/wp\/v2\/posts\/1898","targetHints":{"allow":["GET"]}}],"collection":[{"href":"https:\/\/fmlibertadfeliciano.com.ar\/index.php?rest_route=\/wp\/v2\/posts"}],"about":[{"href":"https:\/\/fmlibertadfeliciano.com.ar\/index.php?rest_route=\/wp\/v2\/types\/post"}],"author":[{"embeddable":true,"href":"https:\/\/fmlibertadfeliciano.com.ar\/index.php?rest_route=\/wp\/v2\/users\/1"}],"replies":[{"embeddable":true,"href":"https:\/\/fmlibertadfeliciano.com.ar\/index.php?rest_route=%2Fwp%2Fv2%2Fcomments&post=1898"}],"version-history":[{"count":0,"href":"https:\/\/fmlibertadfeliciano.com.ar\/index.php?rest_route=\/wp\/v2\/posts\/1898\/revisions"}],"wp:featuredmedia":[{"embeddable":true,"href":"https:\/\/fmlibertadfeliciano.com.ar\/index.php?rest_route=\/wp\/v2\/media\/1899"}],"wp:attachment":[{"href":"https:\/\/fmlibertadfeliciano.com.ar\/index.php?rest_route=%2Fwp%2Fv2%2Fmedia&parent=1898"}],"wp:term":[{"taxonomy":"category","embeddable":true,"href":"https:\/\/fmlibertadfeliciano.com.ar\/index.php?rest_route=%2Fwp%2Fv2%2Fcategories&post=1898"},{"taxonomy":"post_tag","embeddable":true,"href":"https:\/\/fmlibertadfeliciano.com.ar\/index.php?rest_route=%2Fwp%2Fv2%2Ftags&post=1898"}],"curies":[{"name":"wp","href":"https:\/\/api.w.org\/{rel}","templated":true}]}}