{"id":1900,"date":"2025-11-09T02:33:04","date_gmt":"2025-11-09T02:33:04","guid":{"rendered":"https:\/\/fmlibertadfeliciano.com.ar\/?p=1900"},"modified":"2025-11-09T02:33:04","modified_gmt":"2025-11-09T02:33:04","slug":"orgullo","status":"publish","type":"post","link":"https:\/\/fmlibertadfeliciano.com.ar\/?p=1900","title":{"rendered":"Orgullo"},"content":{"rendered":"<p>\u200b\u00a0<\/p>\n<p>\u200b\u00a0<\/p>\n<p>\u200b<span class=\"cb-itemprop\"><\/span><\/p>\n<p>\u00a0<\/p>\n<p>\u00a0<\/p>\n<p>Este s\u00e1bado se llev\u00f3 a cabo la X Marcha del Orgullo Disidente en Paran\u00e1, un evento que reuni\u00f3 a un amplio sector de la comunidad para reclamar la implementaci\u00f3n efectiva del cupo laboral travesti-trans, as\u00ed como para visibilizar diversas problem\u00e1ticas sociales y ambientales. Bajo el lema \u201cOrgullo Antifascista, Memoria, Lucha y Organizaci\u00f3n\u201d, los manifestantes se movilizaron con el objetivo de alzar sus voces contra la discriminaci\u00f3n, exigir derechos fundamentales y hicieron un fuerte llamado a la acci\u00f3n. La jornada comenz\u00f3 en Casa de Gobierno y culmin\u00f3 en el Parque Urquiza, donde se llev\u00f3 adelante un festival, frente al monumento a Urquiza. El acto se hizo al inicio de la jornada, frente a Casa Gris, donde se ley\u00f3 un documento elaborado por la organizaci\u00f3n de la marcha, en el que se abordaron las principales demandas y preocupaciones de la comunidad disidente. Este a\u00f1o \u201cse march\u00f3 bajo el lema Orgullo Antifascista, Memoria, Lucha y Organizaci\u00f3n\u201d, cont\u00f3 Eva Arriola, integrante de la organizaci\u00f3n de la Marcha del Orgullo Disidente de Paran\u00e1. La marcha se convirti\u00f3 en una plataforma para expresar descontento con las pol\u00edticas de los actuales gobiernos de Javier Milei y Rogelio Frigerio, a quienes se les atribuye la implementaci\u00f3n de medidas que afectan negativamente a las comunidades vulnerables. El objetivo \u201cfue generar un momento de encuentro con la comunidad, de lucha y reivindicaci\u00f3n de por qu\u00e9 nuestras identidades necesitan estar en la calle y decirle basta a ese modelo de ajuste y opresor que ejecutan Milei y Frigerio\u201d. La manifestaci\u00f3n no solo fue un acto de protesta, sino tambi\u00e9n una celebraci\u00f3n de la identidad, la resistencia y la diversidad. La participaci\u00f3n activa de la comunidad refleja el compromiso de seguir luchando por un futuro m\u00e1s justo e inclusivo, donde todas las identidades sean respetadas y valoradas. Una de las demandas centrales fue la implementaci\u00f3n real del cupo laboral travesti-trans en toda la provincia. Este reclamo busca garantizar oportunidades laborales para las personas travestis y trans, quienes hist\u00f3ricamente enfrentan altos niveles de discriminaci\u00f3n y exclusi\u00f3n en el \u00e1mbito laboral. La falta de oportunidades llev\u00f3 a muchas personas a la marginalidad, por lo que esta medida se considera esencial para promover la igualdad y la inclusi\u00f3n. Adem\u00e1s, los manifestantes hicieron hincapi\u00e9 en la necesidad de recordar y honrar a los 30.400 desaparecidos durante la \u00faltima dictadura c\u00edvico-militar-clerical en Argentina. Este recordatorio es fundamental para mantener viva la memoria hist\u00f3rica y luchar contra la impunidad de cr\u00edmenes que a\u00fan persisten en la sociedad. Otro de los puntos destacados en la marcha fue el reclamo contra el terricidio y el uso de agrot\u00f3xicos, problem\u00e1ticas que afectan tanto a la salud de la poblaci\u00f3n como al medio ambiente. Los manifestantes rechazaron la implementaci\u00f3n de una hidrov\u00eda en el r\u00edo Paran\u00e1, considerando que este proyecto podr\u00eda tener un impacto negativo en la biodiversidad y en las comunidades.<\/p>\n<p>\u00a0<\/p>\n<p>Fuente: Agencia de Informaciones Mercosur (AIM).<\/p>\n<p>\u00a0\u00a0 \u00a0 Este s\u00e1bado se llev\u00f3 a cabo la X Marcha del Orgullo Disidente en Paran\u00e1, un evento que reuni\u00f3 a un amplio sector de la comunidad para reclamar la implementaci\u00f3n efectiva del cupo laboral travesti-trans, as\u00ed como para visibilizar diversas problem\u00e1ticas sociales y ambientales. Bajo el lema \u201cOrgullo Antifascista, Memoria, Lucha y Organizaci\u00f3n\u201d, los<\/p>","protected":false},"excerpt":{"rendered":"<div class=\"mh-excerpt\"><p>\u200b\u00a0 \u200b\u00a0 \u200b \u00a0 \u00a0 Este s\u00e1bado se llev\u00f3 a cabo la X Marcha del Orgullo Disidente en Paran\u00e1, un evento que reuni\u00f3 a un <a class=\"mh-excerpt-more\" href=\"https:\/\/fmlibertadfeliciano.com.ar\/?p=1900\" title=\"Orgullo\">[&#8230;]<\/a><\/p>\n<\/div>","protected":false},"author":1,"featured_media":0,"comment_status":"open","ping_status":"open","sticky":false,"template":"","format":"standard","meta":{"footnotes":""},"categories":[1],"tags":[],"class_list":["post-1900","post","type-post","status-publish","format-standard","hentry","category-sin-categoria"],"_links":{"self":[{"href":"https:\/\/fmlibertadfeliciano.com.ar\/index.php?rest_route=\/wp\/v2\/posts\/1900","targetHints":{"allow":["GET"]}}],"collection":[{"href":"https:\/\/fmlibertadfeliciano.com.ar\/index.php?rest_route=\/wp\/v2\/posts"}],"about":[{"href":"https:\/\/fmlibertadfeliciano.com.ar\/index.php?rest_route=\/wp\/v2\/types\/post"}],"author":[{"embeddable":true,"href":"https:\/\/fmlibertadfeliciano.com.ar\/index.php?rest_route=\/wp\/v2\/users\/1"}],"replies":[{"embeddable":true,"href":"https:\/\/fmlibertadfeliciano.com.ar\/index.php?rest_route=%2Fwp%2Fv2%2Fcomments&post=1900"}],"version-history":[{"count":0,"href":"https:\/\/fmlibertadfeliciano.com.ar\/index.php?rest_route=\/wp\/v2\/posts\/1900\/revisions"}],"wp:attachment":[{"href":"https:\/\/fmlibertadfeliciano.com.ar\/index.php?rest_route=%2Fwp%2Fv2%2Fmedia&parent=1900"}],"wp:term":[{"taxonomy":"category","embeddable":true,"href":"https:\/\/fmlibertadfeliciano.com.ar\/index.php?rest_route=%2Fwp%2Fv2%2Fcategories&post=1900"},{"taxonomy":"post_tag","embeddable":true,"href":"https:\/\/fmlibertadfeliciano.com.ar\/index.php?rest_route=%2Fwp%2Fv2%2Ftags&post=1900"}],"curies":[{"name":"wp","href":"https:\/\/api.w.org\/{rel}","templated":true}]}}