{"id":1904,"date":"2025-11-10T00:50:25","date_gmt":"2025-11-10T00:50:25","guid":{"rendered":"https:\/\/fmlibertadfeliciano.com.ar\/?p=1904"},"modified":"2025-11-10T00:50:25","modified_gmt":"2025-11-10T00:50:25","slug":"salarios-la-aps-distante-con-la-propuesta-del-municipio","status":"publish","type":"post","link":"https:\/\/fmlibertadfeliciano.com.ar\/?p=1904","title":{"rendered":"Salarios: la APS, distante con la propuesta del Municipio"},"content":{"rendered":"<p>\u200b\u00a0<\/p>\n<p>\u200b\u00a0<\/p>\n<p>\u200b<span class=\"cb-itemprop\"><\/span><\/p>\n<p>\u00a0<\/p>\n<p>\u00a0<\/p>\n<p>La discusi\u00f3n de la mesa salarial en la Municipalidad de Paran\u00e1 no deja conforme a la Asociaci\u00f3n del Personal Superior (APS), y su secretaria general, Alejandra Levrand, demanda m\u00e1s atenci\u00f3n para el sector. \u201cTenemos el salario m\u00e1s bajo, situaci\u00f3n que ha reconocido la propia intendenta Rosario Romero. Y los municipales no escapamos al ajuste, ni de la suba de precios. Si bien esta situaci\u00f3n de salarios bajos viene desde hace varias gestiones, es importante que haya una mesa de di\u00e1logo salarial en la que se dialogue. Tiene que haber un ida y vuelta. Es decir, una negociaci\u00f3n de buena fe de ambas partes, y cada parte va cediendo en la negociaci\u00f3n. Siempre los que hemos cedido hemos sido los trabajadores\u201d, analiz\u00f3 la dirigente en di\u00e1logo con el programa <strong><em>Puro Cuento<\/em><\/strong> de <em>Radio Plaza 94.7.<\/em><\/p>\n<p>Levrand asever\u00f3 que la APS \u201cs\u00f3lo ha firmado dos actas paritarias en la gesti\u00f3n de la intendenta Rosario Romero. En la primera, el Ejecutivo reconoce una p\u00e9rdida salarial en el a\u00f1o 2023, cuando el intendente era Ad\u00e1n Bahl. Hay que recordar que Bahl nos tuvo 18 meses sin aumento de sueldo y antes de irse hace una recuperaci\u00f3n de nuestro salario. Deja la gesti\u00f3n y salda esa deuda. Y cuando nos reunimos con la actual gesti\u00f3n, ellos dicen que eso fue aumento salarial y no recuperaci\u00f3n de lo que hab\u00edamos perdido en los 18 meses de la gesti\u00f3n anterior. Entonces, la APS se planta en esta discusi\u00f3n. Ahora, se re\u00fane la mesa salarial y presentan una propuesta que nosotros declaramos insuficiente\u201d.<\/p>\n<p>En el marco de la mesa salarial, la APS present\u00f3 una contrapropuesta salarial al Ejecutivo:<\/p>\n<ul>\n<li>\u201cQue los aumentos correspondientes a los meses de octubre, noviembre y diciembre 2025 no est\u00e9n atados al \u00cdndice de Precios al Consumidor (IPC), sino que sean del 5% mensual de las esclas vigentes correspondientes\u201d.<\/li>\n<li>\u201cConsiderando la disposici\u00f3n del Departamento Ejecutivo Municipal de otorgar sumas fijas, requerimos que dichas sumas extraordinarias sean de car\u00e1cter remunerativo, a fin de no excluir a jubilados y jubiladas del cobro de las mismas. Entendemos que ning\u00fan compa\u00f1ero ni compa\u00f1era que dedic\u00f3 su vida al servicio p\u00fablico municipal debe ser discriminado, m\u00e1s a\u00fan cuando sus haberes tambi\u00e9n resultan insuficientes para afrontar la situaci\u00f3n actual\u201d<\/li>\n<\/ul>\n<p>\u00a0<\/p>\n<p><em>-\u00bfQu\u00e9 tan distante es la propuesta que hace el Ejecutivo que ustedes la declaran insuficiente?<\/em><\/p>\n<p>-En primer lugar cabe mencionar que nuestro gremio siempre ha levantado la bandera bien en alta de la defensa de los jubilados. Las sumas en negro que propone la Municipalidad no se hacen extensivas al jubilado. No podemos estar de acuerdo con eso. Y porque las sumas en negro son pan para hoy y hambre para ma\u00f1ana. Entonces, pedimos que ese bono que propone el Ejecutivo se haga extensivo a los jubilados y que sea remunerativo. Nosotros no podemos hacernos los desentendidos. A nosotros nos importan quienes dedicaron su vida en el Municipio. Hay 2.500 jubilados municipales que esperan tener una suma en su bolsillo. Y pensamos que es necesario recuperar salario y establecer un cronograma para esa recuperaci\u00f3n. Nosotros pedimos tambi\u00e9n un 15% dividido en tres tramos, para octubre, noviembre y diciembre. Y volvemos a sentar en febrero.<\/p>\n<p>La dirigente sostuvo que \u201cla expectativa nuestra es que se escuche nuestro planteo. Tenemos que tener una escucha atenta. La intendenta tiene que tener una escucha atenta a los trabajadores. No podemos tener los salarios tan bajos siendo capital de provincia. Cuando la intendenta visit\u00f3 nuestro gremio, dijo que iba a trabajar en recuperar el salario. Bueno, para eso se necesita dialogar, pero dialogar seriamente en un ida y vuelta y no \u00fanicamente plantear una propuesta sin recibir respuesta\u201d.<\/p>\n<p>\u00a0<\/p>\n<p>\u00a0<\/p>\n<p>De la Redacci\u00f3n de Entre R\u00edos Ahora<\/p>\n<p>\u00a0\u00a0 \u00a0 La discusi\u00f3n de la mesa salarial en la Municipalidad de Paran\u00e1 no deja conforme a la Asociaci\u00f3n del Personal Superior (APS), y su secretaria general, Alejandra Levrand, demanda m\u00e1s atenci\u00f3n para el sector. \u201cTenemos el salario m\u00e1s bajo, situaci\u00f3n que ha reconocido la propia intendenta Rosario Romero. Y los municipales no escapamos al<\/p>","protected":false},"excerpt":{"rendered":"<div class=\"mh-excerpt\"><p>\u200b\u00a0 \u200b\u00a0 \u200b \u00a0 \u00a0 La discusi\u00f3n de la mesa salarial en la Municipalidad de Paran\u00e1 no deja conforme a la Asociaci\u00f3n del Personal Superior <a class=\"mh-excerpt-more\" href=\"https:\/\/fmlibertadfeliciano.com.ar\/?p=1904\" title=\"Salarios: la APS, distante con la propuesta del Municipio\">[&#8230;]<\/a><\/p>\n<\/div>","protected":false},"author":1,"featured_media":0,"comment_status":"open","ping_status":"open","sticky":false,"template":"","format":"standard","meta":{"footnotes":""},"categories":[1],"tags":[],"class_list":["post-1904","post","type-post","status-publish","format-standard","hentry","category-sin-categoria"],"_links":{"self":[{"href":"https:\/\/fmlibertadfeliciano.com.ar\/index.php?rest_route=\/wp\/v2\/posts\/1904","targetHints":{"allow":["GET"]}}],"collection":[{"href":"https:\/\/fmlibertadfeliciano.com.ar\/index.php?rest_route=\/wp\/v2\/posts"}],"about":[{"href":"https:\/\/fmlibertadfeliciano.com.ar\/index.php?rest_route=\/wp\/v2\/types\/post"}],"author":[{"embeddable":true,"href":"https:\/\/fmlibertadfeliciano.com.ar\/index.php?rest_route=\/wp\/v2\/users\/1"}],"replies":[{"embeddable":true,"href":"https:\/\/fmlibertadfeliciano.com.ar\/index.php?rest_route=%2Fwp%2Fv2%2Fcomments&post=1904"}],"version-history":[{"count":0,"href":"https:\/\/fmlibertadfeliciano.com.ar\/index.php?rest_route=\/wp\/v2\/posts\/1904\/revisions"}],"wp:attachment":[{"href":"https:\/\/fmlibertadfeliciano.com.ar\/index.php?rest_route=%2Fwp%2Fv2%2Fmedia&parent=1904"}],"wp:term":[{"taxonomy":"category","embeddable":true,"href":"https:\/\/fmlibertadfeliciano.com.ar\/index.php?rest_route=%2Fwp%2Fv2%2Fcategories&post=1904"},{"taxonomy":"post_tag","embeddable":true,"href":"https:\/\/fmlibertadfeliciano.com.ar\/index.php?rest_route=%2Fwp%2Fv2%2Ftags&post=1904"}],"curies":[{"name":"wp","href":"https:\/\/api.w.org\/{rel}","templated":true}]}}