{"id":1905,"date":"2025-11-10T00:23:47","date_gmt":"2025-11-10T00:23:47","guid":{"rendered":"https:\/\/fmlibertadfeliciano.com.ar\/?p=1905"},"modified":"2025-11-10T00:23:47","modified_gmt":"2025-11-10T00:23:47","slug":"penitenciarios","status":"publish","type":"post","link":"https:\/\/fmlibertadfeliciano.com.ar\/?p=1905","title":{"rendered":"Penitenciarios"},"content":{"rendered":"<p>\u200b\u00a0<\/p>\n<p>\u200b\u00a0<\/p>\n<p>\u200b<span class=\"cb-itemprop\"><\/span><\/p>\n<p>\u00a0<\/p>\n<p>\u00a0<\/p>\n<p>Con la presencia del ministro de Seguridad y Justicia, N\u00e9stor Roncaglia, qued\u00f3 inaugurado en Paran\u00e1 el C\u00edrculo de Suboficiales y Agentes del Servicio Penitenciario de Entre R\u00edos. Se trata de un espacio impulsado por la familia penitenciaria para brindar beneficios y servicios al personal. La conformaci\u00f3n de esta entidad, que funciona en la Unidad Penal N\u00b0 1 de Paran\u00e1, se realiz\u00f3 en base a un estatuto que fue actualizado y adecuado. \u00abEl C\u00edrculo es un espacio fundamental para los agentes y suboficiales del Servicio, porque permite la interacci\u00f3n entre agentes, la distensi\u00f3n y, adem\u00e1s, les garantiza beneficios a trav\u00e9s de convenios que rubrica la asociaci\u00f3n\u00bb, detall\u00f3 Roncaglia. En el acto de inauguraci\u00f3n estuvieron presentes el director General del Servicio Penitenciario, Alejandro Miotti; el jefe de Polic\u00eda, Claudio Gonz\u00e1lez, adem\u00e1s de funcionarios municipales, provinciales y representantes de las fuerzas de seguridad con asiento en Paran\u00e1.<\/p>\n<p>\u00a0<\/p>\n<p>\u00a0<\/p>\n<p>\u00a0<\/p>\n<p>De la Redacci\u00f3n de Entre R\u00edos Ahora<\/p>\n<p>\u00a0\u00a0 \u00a0 Con la presencia del ministro de Seguridad y Justicia, N\u00e9stor Roncaglia, qued\u00f3 inaugurado en Paran\u00e1 el C\u00edrculo de Suboficiales y Agentes del Servicio Penitenciario de Entre R\u00edos. Se trata de un espacio impulsado por la familia penitenciaria para brindar beneficios y servicios al personal. La conformaci\u00f3n de esta entidad, que funciona en la<\/p>","protected":false},"excerpt":{"rendered":"<div class=\"mh-excerpt\"><p>\u200b\u00a0 \u200b\u00a0 \u200b \u00a0 \u00a0 Con la presencia del ministro de Seguridad y Justicia, N\u00e9stor Roncaglia, qued\u00f3 inaugurado en Paran\u00e1 el C\u00edrculo de Suboficiales y <a class=\"mh-excerpt-more\" href=\"https:\/\/fmlibertadfeliciano.com.ar\/?p=1905\" title=\"Penitenciarios\">[&#8230;]<\/a><\/p>\n<\/div>","protected":false},"author":1,"featured_media":0,"comment_status":"open","ping_status":"open","sticky":false,"template":"","format":"standard","meta":{"footnotes":""},"categories":[1],"tags":[],"class_list":["post-1905","post","type-post","status-publish","format-standard","hentry","category-sin-categoria"],"_links":{"self":[{"href":"https:\/\/fmlibertadfeliciano.com.ar\/index.php?rest_route=\/wp\/v2\/posts\/1905","targetHints":{"allow":["GET"]}}],"collection":[{"href":"https:\/\/fmlibertadfeliciano.com.ar\/index.php?rest_route=\/wp\/v2\/posts"}],"about":[{"href":"https:\/\/fmlibertadfeliciano.com.ar\/index.php?rest_route=\/wp\/v2\/types\/post"}],"author":[{"embeddable":true,"href":"https:\/\/fmlibertadfeliciano.com.ar\/index.php?rest_route=\/wp\/v2\/users\/1"}],"replies":[{"embeddable":true,"href":"https:\/\/fmlibertadfeliciano.com.ar\/index.php?rest_route=%2Fwp%2Fv2%2Fcomments&post=1905"}],"version-history":[{"count":0,"href":"https:\/\/fmlibertadfeliciano.com.ar\/index.php?rest_route=\/wp\/v2\/posts\/1905\/revisions"}],"wp:attachment":[{"href":"https:\/\/fmlibertadfeliciano.com.ar\/index.php?rest_route=%2Fwp%2Fv2%2Fmedia&parent=1905"}],"wp:term":[{"taxonomy":"category","embeddable":true,"href":"https:\/\/fmlibertadfeliciano.com.ar\/index.php?rest_route=%2Fwp%2Fv2%2Fcategories&post=1905"},{"taxonomy":"post_tag","embeddable":true,"href":"https:\/\/fmlibertadfeliciano.com.ar\/index.php?rest_route=%2Fwp%2Fv2%2Ftags&post=1905"}],"curies":[{"name":"wp","href":"https:\/\/api.w.org\/{rel}","templated":true}]}}