{"id":2473,"date":"2025-12-31T17:58:48","date_gmt":"2025-12-31T17:58:48","guid":{"rendered":"https:\/\/fmlibertadfeliciano.com.ar\/?p=2473"},"modified":"2025-12-31T17:58:48","modified_gmt":"2025-12-31T17:58:48","slug":"medrano-afuera-del-cge","status":"publish","type":"post","link":"https:\/\/fmlibertadfeliciano.com.ar\/?p=2473","title":{"rendered":"Medrano, afuera del CGE"},"content":{"rendered":"<p>\u200b\u00a0<\/p>\n<p>\u200b\u00a0<\/p>\n<p>\u200b<span class=\"cb-itemprop\"><\/span><\/p>\n<p>\u00a0<\/p>\n<p>Eugenio Medrano qued\u00f3 afuera de la estructura del Consejo General de Educaci\u00f3n (CGE). Este mi\u00e9rcoles 31 fue su \u00faltimo d\u00eda como director de Educaci\u00f3n Superior. El propio Medrano se encarg\u00f3 de comunicar la noticia a trav\u00e9s de un mensaje de whatsapp.<\/p>\n<p>\u201cEstimados Rectores:<\/p>\n<p>\u201cEn este cierre de a\u00f1o, les hago llegar un cordial saludo y mis mejores deseos para el pr\u00f3ximo a\u00f1o. Asimismo, informo que a partir del primero de enero del 2026 dejar\u00e9 de desempe\u00f1arme como Director.<\/p>\n<p>\u201cPor cualquier consulta o comunicaci\u00f3n institucional, les solicito dirigirse al correo oficial correspondiente del Nivel o al tel\u00e9fono fijo de la oficina.<\/p>\n<p>\u201cSaludos cordiales. Medrano Eugenio\u201d.<\/p>\n<p>De momento no hay reemplazo, y la funci\u00f3n de la Direcci\u00f3n de Educaci\u00f3n Superior ser\u00e1 absorbida por la Direcci\u00f3n de Planeamiento Educativo del CGE, seg\u00fan confiaron fuentes oficiales a <em><strong>Entre R\u00edos Ahora<\/strong><\/em>.<\/p>\n<p>El funcionario se hab\u00eda malquistado con los rectores de los institutos de ense\u00f1anza superior cuando el 2 de diciembre pasado mantuvo una charla v\u00eda \u00abmeet\u00bb -acompa\u00f1ado por los vocales del CGE Elsa Chapuis y Santiago Laumann- en la que deline\u00f3 un plan de ajuste y de cierre de carreras y ofertas educativas. La mala nueva fue recibida con rechazo y se gener\u00f3 un movimiento de oposici\u00f3n en toda la provincia.<\/p>\n<p>La Asociaci\u00f3n Gremial del Magisterio de Entre R\u00edos (Agmer) se declar\u00f3 en alerta por el \u00abdesmantelamiento en educaci\u00f3n superior\u00bb.<\/p>\n<p>El gremio advirti\u00f3 \u201cque estas pol\u00edticas apuntan al desarme de la formaci\u00f3n docente p\u00fablica en nuestra provincia y que forman parte de una pol\u00edtica educativa m\u00e1s amplia que pone en riesgo el acceso de toda la poblaci\u00f3n a la educaci\u00f3n p\u00fablica de calidad en todos los niveles educativos. Las l\u00f3gicas de la eficiencia del \u00b4gasto\u00b4 en la \u00b4oferta\u00b4 educativa y los supuestos \u00b4super\u00e1vits y d\u00e9ficits\u00b4 del Nivel Superior imponen la mercantilizaci\u00f3n y privatizaci\u00f3n a lo que es un derecho humano b\u00e1sico, excluyendo de las posibilidades de una vida m\u00e1s digna a miles de entrerrianos y entrerrianas. Demandamos a la Direcci\u00f3n de Educaci\u00f3n Superior que abra el di\u00e1logo honesto y transparente, sin datos sesgados y decisiones arbitrarias, con los cuerpos colegiados del CGE, as\u00ed como hacia a los Institutos de Formaci\u00f3n Docente, leg\u00edtimos actores con el conocimiento situado de lo que ocurre en cada departamento. Instamos a que se abandone el autoritarismo y arbitrariedad demostrados en las acciones de la Direcci\u00f3n de Educaci\u00f3n Superior\u201d.<\/p>\n<blockquote class=\"wp-embedded-content\" data-secret=\"MuUgrJqODA\">\n<p><a href=\"https:\/\/entreriosahora.com\/un-exagmer-asume-en-el-cge\/\">Un exAgmer asume en el CGE<\/a><\/p>\n<\/blockquote>\n<p>Medrano proviene de Agmer.<\/p>\n<p>Fue secretario general de la seccional Nogoy\u00e1 y supo militar en la Agrupaci\u00f3n Rojo y Negro, de la que se distanci\u00f3 en 2021 luego de haber sido cuestionado por su participaci\u00f3n en una marcha que promocion\u00f3 Cambiemos, y la ahora ministra de Seguridad, Patricia Bullrich, contra las medidas de aislamiento por la pandemia.<\/p>\n<p>La piedra del esc\u00e1ndalo fue la adhesi\u00f3n de Agmer Nogoy\u00e1 a la denominada \u00abCaravana por la Rep\u00fablica\u00bb, en octubre de 2020, en el momento m\u00e1s cerrado del aislamiento. Enterados de la adhesi\u00f3n de Nogoy\u00e1, la conducci\u00f3n provincial de la Rojo y Negro -que hasta entonces manten\u00eda\u00a0 5 de las 17 seccionales de Agmer: Federaci\u00f3n, Nogoy\u00e1, Paran\u00e1, Tala y Villaguay- emiti\u00f3 un duro comunicado y reproch\u00f3 la decisi\u00f3n del titular de Agmer Nogoy\u00e1, Eugenio Medrano, de sumarse a la \u00abCaravana por la Rep\u00fablica\u00bb.<\/p>\n<p>En 2021, y todav\u00eda siendo secretario general de Agmer Nogoy\u00e1, el nombre de Medrano volvi\u00f3 a mezclarse con el esc\u00e1ndalo.<\/p>\n<blockquote class=\"wp-embedded-content\" data-secret=\"Xb0pS08ND2\">\n<p><a href=\"https:\/\/entreriosahora.com\/un-dirigente-de-agmer-envuelto-en-un-escandalo\/\">Un dirigente de Agmer, envuelto en un esc\u00e1ndalo<\/a><\/p>\n<\/blockquote>\n<p>\u00a0<\/p>\n<p>Ese a\u00f1o\u00a0Medrano present\u00f3 una nota a la Municipalidad de Nogoy\u00e1 en la que pidi\u00f3 autorizaci\u00f3n para la organizaci\u00f3n de lo que denomin\u00f3 \u201cMegafiesta de los 80, 90, 2000\u201d, en el predio de Campo Verde, con la actuaci\u00f3n central del grupo Los Pr\u00edncipes. La nota la firm\u00f3 como secretario general de Agmer, y con el sello del sindicato. Cuando el caso se hizo p\u00fablico, el dirigente docente hizo circular un comunicado en el que anunci\u00f3 la suspensi\u00f3n de ese espect\u00e1culo, dizque las inclemencias clim\u00e1ticas.<\/p>\n<p>Cuando el caso se supo p\u00fablicamente, el dirigente busc\u00f3 minimizar el papel\u00f3n. En declaraciones period\u00edsticas al programa <em>La \u00faltima palabra<\/em>, que conduce Gustavo Berchelli, por FM La Voz, de Nogoy\u00e1, Medrano trat\u00f3 de explicar la situaci\u00f3n. \u201cEn realidad, tengo que aclarar. Fue un error m\u00edo, como secretario general. En la vor\u00e1gine del d\u00eda a d\u00eda, del hacer, yo firm\u00e9 y no le\u00ed el escrito, donde dec\u00eda Agmer. O sea, se entendi\u00f3 como que era Agmer era el que organizaba y no es as\u00ed, por lo cual, yo, ni bien me entero de esto, llevo un escrito para dejar aclarado que no es as\u00ed, que Agmer no tiene nada que ver, que fue un error involuntario, y ya fue presentado a las autoridades. Ya se subsan\u00f3 la situaci\u00f3n\u201d.<\/p>\n<p>\u00a0<\/p>\n<p>\u00a0<\/p>\n<p>\u00a0<\/p>\n<p>De la Redacci\u00f3n de Entre R\u00edos Ahora<\/p>\n<p>\u00a0\u00a0 Eugenio Medrano qued\u00f3 afuera de la estructura del Consejo General de Educaci\u00f3n (CGE). Este mi\u00e9rcoles 31 fue su \u00faltimo d\u00eda como director de Educaci\u00f3n Superior. El propio Medrano se encarg\u00f3 de comunicar la noticia a trav\u00e9s de un mensaje de whatsapp. \u201cEstimados Rectores: \u201cEn este cierre de a\u00f1o, les hago llegar un cordial saludo<\/p>","protected":false},"excerpt":{"rendered":"<div class=\"mh-excerpt\"><p>\u200b\u00a0 \u200b\u00a0 \u200b \u00a0 Eugenio Medrano qued\u00f3 afuera de la estructura del Consejo General de Educaci\u00f3n (CGE). Este mi\u00e9rcoles 31 fue su \u00faltimo d\u00eda como <a class=\"mh-excerpt-more\" href=\"https:\/\/fmlibertadfeliciano.com.ar\/?p=2473\" title=\"Medrano, afuera del CGE\">[&#8230;]<\/a><\/p>\n<\/div>","protected":false},"author":1,"featured_media":0,"comment_status":"open","ping_status":"open","sticky":false,"template":"","format":"standard","meta":{"footnotes":""},"categories":[1],"tags":[],"class_list":["post-2473","post","type-post","status-publish","format-standard","hentry","category-sin-categoria"],"_links":{"self":[{"href":"https:\/\/fmlibertadfeliciano.com.ar\/index.php?rest_route=\/wp\/v2\/posts\/2473","targetHints":{"allow":["GET"]}}],"collection":[{"href":"https:\/\/fmlibertadfeliciano.com.ar\/index.php?rest_route=\/wp\/v2\/posts"}],"about":[{"href":"https:\/\/fmlibertadfeliciano.com.ar\/index.php?rest_route=\/wp\/v2\/types\/post"}],"author":[{"embeddable":true,"href":"https:\/\/fmlibertadfeliciano.com.ar\/index.php?rest_route=\/wp\/v2\/users\/1"}],"replies":[{"embeddable":true,"href":"https:\/\/fmlibertadfeliciano.com.ar\/index.php?rest_route=%2Fwp%2Fv2%2Fcomments&post=2473"}],"version-history":[{"count":0,"href":"https:\/\/fmlibertadfeliciano.com.ar\/index.php?rest_route=\/wp\/v2\/posts\/2473\/revisions"}],"wp:attachment":[{"href":"https:\/\/fmlibertadfeliciano.com.ar\/index.php?rest_route=%2Fwp%2Fv2%2Fmedia&parent=2473"}],"wp:term":[{"taxonomy":"category","embeddable":true,"href":"https:\/\/fmlibertadfeliciano.com.ar\/index.php?rest_route=%2Fwp%2Fv2%2Fcategories&post=2473"},{"taxonomy":"post_tag","embeddable":true,"href":"https:\/\/fmlibertadfeliciano.com.ar\/index.php?rest_route=%2Fwp%2Fv2%2Ftags&post=2473"}],"curies":[{"name":"wp","href":"https:\/\/api.w.org\/{rel}","templated":true}]}}