{"id":2474,"date":"2025-12-31T15:05:08","date_gmt":"2025-12-31T15:05:08","guid":{"rendered":"https:\/\/fmlibertadfeliciano.com.ar\/?p=2474"},"modified":"2025-12-31T15:05:08","modified_gmt":"2025-12-31T15:05:08","slug":"como-fue-el-accidente-de-walser-la-evolucion-de-su-esposa","status":"publish","type":"post","link":"https:\/\/fmlibertadfeliciano.com.ar\/?p=2474","title":{"rendered":"C\u00f3mo fue el accidente de Walser: la evoluci\u00f3n de su esposa"},"content":{"rendered":"<p>\u200b\u00a0<\/p>\n<p>\u200b\u00a0<\/p>\n<p>\u200b<span class=\"cb-itemprop\"><\/span><\/p>\n<p>\u00a0<\/p>\n<p>\u00a0<\/p>\n<p>El 9 de diciembre el intendente de Col\u00f3n, Jos\u00e9 Luis Walser, se encontraba de viaje por una ruta del sur de Brasil y sufri\u00f3 un grave accidente automovil\u00edstico, producto de lo cual su esposa y secretaria privada en la Municipalidad, Gimena Bordet, tuvo graves consecuencias: perforaci\u00f3n de pulmones, fractura de clav\u00edcula, aplastamiento de pelvis y sangrado en uno de sus ri\u00f1ones.<\/p>\n<p>Desde entonces permanece internada en Terapia Intensiva del Hospital \u201cCristo Redentor\u201d, de Porto Alegre.<\/p>\n<p>Desde el Municipio relataron una cronolog\u00eda de los hechos y explicaron por qu\u00e9 el intendente hab\u00eda viajado con toda su familia y qui\u00e9n carg\u00f3 con los gastos de hoteler\u00eda y traslado.<\/p>\n<p>El pasado 17 de octubre tuvo lugar una nueva reuni\u00f3n del Comit\u00e9 de la Cuenca del R\u00edo Uruguay, la que se celebr\u00f3 en la ciudad de Salto, Rep\u00fablica Oriental del Uruguay. En dicha oportunidad, adem\u00e1s de las cuestiones propias de la agenda del Comit\u00e9, el intendente de Col\u00f3n, Jos\u00e9 Luis Walser, mantuvo un di\u00e1logo con Jaber Maher, prefecto (Intendente) de la ciudad brasile\u00f1a de Barra Do Quara\u00ed, en el cual este \u00faltimo invit\u00f3 al presidente municipal colonense y a otros intendentes, a participar de la asunci\u00f3n de autoridades del Tribunal de Cuentas del Estado de R\u00edo Grande Do Sul, evento del cual participar\u00edan autoridades de varios pa\u00edses y que era una oportunidad importante para continuar con las vinculaciones internacionales.<\/p>\n<p>A ra\u00edz de esa invitaci\u00f3n, el intendente Walser program\u00f3 su viaje oficial a Brasil el 10 de diciembre de este a\u00f1o. Atento a la distancia del lugar del acontecimiento y la fecha en la que tendr\u00eda lugar, el presidente municipal consider\u00f3 oportuno aprovechar dicho viaje para, a continuaci\u00f3n del acto oficial, poder tener unos d\u00edas de descanso con su familia en la ciudad de Torres, en el sur de Brasil.<\/p>\n<p>A su vez, se hab\u00eda programado tener una conversaci\u00f3n espec\u00edfica con el prefecto Maher, para proponerle la celebraci\u00f3n de un convenio de cooperaci\u00f3n tur\u00edstica entre las ciudades de Col\u00f3n y de Barra Do Quara\u00ed, ya que esta \u00faltima, por ser fronteriza con la Rep\u00fablica Argentina y lugar de paso de muchos extranjeros hacia el pa\u00eds, se constituye en un lugar estrat\u00e9gico para el desarrollo de Col\u00f3n como destino de turismo internacional y desarrollo productivo e industrial.<\/p>\n<p>De acuerdo a la cronolog\u00eda planeada, el intendente y su familia ten\u00edan pensado llegar a la ciudad de Torres el d\u00eda 9 de diciembre, v\u00eda Paso de los Libres, donde realizaron los tr\u00e1mites migratorios, para poder disfrutar el primer d\u00eda de descanso y que el intendente Walser quedara cerca para el evento del otro d\u00eda, que tendr\u00eda lugar a las 10 de la ma\u00f1ana en la ciudad de Porto Alegre, que se encuentra a menos de 200 km (2 horas en auto), del lugar de descanso familiar. Finalizado el programa oficial, la idea era reunirse con su familia para completar los d\u00edas de descanso.<\/p>\n<p>Cabe se\u00f1alar que Walser abon\u00f3 tanto el combustible como los peajes y las reservas de hotel en Brasil por sus propios medios, no habiendo solicitado vi\u00e1ticos para ello.<\/p>\n<p>Lamentablemente, el d\u00eda 9 de diciembre, estando muy pr\u00f3ximos a llegar al lugar de descanso en la ciudad de Torres, aproximadamente a las 17, producto de las intensas lluvias que hab\u00eda en el lugar, el veh\u00edculo oficial Mitsubishi de 7 asientos, conducido por el intendente Walser, sufri\u00f3 un despiste generado por un \u201cespejo de agua\u201d, que hizo volcar la camioneta por el barranco que bordea la Ruta N\u00b0 101, muy cerca de Torres, a la altura aproximada del Km 12 norte, y produjo el accidente sufrido por la familia. Todos los ocupantes llevaban puestos el cintur\u00f3n de seguridad.<\/p>\n<p>Dicho siniestro provoc\u00f3 heridas graves y lesiones en todos los miembros de la familia, siendo una de las hijas menores y su esposa y secretaria privada, Gimena Bordet, quienes se llevaron la peor parte. La peque\u00f1a sufri\u00f3 quebradura de cadera.<\/p>\n<p>En tanto, la esposa tuvo perforaci\u00f3n de pulmones, fractura de clav\u00edcula, aplastamiento de pelvis y sangrado en uno de sus ri\u00f1ones, todo lo que implic\u00f3 que tuviera que ser intervenida quir\u00fargicamente de urgencia en la ciudad de Torres y esa misma noche ser trasladada a la ciudad de Porto Alegre, al Hospital \u201cCristo Redentor\u201d en el sistema p\u00fablico gratuito (SUS) de Brasil, que cuenta con mejores unidades de cuidado intensivo y desde dicho momento se encuentra en Terapia Intensiva, con un cuadro estable complejo.<\/p>\n<p>Walser abon\u00f3 el traslado en ambulancia de su hija Juanita desde Torres hasta Uruguaiana, acompa\u00f1ada por una t\u00eda. All\u00ed se realiz\u00f3 el traspaso a otra unidad de la empresa EMER, formalizado mediante autoridades consulares. La empresa privada no cobr\u00f3 por dicho servicio.<\/p>\n<p>El resto de los hijos, lo hizo en el veh\u00edculo de un t\u00edo, que los traslad\u00f3 desde Torres hasta la ciudad de Col\u00f3n.<\/p>\n<p>El informe oficial de la Municipalidad de Col\u00f3n da cuenta que por estas horas Se espera la evoluci\u00f3n de Gimena Bordet, quien luego de 2 semanas con la asistencia de respirador, este lunes fue intervenida con una traqueotom\u00eda para continuar con su recuperaci\u00f3n.<\/p>\n<p>\u201cSeguimos rezando para que, pronto, toda la familia pueda reunirse en su hogar\u201d, dijeron desde el Municipio.<\/p>\n<p>\u00a0<\/p>\n<p>\u00a0<\/p>\n<p>De la Redacci\u00f3n de Entre R\u00edos Ahora<\/p>\n<p>\u00a0\u00a0 \u00a0 El 9 de diciembre el intendente de Col\u00f3n, Jos\u00e9 Luis Walser, se encontraba de viaje por una ruta del sur de Brasil y sufri\u00f3 un grave accidente automovil\u00edstico, producto de lo cual su esposa y secretaria privada en la Municipalidad, Gimena Bordet, tuvo graves consecuencias: perforaci\u00f3n de pulmones, fractura de clav\u00edcula, aplastamiento de<\/p>","protected":false},"excerpt":{"rendered":"<div class=\"mh-excerpt\"><p>\u200b\u00a0 \u200b\u00a0 \u200b \u00a0 \u00a0 El 9 de diciembre el intendente de Col\u00f3n, Jos\u00e9 Luis Walser, se encontraba de viaje por una ruta del sur <a class=\"mh-excerpt-more\" href=\"https:\/\/fmlibertadfeliciano.com.ar\/?p=2474\" title=\"C\u00f3mo fue el accidente de Walser: la evoluci\u00f3n de su esposa\">[&#8230;]<\/a><\/p>\n<\/div>","protected":false},"author":1,"featured_media":0,"comment_status":"open","ping_status":"open","sticky":false,"template":"","format":"standard","meta":{"footnotes":""},"categories":[1],"tags":[],"class_list":["post-2474","post","type-post","status-publish","format-standard","hentry","category-sin-categoria"],"_links":{"self":[{"href":"https:\/\/fmlibertadfeliciano.com.ar\/index.php?rest_route=\/wp\/v2\/posts\/2474","targetHints":{"allow":["GET"]}}],"collection":[{"href":"https:\/\/fmlibertadfeliciano.com.ar\/index.php?rest_route=\/wp\/v2\/posts"}],"about":[{"href":"https:\/\/fmlibertadfeliciano.com.ar\/index.php?rest_route=\/wp\/v2\/types\/post"}],"author":[{"embeddable":true,"href":"https:\/\/fmlibertadfeliciano.com.ar\/index.php?rest_route=\/wp\/v2\/users\/1"}],"replies":[{"embeddable":true,"href":"https:\/\/fmlibertadfeliciano.com.ar\/index.php?rest_route=%2Fwp%2Fv2%2Fcomments&post=2474"}],"version-history":[{"count":0,"href":"https:\/\/fmlibertadfeliciano.com.ar\/index.php?rest_route=\/wp\/v2\/posts\/2474\/revisions"}],"wp:attachment":[{"href":"https:\/\/fmlibertadfeliciano.com.ar\/index.php?rest_route=%2Fwp%2Fv2%2Fmedia&parent=2474"}],"wp:term":[{"taxonomy":"category","embeddable":true,"href":"https:\/\/fmlibertadfeliciano.com.ar\/index.php?rest_route=%2Fwp%2Fv2%2Fcategories&post=2474"},{"taxonomy":"post_tag","embeddable":true,"href":"https:\/\/fmlibertadfeliciano.com.ar\/index.php?rest_route=%2Fwp%2Fv2%2Ftags&post=2474"}],"curies":[{"name":"wp","href":"https:\/\/api.w.org\/{rel}","templated":true}]}}