{"id":2479,"date":"2026-01-02T14:08:52","date_gmt":"2026-01-02T14:08:52","guid":{"rendered":"https:\/\/fmlibertadfeliciano.com.ar\/?p=2479"},"modified":"2026-01-02T14:08:52","modified_gmt":"2026-01-02T14:08:52","slug":"fallecio-el-hombre-que-habia-sido-apunalado-por-un-adolescente-en-la-paz","status":"publish","type":"post","link":"https:\/\/fmlibertadfeliciano.com.ar\/?p=2479","title":{"rendered":"Falleci\u00f3 el hombre que hab\u00eda sido apu\u00f1alado por un adolescente en La Paz"},"content":{"rendered":"<p>\u200b\u00a0<\/p>\n<p>\u200b\u00a0<\/p>\n<p>\u200b<\/p>\n<p><strong>El hombre de 30 a\u00f1os que\u00a0<a href=\"https:\/\/ahora.com.ar\/policiales\/adolescente-detenido-tras-violento-ataque-con-arma-blanca-en-la-paz\">hab\u00eda sido herido con un arma blanca en La Paz<\/a>\u00a0el mi\u00e9rcoles, finalmente muri\u00f3 este jueves 1 de enero<\/strong>. La v\u00edctima fue identificada como\u00a0<strong>Emanuel Valdez.<\/strong>\u00a0El agresor, de 16 a\u00f1os, quedar\u00e1 imputado por homicidio en las pr\u00f3ximas horas.<\/p>\n<h2 class=\"wp-block-heading\">EL HECHO<\/h2>\n<p>El hecho ocurri\u00f3 alrededor de la 1:20 y dej\u00f3 como saldo a la v\u00edctima con\u00a0<strong>lesiones graves provocadas por el uso de un arma blanca<\/strong>, seg\u00fan informaron fuentes policiales de la Departamental La Paz.<\/p>\n<p>El herido fue trasladado de urgencia al Hospital 9 de Julio,\u00a0<strong>donde debi\u00f3 ser sometido a una intervenci\u00f3n quir\u00fargica y permanece bajo asistencia m\u00e9dica.<\/strong><\/p>\n<p>Desde la fuerza indicaron que, tras las averiguaciones y testimonios recabados,\u00a0<strong>se logr\u00f3 identificar al presunto autor del ataque: un menor de 16 a\u00f1os, quien fue aprehendido y puesto a disposici\u00f3n de la autoridad judicial competente.<\/strong><\/p>\n<p>En el marco de la investigaci\u00f3n,<strong>\u00a0la Polic\u00eda procedi\u00f3 al secuestro de un arma blanca y prendas de vestir vinculadas al hecho. Las actuaciones contin\u00faan con intervenci\u00f3n de organismos judiciales y de protecci\u00f3n de menores.<\/strong><\/p>\n<p>\u00a0El hombre de 30 a\u00f1os que\u00a0hab\u00eda sido herido con un arma blanca en La Paz\u00a0el mi\u00e9rcoles, finalmente muri\u00f3 este jueves 1 de enero. La v\u00edctima fue identificada como\u00a0Emanuel Valdez.\u00a0El agresor, de 16 a\u00f1os, quedar\u00e1 imputado por homicidio en las pr\u00f3ximas horas. EL HECHO El hecho ocurri\u00f3 alrededor de la 1:20 y dej\u00f3 como saldo a \u2026<\/p>","protected":false},"excerpt":{"rendered":"<div class=\"mh-excerpt\"><p>\u200b\u00a0 \u200b\u00a0 \u200b El hombre de 30 a\u00f1os que\u00a0hab\u00eda sido herido con un arma blanca en La Paz\u00a0el mi\u00e9rcoles, finalmente muri\u00f3 este jueves 1 de <a class=\"mh-excerpt-more\" href=\"https:\/\/fmlibertadfeliciano.com.ar\/?p=2479\" title=\"Falleci\u00f3 el hombre que hab\u00eda sido apu\u00f1alado por un adolescente en La Paz\">[&#8230;]<\/a><\/p>\n<\/div>","protected":false},"author":1,"featured_media":0,"comment_status":"open","ping_status":"open","sticky":false,"template":"","format":"standard","meta":{"footnotes":""},"categories":[1],"tags":[],"class_list":["post-2479","post","type-post","status-publish","format-standard","hentry","category-sin-categoria"],"_links":{"self":[{"href":"https:\/\/fmlibertadfeliciano.com.ar\/index.php?rest_route=\/wp\/v2\/posts\/2479","targetHints":{"allow":["GET"]}}],"collection":[{"href":"https:\/\/fmlibertadfeliciano.com.ar\/index.php?rest_route=\/wp\/v2\/posts"}],"about":[{"href":"https:\/\/fmlibertadfeliciano.com.ar\/index.php?rest_route=\/wp\/v2\/types\/post"}],"author":[{"embeddable":true,"href":"https:\/\/fmlibertadfeliciano.com.ar\/index.php?rest_route=\/wp\/v2\/users\/1"}],"replies":[{"embeddable":true,"href":"https:\/\/fmlibertadfeliciano.com.ar\/index.php?rest_route=%2Fwp%2Fv2%2Fcomments&post=2479"}],"version-history":[{"count":0,"href":"https:\/\/fmlibertadfeliciano.com.ar\/index.php?rest_route=\/wp\/v2\/posts\/2479\/revisions"}],"wp:attachment":[{"href":"https:\/\/fmlibertadfeliciano.com.ar\/index.php?rest_route=%2Fwp%2Fv2%2Fmedia&parent=2479"}],"wp:term":[{"taxonomy":"category","embeddable":true,"href":"https:\/\/fmlibertadfeliciano.com.ar\/index.php?rest_route=%2Fwp%2Fv2%2Fcategories&post=2479"},{"taxonomy":"post_tag","embeddable":true,"href":"https:\/\/fmlibertadfeliciano.com.ar\/index.php?rest_route=%2Fwp%2Fv2%2Ftags&post=2479"}],"curies":[{"name":"wp","href":"https:\/\/api.w.org\/{rel}","templated":true}]}}