{"id":2482,"date":"2026-01-02T13:52:18","date_gmt":"2026-01-02T13:52:18","guid":{"rendered":"https:\/\/fmlibertadfeliciano.com.ar\/?p=2482"},"modified":"2026-01-02T13:52:18","modified_gmt":"2026-01-02T13:52:18","slug":"se-formalizo-el-convenio-entre-la-policia-de-entre-rios-y-el-colegio-de-psicologos","status":"publish","type":"post","link":"https:\/\/fmlibertadfeliciano.com.ar\/?p=2482","title":{"rendered":"Se formaliz\u00f3 el convenio entre la Polic\u00eda de Entre R\u00edos y el Colegio de Psic\u00f3logos"},"content":{"rendered":"<p>\u200b\u00a0<\/p>\n<p>\u200b\u00a0<\/p>\n<p>\u200b<\/p>\n<p>El Gobierno de la Provincia de Entre R\u00edos public\u00f3 la aprobaci\u00f3n del \u00abConvenio Marco de Trabajo Institucional\u00bb entre la\u00a0<strong>Polic\u00eda de Entre R\u00edos (P.E.R.)<\/strong>\u00a0y el\u00a0<strong>Colegio de Profesionales de la Psicolog\u00eda de Entre R\u00edos (Coper)<\/strong>. El documento, que fue registrado originalmente en la Escriban\u00eda Mayor de Gobierno el 16 de octubre de 2025, estableci\u00f3 las bases para la cooperaci\u00f3n entre ambas entidades y fue publicado en el Bolet\u00edn Oficial N\u00ba 28.248.<\/p>\n<div class=\"adserver-zonas-noticias bannerLoaded\" data-index=\"0\"><\/div>\n<h3><strong>Alcance y objetivos del sistema<\/strong><\/h3>\n<div class=\"adserver-zonas-noticias\" data-index=\"1\"><\/div>\n<p>El acuerdo tuvo como objetivo principal\u00a0<strong>\u00abllevar a cabo el intercambio rec\u00edproco de cooperaci\u00f3n mutua tendiente a establecer un sistema de atenci\u00f3n de salud mental para Oficiales, Suboficiales, Agentes, Cadetes y Personal Civil de la Polic\u00eda\u00bb<\/strong>. Seg\u00fan los t\u00e9rminos del texto, la atenci\u00f3n se deleg\u00f3 en los profesionales matriculados en el colegio provincial.<\/p>\n<div class=\"adserver-zonas-noticias\" data-index=\"2\"><\/div>\n<p>Sin embargo, el convenio funcion\u00f3 solo como una estructura general. Las partes determinaron que la\u00a0<strong>\u00abmetodolog\u00eda, alcance, duraci\u00f3n, costo, reglamentaci\u00f3n, t\u00e9rminos y condiciones\u00bb<\/strong>\u00a0deb\u00edan ser definidos posteriormente mediante convenios espec\u00edficos aprobados por mutuo acuerdo. Adem\u00e1s, se dej\u00f3 constancia de que la firma de este marco inicial\u00a0<strong>\u00abno implica ning\u00fan compromiso previo de orden econ\u00f3mico o financiero a cargo de las partes comparecientes\u00bb<\/strong>.<\/p>\n<div class=\"adserver-zonas-noticias\" data-index=\"3\"><\/div>\n<h3><strong>Condiciones de exclusividad y vigencia<\/strong><\/h3>\n<div class=\"adserver-zonas-noticias bannerLoaded\" data-index=\"4\"><\/div>\n<p>En cuanto a la relaci\u00f3n administrativa, el convenio aclar\u00f3 que\u00a0<strong>\u00abno representa un compromiso de exclusividad\u00bb<\/strong>, permitiendo que cada instituci\u00f3n desarrollara sus actividades de forma independiente o mediante asociaciones con terceros. Asimismo, las partes\u00a0<strong>\u00abmantuvieron en todo momento la independencia de sus estructuras t\u00e9cnicas y administrativas\u00bb<\/strong>.<\/p>\n<div class=\"adserver-zonas-noticias\" data-index=\"5\"><\/div>\n<p>Respecto a la duraci\u00f3n y rescisi\u00f3n:<\/p>\n<div class=\"adserver-zonas-noticias\" data-index=\"6\"><\/div>\n<ul>\n<li>El compromiso se pact\u00f3 por un plazo de\u00a0<strong>DOS (2) A\u00d1OS<\/strong>.<\/li>\n<li>Se estableci\u00f3 una cl\u00e1usula de\u00a0<strong>\u00abrenovaci\u00f3n autom\u00e1tica\u00bb<\/strong>, salvo que alguna de las partes se opusiera con una antelaci\u00f3n de 90 d\u00edas.<\/li>\n<li>Se habilit\u00f3 la posibilidad de rescisi\u00f3n anticipada con un aviso previo de\u00a0<strong>treinta (30) d\u00edas<\/strong>, sin derecho a reclamos de indemnizaci\u00f3n.<\/li>\n<\/ul>\n<div class=\"adserver-zonas-noticias\" data-index=\"7\"><\/div>\n<h3><strong>Implementaci\u00f3n legal<\/strong><\/h3>\n<div class=\"adserver-zonas-noticias\" data-index=\"8\"><\/div>\n<p>El proceso administrativo cont\u00f3 con la intervenci\u00f3n de la Divisi\u00f3n de Asuntos Jur\u00eddicos de la Polic\u00eda y de la Direcci\u00f3n General de Asuntos Jur\u00eddicos del Ministerio de Seguridad y Justicia, quienes no presentaron objeciones legales al texto. Finalmente, el acuerdo se celebr\u00f3\u00a0<strong>\u00abad refer\u00e9ndum\u00bb<\/strong>\u00a0del Poder Ejecutivo Provincial, cumpliendo con la normativa de la Constituci\u00f3n Provincial y el Reglamento General de Polic\u00eda. (APFDigital)<\/p>\n<p>\u00a0El Gobierno de la Provincia de Entre R\u00edos public\u00f3 la aprobaci\u00f3n del \u00abConvenio Marco de Trabajo Institucional\u00bb entre la\u00a0Polic\u00eda de Entre R\u00edos (P.E.R.)\u00a0y el\u00a0Colegio de Profesionales de la Psicolog\u00eda de Entre R\u00edos (Coper). El documento, que fue registrado originalmente en la Escriban\u00eda Mayor de Gobierno el 16 de octubre de 2025, estableci\u00f3 las bases para \u2026<\/p>","protected":false},"excerpt":{"rendered":"<div class=\"mh-excerpt\"><p>\u200b\u00a0 \u200b\u00a0 \u200b El Gobierno de la Provincia de Entre R\u00edos public\u00f3 la aprobaci\u00f3n del \u00abConvenio Marco de Trabajo Institucional\u00bb entre la\u00a0Polic\u00eda de Entre R\u00edos <a class=\"mh-excerpt-more\" href=\"https:\/\/fmlibertadfeliciano.com.ar\/?p=2482\" title=\"Se formaliz\u00f3 el convenio entre la Polic\u00eda de Entre R\u00edos y el Colegio de Psic\u00f3logos\">[&#8230;]<\/a><\/p>\n<\/div>","protected":false},"author":1,"featured_media":0,"comment_status":"open","ping_status":"open","sticky":false,"template":"","format":"standard","meta":{"footnotes":""},"categories":[1],"tags":[],"class_list":["post-2482","post","type-post","status-publish","format-standard","hentry","category-sin-categoria"],"_links":{"self":[{"href":"https:\/\/fmlibertadfeliciano.com.ar\/index.php?rest_route=\/wp\/v2\/posts\/2482","targetHints":{"allow":["GET"]}}],"collection":[{"href":"https:\/\/fmlibertadfeliciano.com.ar\/index.php?rest_route=\/wp\/v2\/posts"}],"about":[{"href":"https:\/\/fmlibertadfeliciano.com.ar\/index.php?rest_route=\/wp\/v2\/types\/post"}],"author":[{"embeddable":true,"href":"https:\/\/fmlibertadfeliciano.com.ar\/index.php?rest_route=\/wp\/v2\/users\/1"}],"replies":[{"embeddable":true,"href":"https:\/\/fmlibertadfeliciano.com.ar\/index.php?rest_route=%2Fwp%2Fv2%2Fcomments&post=2482"}],"version-history":[{"count":0,"href":"https:\/\/fmlibertadfeliciano.com.ar\/index.php?rest_route=\/wp\/v2\/posts\/2482\/revisions"}],"wp:attachment":[{"href":"https:\/\/fmlibertadfeliciano.com.ar\/index.php?rest_route=%2Fwp%2Fv2%2Fmedia&parent=2482"}],"wp:term":[{"taxonomy":"category","embeddable":true,"href":"https:\/\/fmlibertadfeliciano.com.ar\/index.php?rest_route=%2Fwp%2Fv2%2Fcategories&post=2482"},{"taxonomy":"post_tag","embeddable":true,"href":"https:\/\/fmlibertadfeliciano.com.ar\/index.php?rest_route=%2Fwp%2Fv2%2Ftags&post=2482"}],"curies":[{"name":"wp","href":"https:\/\/api.w.org\/{rel}","templated":true}]}}