{"id":2483,"date":"2026-01-02T12:41:54","date_gmt":"2026-01-02T12:41:54","guid":{"rendered":"https:\/\/fmlibertadfeliciano.com.ar\/?p=2483"},"modified":"2026-01-02T12:41:54","modified_gmt":"2026-01-02T12:41:54","slug":"en-2025-el-gobierno-formo-a-mas-de-1200-agentes-del-estado-en-materia-ambiental","status":"publish","type":"post","link":"https:\/\/fmlibertadfeliciano.com.ar\/?p=2483","title":{"rendered":"En 2025 el Gobierno form\u00f3 a m\u00e1s de 1200 agentes del Estado en materia ambiental"},"content":{"rendered":"<p>\u200b\u00a0<\/p>\n<p>\u200b\u00a0<\/p>\n<p>\u200b<img loading=\"lazy\" decoding=\"async\" width=\"300\" height=\"200\" src=\"https:\/\/www.eldiario.com.ar\/wp-content\/uploads\/2026\/01\/image-1-20x13.jpeg\" class=\"webfeedsFeaturedVisual jl-lazyload lazyload wp-post-image\" alt=\"\" data-src=\"https:\/\/www.eldiario.com.ar\/wp-content\/uploads\/2026\/01\/image-1-300x200.jpeg\" \/><\/p>\n<hr class=\"wp-block-separator has-alpha-channel-opacity\" \/>\n<hr class=\"wp-block-separator has-alpha-channel-opacity\" \/>\n<p>Esta iniciativa, sustentada en la Ley Provincial N\u00b010.948, consolida la capacitaci\u00f3n obligatoria en materia ambiental para todos los niveles y jerarqu\u00edas del Estado, garantizando una formaci\u00f3n integral que sit\u00faa al desarrollo sostenible como un eje estrat\u00e9gico y transversal de la gesti\u00f3n entrerriana.<\/p>\n<figure class=\"wp-block-image size-large\"><img loading=\"lazy\" decoding=\"async\" width=\"1024\" height=\"683\" src=\"https:\/\/www.eldiario.com.ar\/wp-content\/uploads\/2026\/01\/image-1-1024x683.jpeg\" alt=\"\" class=\"wp-image-482895\" \/><\/figure>\n<p><a href=\"https:\/\/web.whatsapp.com\/send?text=En%202025%20el%20Gobierno%20form%C3%B3%20a%20m%C3%A1s%20de%201200%20agentes%20del%20Estado%20en%20materia%20ambiental%20%20-%20https%3A%2F%2Fportal.entrerios.gov.ar%2Fnoticias%2F48520\" target=\"_blank\" rel=\"noreferrer noopener\"><\/a><a href=\"https:\/\/twitter.com\/intent\/tweet?text=En%202025%20el%20Gobierno%20form%C3%B3%20a%20m%C3%A1s%20de%201200%20agentes%20del%20Estado%20en%20materia%20ambiental&amp;url=https%3A%2F%2Fportal.entrerios.gov.ar%2Fnoticias%2F48520\" target=\"_blank\" rel=\"noreferrer noopener\"><\/a><a href=\"https:\/\/www.facebook.com\/sharer\/sharer.php?u=https:\/\/portal.entrerios.gov.ar\/noticias\/48520\" target=\"_blank\" rel=\"noreferrer noopener\"><\/a><\/p>\n<p>Este proceso formativo, encarado desde el Ministerio de Desarrollo Econ\u00f3mico, a trav\u00e9s de la Secretar\u00eda de Ambiente; y el Instituto de Formaci\u00f3n Legislativa de la Vicegobernaci\u00f3n, responde a la necesidad de dotar a los cuadros t\u00e9cnicos y pol\u00edticos de herramientas s\u00f3lidas para afrontar los desaf\u00edos ambientales contempor\u00e1neos.<\/p>\n<p>La propuesta busca internalizar una visi\u00f3n hol\u00edstica y \u00e9tica de la funci\u00f3n p\u00fablica, donde la planificaci\u00f3n de pol\u00edticas estatales no solo contemple el rigor t\u00e9cnico, sino que promueva un modelo de desarrollo productivo y sostenible.<\/p>\n<p>La implementaci\u00f3n de este programa se llev\u00f3 adelante de forma 100 por ciento virtual y asincr\u00f3nica, facilitando el acceso y la participaci\u00f3n de los destinatarios sin distinciones de rol o modalidad de contrataci\u00f3n. Durante las seis semanas de cursado, los participantes trabajan en la construcci\u00f3n de nuevos saberes y en la adopci\u00f3n de pr\u00e1cticas sostenibles para sus operaciones diarias, culminando el trayecto con una evaluaci\u00f3n integradora que acredita el compromiso individual e institucional con la sostenibilidad ambiental.<\/p>\n<p>Con este avance, la provincia de Entre R\u00edos reafirma su compromiso con el cumplimiento de la Ley Yolanda, norma de alcance nacional N\u00b0 27.592, y fortalece su liderazgo regional en la construcci\u00f3n de un Estado moderno y responsable. Este logro representa una inversi\u00f3n en capital humano que asegura que el dise\u00f1o y la ejecuci\u00f3n de las pol\u00edticas p\u00fablicas locales est\u00e9n a la altura de las demandas de la sociedad, garantizando un futuro donde la preservaci\u00f3n del patrimonio natural sea el pilar del crecimiento y el bienestar de todos los entrerrianos.<\/p>\n<p>\u00a0Esta iniciativa, sustentada en la Ley Provincial N\u00b010.948, consolida la capacitaci\u00f3n obligatoria en materia ambiental para todos los niveles y jerarqu\u00edas del Estado, garantizando una formaci\u00f3n integral que sit\u00faa al desarrollo sostenible como un eje estrat\u00e9gico y transversal de la gesti\u00f3n entrerriana. Este proceso formativo, encarado desde el Ministerio de Desarrollo Econ\u00f3mico, a trav\u00e9s de<\/p>","protected":false},"excerpt":{"rendered":"<div class=\"mh-excerpt\"><p>\u200b\u00a0 \u200b\u00a0 \u200b Esta iniciativa, sustentada en la Ley Provincial N\u00b010.948, consolida la capacitaci\u00f3n obligatoria en materia ambiental para todos los niveles y jerarqu\u00edas del <a class=\"mh-excerpt-more\" href=\"https:\/\/fmlibertadfeliciano.com.ar\/?p=2483\" title=\"En 2025 el Gobierno form\u00f3 a m\u00e1s de 1200 agentes del Estado en materia ambiental\">[&#8230;]<\/a><\/p>\n<\/div>","protected":false},"author":1,"featured_media":2484,"comment_status":"open","ping_status":"open","sticky":false,"template":"","format":"standard","meta":{"footnotes":""},"categories":[1],"tags":[],"class_list":["post-2483","post","type-post","status-publish","format-standard","has-post-thumbnail","hentry","category-sin-categoria"],"_links":{"self":[{"href":"https:\/\/fmlibertadfeliciano.com.ar\/index.php?rest_route=\/wp\/v2\/posts\/2483","targetHints":{"allow":["GET"]}}],"collection":[{"href":"https:\/\/fmlibertadfeliciano.com.ar\/index.php?rest_route=\/wp\/v2\/posts"}],"about":[{"href":"https:\/\/fmlibertadfeliciano.com.ar\/index.php?rest_route=\/wp\/v2\/types\/post"}],"author":[{"embeddable":true,"href":"https:\/\/fmlibertadfeliciano.com.ar\/index.php?rest_route=\/wp\/v2\/users\/1"}],"replies":[{"embeddable":true,"href":"https:\/\/fmlibertadfeliciano.com.ar\/index.php?rest_route=%2Fwp%2Fv2%2Fcomments&post=2483"}],"version-history":[{"count":0,"href":"https:\/\/fmlibertadfeliciano.com.ar\/index.php?rest_route=\/wp\/v2\/posts\/2483\/revisions"}],"wp:featuredmedia":[{"embeddable":true,"href":"https:\/\/fmlibertadfeliciano.com.ar\/index.php?rest_route=\/wp\/v2\/media\/2484"}],"wp:attachment":[{"href":"https:\/\/fmlibertadfeliciano.com.ar\/index.php?rest_route=%2Fwp%2Fv2%2Fmedia&parent=2483"}],"wp:term":[{"taxonomy":"category","embeddable":true,"href":"https:\/\/fmlibertadfeliciano.com.ar\/index.php?rest_route=%2Fwp%2Fv2%2Fcategories&post=2483"},{"taxonomy":"post_tag","embeddable":true,"href":"https:\/\/fmlibertadfeliciano.com.ar\/index.php?rest_route=%2Fwp%2Fv2%2Ftags&post=2483"}],"curies":[{"name":"wp","href":"https:\/\/api.w.org\/{rel}","templated":true}]}}