{"id":2487,"date":"2026-01-03T04:17:23","date_gmt":"2026-01-03T04:17:23","guid":{"rendered":"https:\/\/fmlibertadfeliciano.com.ar\/?p=2487"},"modified":"2026-01-03T04:17:23","modified_gmt":"2026-01-03T04:17:23","slug":"la-seleccion-de-juez-de-paz-en-crespo-paso-para-el-lunes-5","status":"publish","type":"post","link":"https:\/\/fmlibertadfeliciano.com.ar\/?p=2487","title":{"rendered":"La selecci\u00f3n de juez de Paz en Crespo pas\u00f3 para el lunes 5"},"content":{"rendered":"<p>\u200b\u00a0<\/p>\n<p>\u200b\u00a0<\/p>\n<p>\u200b<span class=\"cb-itemprop\"><\/span><\/p>\n<p>\u00a0<\/p>\n<p>\u00a0<\/p>\n<p>El Concejo Deliberante de Crespo est\u00e1 convocado a sesi\u00f3n para este lunes 5, a las 7,30, para tratar como orden del d\u00eda la aprobaci\u00f3n de una terna a elevar al Poder Ejecutivo Provincial para designar al nuevo juez de Paz de la ciudad. La funcionaria que actualmente ejerce esa funcion, Vanesa Visconti, est\u00e1 en forma temporaria.<\/p>\n<p>Ya est\u00e1n los tres nombres de la terna.<\/p>\n<p>Los propuestos para cubrir el cargo son Rocio Dinorah Weber -escribiente actual en el Juzgado de Paz de Crespo-, Roc\u00edo Guadalupe Rodriguez Mayer -abogada, mediadora, oriunda de Nogoy\u00e1- y Jorge Alberto Kriger -abogado, socio de Beltr\u00e1n Cepeda, concejal oficialista-. El Concejo busca as\u00ed designar al titular del Juzgado de Paz en funci\u00f3n de lo que establece la Ley Org\u00e1nica de los Municipios N\u00b0 10.027. El proyecto se\u00f1ala que \u201cse seleccionaron profesionales de la ciudad que por su trayectoria vienen ejerciendo la profesi\u00f3n y que son conocidos dentro de la jurisdicci\u00f3n y respetados\u201d.<\/p>\n<blockquote class=\"wp-embedded-content\" data-secret=\"oxARvxYefL\">\n<p><a href=\"https:\/\/entreriosahora.com\/polemica-por-la-seleccion-de-juez-de-paz-en-crespo\/\">Pol\u00e9mica por la selecci\u00f3n de juez de Paz en Crespo<\/a><\/p>\n<\/blockquote>\n<p>\u00a0<\/p>\n<p>La Asociaci\u00f3n de la Magistratura y la Funci\u00f3n Judicial de Entre R\u00edos elev\u00f3 un planteo a la presidenta del Concejo Deliberante de Crespo, Jacinta Eberle, y transmiti\u00f3 la \u201cpreocupaci\u00f3n\u201d respecto al proyecto de decreto por el cual integran la terna de postulantes para Juez de Paz de Crespo.<\/p>\n<p>\u201cSi bien no desconocemos que resulta de competencia del Municipio de Crespo imponer las condiciones y procesos propios para, en este caso, la selecci\u00f3n de un cargo de Juez o Jueza de Paz de su jurisdicci\u00f3n, no puede perderse de vista que se trata de un\/a funcionario\/a que integrar\u00e1 el Poder Judicial provincial; por lo que la posici\u00f3n de la Asociaci\u00f3n que presido ha sido siempre la de que el acceso a tal cargo sea mediante un sistema de selecci\u00f3n que garantice la participaci\u00f3n igualitaria de los aspirantes al mismoy acredite debidamente su idoneidad para el cargo, a la vez que tambi\u00e9n la publicidad y transparencia del proceso, nada de lo cual sucede con el proyecto de decreto en estudio, aun cuando se haya cumplido con la normativa legal vigente\u201d, dice el texto de la nota que envi\u00f3 Alejandro C\u00e1nepa, presidente de la Asociaci\u00f3n de la Magistratura.<\/p>\n<p>\u00a0<\/p>\n<p>\u00a0<\/p>\n<p>De la Redacci\u00f3n de Entre R\u00edos Ahora<\/p>\n<p>\u00a0\u00a0 \u00a0 El Concejo Deliberante de Crespo est\u00e1 convocado a sesi\u00f3n para este lunes 5, a las 7,30, para tratar como orden del d\u00eda la aprobaci\u00f3n de una terna a elevar al Poder Ejecutivo Provincial para designar al nuevo juez de Paz de la ciudad. La funcionaria que actualmente ejerce esa funcion, Vanesa Visconti, est\u00e1<\/p>","protected":false},"excerpt":{"rendered":"<div class=\"mh-excerpt\"><p>\u200b\u00a0 \u200b\u00a0 \u200b \u00a0 \u00a0 El Concejo Deliberante de Crespo est\u00e1 convocado a sesi\u00f3n para este lunes 5, a las 7,30, para tratar como orden <a class=\"mh-excerpt-more\" href=\"https:\/\/fmlibertadfeliciano.com.ar\/?p=2487\" title=\"La selecci\u00f3n de juez de Paz en Crespo pas\u00f3 para el lunes 5\">[&#8230;]<\/a><\/p>\n<\/div>","protected":false},"author":1,"featured_media":0,"comment_status":"open","ping_status":"open","sticky":false,"template":"","format":"standard","meta":{"footnotes":""},"categories":[1],"tags":[],"class_list":["post-2487","post","type-post","status-publish","format-standard","hentry","category-sin-categoria"],"_links":{"self":[{"href":"https:\/\/fmlibertadfeliciano.com.ar\/index.php?rest_route=\/wp\/v2\/posts\/2487","targetHints":{"allow":["GET"]}}],"collection":[{"href":"https:\/\/fmlibertadfeliciano.com.ar\/index.php?rest_route=\/wp\/v2\/posts"}],"about":[{"href":"https:\/\/fmlibertadfeliciano.com.ar\/index.php?rest_route=\/wp\/v2\/types\/post"}],"author":[{"embeddable":true,"href":"https:\/\/fmlibertadfeliciano.com.ar\/index.php?rest_route=\/wp\/v2\/users\/1"}],"replies":[{"embeddable":true,"href":"https:\/\/fmlibertadfeliciano.com.ar\/index.php?rest_route=%2Fwp%2Fv2%2Fcomments&post=2487"}],"version-history":[{"count":0,"href":"https:\/\/fmlibertadfeliciano.com.ar\/index.php?rest_route=\/wp\/v2\/posts\/2487\/revisions"}],"wp:attachment":[{"href":"https:\/\/fmlibertadfeliciano.com.ar\/index.php?rest_route=%2Fwp%2Fv2%2Fmedia&parent=2487"}],"wp:term":[{"taxonomy":"category","embeddable":true,"href":"https:\/\/fmlibertadfeliciano.com.ar\/index.php?rest_route=%2Fwp%2Fv2%2Fcategories&post=2487"},{"taxonomy":"post_tag","embeddable":true,"href":"https:\/\/fmlibertadfeliciano.com.ar\/index.php?rest_route=%2Fwp%2Fv2%2Ftags&post=2487"}],"curies":[{"name":"wp","href":"https:\/\/api.w.org\/{rel}","templated":true}]}}