{"id":2490,"date":"2026-01-03T02:29:20","date_gmt":"2026-01-03T02:29:20","guid":{"rendered":"https:\/\/fmlibertadfeliciano.com.ar\/?p=2490"},"modified":"2026-01-03T02:29:20","modified_gmt":"2026-01-03T02:29:20","slug":"desde-febrero-el-personal-del-cge-debera-cargar-datos-de-sus-hijos-para-las-asignaciones-familiares","status":"publish","type":"post","link":"https:\/\/fmlibertadfeliciano.com.ar\/?p=2490","title":{"rendered":"Desde febrero el personal del CGE deber\u00e1 cargar datos de sus hijos para las asignaciones familiares"},"content":{"rendered":"<p>\u200b\u00a0<\/p>\n<p>\u200b\u00a0<\/p>\n<p>\u200b<span class=\"cb-itemprop\"><\/span><\/p>\n<p>\u00a0<\/p>\n<p>\u00a0<\/p>\n<p>El Consejo General de Educaci\u00f3n (CGE) dispuso que todo el personal dependiente del organismo, que tenga hijos de 18 a 22 a\u00f1os, deber\u00e1 cargar desde febrero de manera digital la documentaci\u00f3n para continuar percibiendo las asignaciones familiares.<\/p>\n<p>La carga de la documentaci\u00f3n que \u00fanicamente se recibe de manera digital en formato PDF, debe hacerse virtual a trav\u00e9s del Sistema de Administraci\u00f3n de la Gesti\u00f3n Educativa (SAGE), hasta el 31 de mayo de ese a\u00f1o.<\/p>\n<p>Se record\u00f3 adem\u00e1s, que el beneficio seg\u00fan lo establece la Ley, corresponde hasta el momento que cumple los 23 a\u00f1os.<\/p>\n<p>La documentaci\u00f3n solicitada es el certificado de alumno regular (periodo 2026) y certificaci\u00f3n negativa de ANSES (periodo 2026), que debe realizarse por los \u00faltimos tres meses.<\/p>\n<p>Se aclara tambi\u00e9n, que no se requiere para asignaciones familiares, presentar documentaci\u00f3n referente a la finalizaci\u00f3n de estudios para el per\u00edodo 2025.<\/p>\n<p>\u00a0<\/p>\n<p>De la Redacci\u00f3n de Entre R\u00edos Ahora<\/p>\n<p>\u00a0\u00a0 \u00a0 El Consejo General de Educaci\u00f3n (CGE) dispuso que todo el personal dependiente del organismo, que tenga hijos de 18 a 22 a\u00f1os, deber\u00e1 cargar desde febrero de manera digital la documentaci\u00f3n para continuar percibiendo las asignaciones familiares. La carga de la documentaci\u00f3n que \u00fanicamente se recibe de manera digital en formato PDF, debe<\/p>","protected":false},"excerpt":{"rendered":"<div class=\"mh-excerpt\"><p>\u200b\u00a0 \u200b\u00a0 \u200b \u00a0 \u00a0 El Consejo General de Educaci\u00f3n (CGE) dispuso que todo el personal dependiente del organismo, que tenga hijos de 18 a <a class=\"mh-excerpt-more\" href=\"https:\/\/fmlibertadfeliciano.com.ar\/?p=2490\" title=\"Desde febrero el personal del CGE deber\u00e1 cargar datos de sus hijos para las asignaciones familiares\">[&#8230;]<\/a><\/p>\n<\/div>","protected":false},"author":1,"featured_media":0,"comment_status":"open","ping_status":"open","sticky":false,"template":"","format":"standard","meta":{"footnotes":""},"categories":[1],"tags":[],"class_list":["post-2490","post","type-post","status-publish","format-standard","hentry","category-sin-categoria"],"_links":{"self":[{"href":"https:\/\/fmlibertadfeliciano.com.ar\/index.php?rest_route=\/wp\/v2\/posts\/2490","targetHints":{"allow":["GET"]}}],"collection":[{"href":"https:\/\/fmlibertadfeliciano.com.ar\/index.php?rest_route=\/wp\/v2\/posts"}],"about":[{"href":"https:\/\/fmlibertadfeliciano.com.ar\/index.php?rest_route=\/wp\/v2\/types\/post"}],"author":[{"embeddable":true,"href":"https:\/\/fmlibertadfeliciano.com.ar\/index.php?rest_route=\/wp\/v2\/users\/1"}],"replies":[{"embeddable":true,"href":"https:\/\/fmlibertadfeliciano.com.ar\/index.php?rest_route=%2Fwp%2Fv2%2Fcomments&post=2490"}],"version-history":[{"count":0,"href":"https:\/\/fmlibertadfeliciano.com.ar\/index.php?rest_route=\/wp\/v2\/posts\/2490\/revisions"}],"wp:attachment":[{"href":"https:\/\/fmlibertadfeliciano.com.ar\/index.php?rest_route=%2Fwp%2Fv2%2Fmedia&parent=2490"}],"wp:term":[{"taxonomy":"category","embeddable":true,"href":"https:\/\/fmlibertadfeliciano.com.ar\/index.php?rest_route=%2Fwp%2Fv2%2Fcategories&post=2490"},{"taxonomy":"post_tag","embeddable":true,"href":"https:\/\/fmlibertadfeliciano.com.ar\/index.php?rest_route=%2Fwp%2Fv2%2Ftags&post=2490"}],"curies":[{"name":"wp","href":"https:\/\/api.w.org\/{rel}","templated":true}]}}