{"id":2833,"date":"2026-02-11T10:50:02","date_gmt":"2026-02-11T10:50:02","guid":{"rendered":"https:\/\/fmlibertadfeliciano.com.ar\/?p=2833"},"modified":"2026-02-11T10:50:02","modified_gmt":"2026-02-11T10:50:02","slug":"feliciano-suma-mas-luminarias-led-para-mejorar-la-iluminacion-urbana","status":"publish","type":"post","link":"https:\/\/fmlibertadfeliciano.com.ar\/?p=2833","title":{"rendered":"Feliciano suma m\u00e1s luminarias LED para mejorar la iluminaci\u00f3n urbana"},"content":{"rendered":"<p>\u200b\u00a0<\/p>\n<p>\u200b\u00a0<\/p>\n<p>\u200b<\/p>\n<p>El intendente de <strong>San Jos\u00e9 de Feliciano<\/strong>, <strong>Dami\u00e1n Ar\u00e9valo<\/strong>, inform\u00f3 la instalaci\u00f3n de <strong>16 nuevas luminarias LED<\/strong> en distintos sectores de la ciudad. Los equipos fueron colocados en <strong>calle Jujuy, entre Pueyrred\u00f3n y Mitre<\/strong>, y en <strong>calle Alvear, entre Tucum\u00e1n y Jujuy<\/strong>.<\/p>\n<figure class=\"wp-block-image size-large\"><img loading=\"lazy\" decoding=\"async\" width=\"1024\" height=\"768\" src=\"https:\/\/www.entrerrianodigital.com\/wp-content\/uploads\/2026\/02\/felicianosumailuminacion-1024x768.jpg\" alt=\"\" class=\"wp-image-15201\" \/><\/figure>\n<p>La iniciativa forma parte del plan municipal de <strong>mantenimiento y ampliaci\u00f3n de la iluminaci\u00f3n urbana<\/strong>, que busca mejorar la seguridad y calidad de vida de los vecinos.<\/p>\n<p><strong> Ar\u00e9valo <\/strong>destac\u00f3 que \u00ab<strong><em>el Municipio continuar\u00e1 trabajando para llegar a todas las calles que requieren una mejor iluminaci\u00f3n, respondiendo a la creciente demanda ciudadana\u00bb.<\/em><\/strong><\/p>\n<div class=\"entre-grupo-slider-rotativo-entre-noticias-pc\">\n<div class=\"ed-banner\"><img loading=\"lazy\" decoding=\"async\" src=\"https:\/\/www.entrerrianodigital.com\/wp-content\/uploads\/2024\/07\/07-728-x-90-Febrero-Carnavales-2026.jpg\" alt=\"\" width=\"728\" height=\"90\" \/><\/div>\n<\/div>\n<p>La entrada <a href=\"https:\/\/www.entrerrianodigital.com\/feliciano-suma-mas-luminarias-led-para-mejorar-la-iluminacion-urbana\/\">Feliciano suma m\u00e1s luminarias LED para mejorar la iluminaci\u00f3n urbana<\/a> se public\u00f3 primero en <a href=\"https:\/\/www.entrerrianodigital.com\/\">Entrerriano Digital<\/a>.<\/p>\n<p>\u00a0El municipio coloc\u00f3 16 nuevos equipos en calles Jujuy y Alvear, reforzando el mantenimiento y ampliaci\u00f3n de la luminosidad en la ciudad.<br \/>\nLa entrada Feliciano suma m\u00e1s luminarias LED para mejorar la iluminaci\u00f3n urbana se public\u00f3 primero en Entrerriano Digital.<\/p>","protected":false},"excerpt":{"rendered":"<div class=\"mh-excerpt\"><p>\u200b\u00a0 \u200b\u00a0 \u200b El intendente de San Jos\u00e9 de Feliciano, Dami\u00e1n Ar\u00e9valo, inform\u00f3 la instalaci\u00f3n de 16 nuevas luminarias LED en distintos sectores de la <a class=\"mh-excerpt-more\" href=\"https:\/\/fmlibertadfeliciano.com.ar\/?p=2833\" title=\"Feliciano suma m\u00e1s luminarias LED para mejorar la iluminaci\u00f3n urbana\">[&#8230;]<\/a><\/p>\n<\/div>","protected":false},"author":1,"featured_media":2834,"comment_status":"open","ping_status":"open","sticky":false,"template":"","format":"standard","meta":{"footnotes":""},"categories":[1],"tags":[],"class_list":["post-2833","post","type-post","status-publish","format-standard","has-post-thumbnail","hentry","category-sin-categoria"],"_links":{"self":[{"href":"https:\/\/fmlibertadfeliciano.com.ar\/index.php?rest_route=\/wp\/v2\/posts\/2833","targetHints":{"allow":["GET"]}}],"collection":[{"href":"https:\/\/fmlibertadfeliciano.com.ar\/index.php?rest_route=\/wp\/v2\/posts"}],"about":[{"href":"https:\/\/fmlibertadfeliciano.com.ar\/index.php?rest_route=\/wp\/v2\/types\/post"}],"author":[{"embeddable":true,"href":"https:\/\/fmlibertadfeliciano.com.ar\/index.php?rest_route=\/wp\/v2\/users\/1"}],"replies":[{"embeddable":true,"href":"https:\/\/fmlibertadfeliciano.com.ar\/index.php?rest_route=%2Fwp%2Fv2%2Fcomments&post=2833"}],"version-history":[{"count":0,"href":"https:\/\/fmlibertadfeliciano.com.ar\/index.php?rest_route=\/wp\/v2\/posts\/2833\/revisions"}],"wp:featuredmedia":[{"embeddable":true,"href":"https:\/\/fmlibertadfeliciano.com.ar\/index.php?rest_route=\/wp\/v2\/media\/2834"}],"wp:attachment":[{"href":"https:\/\/fmlibertadfeliciano.com.ar\/index.php?rest_route=%2Fwp%2Fv2%2Fmedia&parent=2833"}],"wp:term":[{"taxonomy":"category","embeddable":true,"href":"https:\/\/fmlibertadfeliciano.com.ar\/index.php?rest_route=%2Fwp%2Fv2%2Fcategories&post=2833"},{"taxonomy":"post_tag","embeddable":true,"href":"https:\/\/fmlibertadfeliciano.com.ar\/index.php?rest_route=%2Fwp%2Fv2%2Ftags&post=2833"}],"curies":[{"name":"wp","href":"https:\/\/api.w.org\/{rel}","templated":true}]}}