{"id":2842,"date":"2026-02-12T14:25:40","date_gmt":"2026-02-12T14:25:40","guid":{"rendered":"https:\/\/fmlibertadfeliciano.com.ar\/?p=2842"},"modified":"2026-02-12T14:25:40","modified_gmt":"2026-02-12T14:25:40","slug":"paritaria-boleas-dice-que-se-trabaja-en-la-propuesta-que-podemos-hacer","status":"publish","type":"post","link":"https:\/\/fmlibertadfeliciano.com.ar\/?p=2842","title":{"rendered":"Paritaria: Boleas dice que se trabaja en la propuesta \u00abque podemos hacer\u00bb"},"content":{"rendered":"<p>\u200b\u00a0<\/p>\n<p>\u200b\u00a0<\/p>\n<p>\u200b<span class=\"cb-itemprop\"><\/span><\/p>\n<p>\u00a0<\/p>\n<p>\u00a0<\/p>\n<p>El ministro de Hacienda, Fabi\u00e1n Boleas, habl\u00f3 de la situaci\u00f3n delicada de las finanzas p\u00fablicas, y asegur\u00f3 que \u201csomos muy prudentes en todo lo que tiene que ver con eso. Estamos abocados a implementar esta ley que pedimos de sostenibilidad de la deuda p\u00fablica, creemos que esa es la acci\u00f3n que tenemos que llevar adelante en la medida en que se pueda para tratar de traer un poco de alivio a las cuentas p\u00fablicas\u201d.<\/p>\n<p>\u201cSeguimos con la clara acci\u00f3n del Gobernador de ejecuci\u00f3n de obra p\u00fablica, fundamentalmente con lo que tiene que ver con la red vial, los establecimientos educativos y salud. Otra l\u00ednea de acci\u00f3n que afecta a las cuentas p\u00fablicas es el tema de la pol\u00edtica energ\u00e9tica y la tarifa: se eliminaron los impuestos y tasas municipales\u201d, asegur\u00f3 Boleas en declaraciones a R<em>adio La Voz<\/em>.<\/p>\n<p>En materia salarial, Boleas indic\u00f3: \u201cVenimos trabajando en la propuesta que podemos hacer, siempre en el marco de di\u00e1logo con los gremios. No tengo un n\u00famero para decir ahora. Estamos delineando, tratando de cerrar lo antes posible esa cuesti\u00f3n para luego plantearla. Va a ser algo que podamos cumplir, no vamos a comprometernos a nada que no podamos cumplir\u201d.<\/p>\n<p>En esa l\u00ednea, indic\u00f3 que \u201cest\u00e1bamos cerrando los \u00faltimos n\u00fameros de enero. Los ingresos tributarios de la Provincia cayeron en t\u00e9rminos reales un 7% enero contra enero. Son n\u00fameros que nos delimitan un marco de acci\u00f3n\u201d.<\/p>\n<p>Para mejorar los ingresos de la Provincia, dijo Boleas, \u201chay acciones que son propias, que las venimos trabajando y que tendremos que profundizarlas si es necesario, tiene que ver con la administraci\u00f3n tributaria provincial y ah\u00ed hay que accionar para levantar lo m\u00e1s posible los \u00edndices de cobrabilidad y dem\u00e1s. En materia de pol\u00edtica tributaria provincial hay que lograr la mayor eficiencia para bajar la presi\u00f3n tributaria y aliviar a los buenos contribuyentes\u201d.<\/p>\n<p>\u201cHemos venimos en una franca disminuci\u00f3n de la pol\u00edtica tributaria a trav\u00e9s de la eliminaci\u00f3n de m\u00e1s de 100 tasas, impuestos\u201d, agreg\u00f3.<\/p>\n<p>En cuanto al estado de la deuda, el Ministro indic\u00f3: \u201cSi comparamos a los \u00faltimos n\u00fameros cerrados venimos no solo cumpliendo con cada uno de los vencimientos sino que tambi\u00e9n en cuanto a stock medido en moneda dura venimos reduciendo\u201d.<\/p>\n<p>Con respecto al sistema previsional entrerriano, se\u00f1al\u00f3: \u201cSe han tomado muchas medidas y es necesario tomar otras. El Gobernador ha enumerado los lineamientos de las medidas que se est\u00e1n trabajando desde la Caja de Jubilaciones, tiene que ver un poco con la edad. No son medidas que se toman de un d\u00eda para el otro, que en la inmediatez le est\u00e1 cambiando uno las condiciones a alguien que ya ven\u00eda trabajando y ten\u00eda la expectativa de jubilarse el a\u00f1o que viene; se trabaja sobre una ventana de tiempo. Se est\u00e1n delineando los puntos principales de algunas medidas que consideramos que hay que tomar\u201d.<\/p>\n<p>Cerrada la auditor\u00eda de la Caja, \u201ctiene que surgir un n\u00famero de qu\u00e9 porci\u00f3n del d\u00e9ficit que tiene la Caja de Jubilaciones se tiene que hacer cargo Anses, tambi\u00e9n va a surgir un n\u00famero que refleje el stock de deuda. Nos interesa porque nos dar\u00eda orden, previsibilidad en fijar cu\u00e1l es la parte del d\u00e9ficit que tiene la Caja que tendr\u00eda que asumir ANSES y eso sea operativo m\u00ednimamente\u201d.<\/p>\n<p>\u201cLo que intentamos es ir tomando medidas sensatas que vayas en l\u00ednea de reducir el d\u00e9ficit de la Caja y darle racionalidad y previsibilidad a todo el sistema previsional\u201d, dijo.<\/p>\n<p>En materia de obras p\u00fablicas, se\u00f1al\u00f3 Boleas: \u201cEn el presupuesto 2026 est\u00e1n contempladas obras que ya se vienen realizando con financiamiento propio, pero adem\u00e1s tambi\u00e9n hay un art\u00edculo de autorizaci\u00f3n para endeudamiento para un paquete de obras que el Gobernador ha conseguido que los organismos internacionales nos miren y digan Entre R\u00edos es elegible. A medida que se vaya consiguiendo cupo para eso se ir\u00e1n firmando los convenios correspondientes\u201d.<\/p>\n<p>\u201cLas condiciones de mercado son las que uno tiene que ir evaluando para ver si salir o no salir, son esas las cosas que estamos evaluando, si se da la posibilidad y cu\u00e1ndo\u201d.<\/p>\n<p>Boleas enfatiz\u00f3, \u201cmi objetivo es consolidar este proceso pol\u00edtico que conduce Rogelio Frigerio. Estoy contento de la decisi\u00f3n tomada. Encarna un proyecto que nos va a permitir dar el salto cualitativo como entrerrianos y siento que trabajo para eso\u201d.<\/p>\n<p>\u00a0<\/p>\n<p>Fuente: Radio La Voz<\/p>\n<p>\u00a0\u00a0 \u00a0 El ministro de Hacienda, Fabi\u00e1n Boleas, habl\u00f3 de la situaci\u00f3n delicada de las finanzas p\u00fablicas, y asegur\u00f3 que \u201csomos muy prudentes en todo lo que tiene que ver con eso. Estamos abocados a implementar esta ley que pedimos de sostenibilidad de la deuda p\u00fablica, creemos que esa es la acci\u00f3n que tenemos que<\/p>","protected":false},"excerpt":{"rendered":"<div class=\"mh-excerpt\"><p>\u200b\u00a0 \u200b\u00a0 \u200b \u00a0 \u00a0 El ministro de Hacienda, Fabi\u00e1n Boleas, habl\u00f3 de la situaci\u00f3n delicada de las finanzas p\u00fablicas, y asegur\u00f3 que \u201csomos muy <a class=\"mh-excerpt-more\" href=\"https:\/\/fmlibertadfeliciano.com.ar\/?p=2842\" title=\"Paritaria: Boleas dice que se trabaja en la propuesta \u00abque podemos hacer\u00bb\">[&#8230;]<\/a><\/p>\n<\/div>","protected":false},"author":1,"featured_media":0,"comment_status":"open","ping_status":"open","sticky":false,"template":"","format":"standard","meta":{"footnotes":""},"categories":[1],"tags":[],"class_list":["post-2842","post","type-post","status-publish","format-standard","hentry","category-sin-categoria"],"_links":{"self":[{"href":"https:\/\/fmlibertadfeliciano.com.ar\/index.php?rest_route=\/wp\/v2\/posts\/2842","targetHints":{"allow":["GET"]}}],"collection":[{"href":"https:\/\/fmlibertadfeliciano.com.ar\/index.php?rest_route=\/wp\/v2\/posts"}],"about":[{"href":"https:\/\/fmlibertadfeliciano.com.ar\/index.php?rest_route=\/wp\/v2\/types\/post"}],"author":[{"embeddable":true,"href":"https:\/\/fmlibertadfeliciano.com.ar\/index.php?rest_route=\/wp\/v2\/users\/1"}],"replies":[{"embeddable":true,"href":"https:\/\/fmlibertadfeliciano.com.ar\/index.php?rest_route=%2Fwp%2Fv2%2Fcomments&post=2842"}],"version-history":[{"count":0,"href":"https:\/\/fmlibertadfeliciano.com.ar\/index.php?rest_route=\/wp\/v2\/posts\/2842\/revisions"}],"wp:attachment":[{"href":"https:\/\/fmlibertadfeliciano.com.ar\/index.php?rest_route=%2Fwp%2Fv2%2Fmedia&parent=2842"}],"wp:term":[{"taxonomy":"category","embeddable":true,"href":"https:\/\/fmlibertadfeliciano.com.ar\/index.php?rest_route=%2Fwp%2Fv2%2Fcategories&post=2842"},{"taxonomy":"post_tag","embeddable":true,"href":"https:\/\/fmlibertadfeliciano.com.ar\/index.php?rest_route=%2Fwp%2Fv2%2Ftags&post=2842"}],"curies":[{"name":"wp","href":"https:\/\/api.w.org\/{rel}","templated":true}]}}