{"id":2851,"date":"2026-02-13T14:01:21","date_gmt":"2026-02-13T14:01:21","guid":{"rendered":"https:\/\/fmlibertadfeliciano.com.ar\/?p=2851"},"modified":"2026-02-13T14:01:21","modified_gmt":"2026-02-13T14:01:21","slug":"frigerio-participo-de-la-presentacion-del-equipo-de-rugby-capibaras-xv","status":"publish","type":"post","link":"https:\/\/fmlibertadfeliciano.com.ar\/?p=2851","title":{"rendered":"Frigerio particip\u00f3 de la presentaci\u00f3n del equipo de rugby Capibaras XV"},"content":{"rendered":"<p>\u200b\u00a0<\/p>\n<p>\u200b\u00a0<\/p>\n<p>\u200b<img loading=\"lazy\" decoding=\"async\" width=\"300\" height=\"200\" src=\"https:\/\/www.eldiario.com.ar\/wp-content\/uploads\/2026\/02\/image-9-20x13.jpeg\" class=\"webfeedsFeaturedVisual jl-lazyload lazyload wp-post-image\" alt=\"\" data-src=\"https:\/\/www.eldiario.com.ar\/wp-content\/uploads\/2026\/02\/image-9-300x200.jpeg\" \/><\/p>\n<hr class=\"wp-block-separator has-alpha-channel-opacity\" \/>\n<p>Este jueves, el gobernador Rogelio Frigerio particip\u00f3 de la presentaci\u00f3n oficial del plantel y staff del equipo Capibaras XV, la franquicia que representar\u00e1 al Litoral en la pr\u00f3xima edici\u00f3n del S\u00faper Rugby Am\u00e9ricas. \u201cEste es un sue\u00f1o incre\u00edble que hoy comienza a hacerse realidad\u201d, resalt\u00f3 el mandatario.<\/p>\n<figure class=\"wp-block-image size-large\"><img loading=\"lazy\" decoding=\"async\" width=\"1024\" height=\"683\" src=\"https:\/\/www.eldiario.com.ar\/wp-content\/uploads\/2026\/02\/image-9-1024x683.jpeg\" alt=\"\" class=\"wp-image-483344\" \/><\/figure>\n<p><a href=\"https:\/\/web.whatsapp.com\/send?text=Frigerio%20particip%C3%B3%20de%20la%20presentaci%C3%B3n%20del%20equipo%20de%20rugby%20Capibaras%20XV%20%20-%20https%3A%2F%2Fportal.entrerios.gov.ar%2Fnoticias%2F49219\" target=\"_blank\" rel=\"noreferrer noopener\"><\/a><a href=\"https:\/\/twitter.com\/intent\/tweet?text=Frigerio%20particip%C3%B3%20de%20la%20presentaci%C3%B3n%20del%20equipo%20de%20rugby%20Capibaras%20XV&amp;url=https%3A%2F%2Fportal.entrerios.gov.ar%2Fnoticias%2F49219\" target=\"_blank\" rel=\"noreferrer noopener\"><\/a><a href=\"https:\/\/www.facebook.com\/sharer\/sharer.php?u=https:\/\/portal.entrerios.gov.ar\/noticias\/49219\" target=\"_blank\" rel=\"noreferrer noopener\"><\/a><\/p>\n<p>El lanzamiento se realiz\u00f3 en la destiler\u00eda Casa Mesopotamia, en Paran\u00e1, y cont\u00f3 con la presencia de la intendenta Rosario Romero; el ministro de Econom\u00eda y Servicio P\u00fablicos, Fabi\u00e1n Boleas; los presidentes de las Uniones de Rugby de Entre R\u00edos, Rosario y Santa Fe, Mart\u00edn Cipriani, Mart\u00edn Vergara y Enrique Patrizi, respectivamente; adem\u00e1s de socios de la franquicia y autoridades deportivas.<\/p>\n<p>All\u00ed, Frigerio destac\u00f3 la tradici\u00f3n rugb\u00edstica de la regi\u00f3n. \u201cEntre Santa Fe, Rosario y Entre R\u00edos existe una historia muy fuerte en este deporte. Despu\u00e9s de 26 a\u00f1os de haber conformado la segunda liga m\u00e1s importante del pa\u00eds, que hoy nuestro rugby est\u00e9 dando el salto al profesionalismo no deber\u00eda extra\u00f1arnos. Es el resultado de un trabajo sostenido en el tiempo\u201d, expres\u00f3.<\/p>\n<p>Capibaras XV competir\u00e1 en el S\u00faper Rugby Am\u00e9ricas, el torneo profesional de Am\u00e9rica del Sur que re\u00fane equipos de Argentina, Uruguay, Brasil, Chile y Paraguay. La franquicia es fruto de la trayectoria del Torneo Regional del Litoral (TRL), competencia que durante m\u00e1s de dos d\u00e9cadas consolid\u00f3 el crecimiento del rugby en la regi\u00f3n.<\/p>\n<p>El gobernador subray\u00f3 adem\u00e1s el impacto que tendr\u00e1 esta participaci\u00f3n a nivel deportivo e institucional. \u201cEl rugby de nuestra regi\u00f3n tiene algunos de los mejores jugadores de la Argentina, que ahora van a tener la oportunidad de mostrarse en un torneo internacional. Esto jerarquiza al deporte y posiciona a nuestra provincia y a la regi\u00f3n en el mapa del rugby profesional\u201d, afirm\u00f3.<\/p>\n<p>En ese sentido, remarc\u00f3 la articulaci\u00f3n entre distintos sectores para concretar el proyecto. \u201cAqu\u00ed vemos c\u00f3mo se unen el turismo, el deporte, el sector privado y el Estado. Ese trabajo conjunto es el camino. Tenemos much\u00edsimo para hacer si avanzamos todos de la mano y con un mismo norte\u201d, sostuvo.<\/p>\n<p>Frigerio record\u00f3 tambi\u00e9n que la provincia cuenta con herramientas para fortalecer el desarrollo deportivo, como la Ley de Mecenazgo, que promueve el acompa\u00f1amiento del sector privado a distintas disciplinas. \u201cComo Estado tenemos la enorme responsabilidad de fomentar la pr\u00e1ctica deportiva en cada rinc\u00f3n de Entre R\u00edos\u201d, se\u00f1al\u00f3.<\/p>\n<p>Finalmente, el mandatario puso en valor el rol social del deporte. \u201cEl ejemplo de nuestros jugadores en los m\u00e1s j\u00f3venes es fundamental. Fomentar la pr\u00e1ctica deportiva es clave porque el deporte salva vidas. Es una herramienta central para la formaci\u00f3n de valores, para la inclusi\u00f3n y para el desarrollo de toda la sociedad\u201d, concluy\u00f3.<\/p>\n<p>\u00a0Este jueves, el gobernador Rogelio Frigerio particip\u00f3 de la presentaci\u00f3n oficial del plantel y staff del equipo Capibaras XV, la franquicia que representar\u00e1 al Litoral en la pr\u00f3xima edici\u00f3n del S\u00faper Rugby Am\u00e9ricas. \u201cEste es un sue\u00f1o incre\u00edble que hoy comienza a hacerse realidad\u201d, resalt\u00f3 el mandatario. El lanzamiento se realiz\u00f3 en la destiler\u00eda Casa<\/p>","protected":false},"excerpt":{"rendered":"<div class=\"mh-excerpt\"><p>\u200b\u00a0 \u200b\u00a0 \u200b Este jueves, el gobernador Rogelio Frigerio particip\u00f3 de la presentaci\u00f3n oficial del plantel y staff del equipo Capibaras XV, la franquicia que <a class=\"mh-excerpt-more\" href=\"https:\/\/fmlibertadfeliciano.com.ar\/?p=2851\" title=\"Frigerio particip\u00f3 de la presentaci\u00f3n del equipo de rugby Capibaras XV\">[&#8230;]<\/a><\/p>\n<\/div>","protected":false},"author":1,"featured_media":2852,"comment_status":"open","ping_status":"open","sticky":false,"template":"","format":"standard","meta":{"footnotes":""},"categories":[1],"tags":[],"class_list":["post-2851","post","type-post","status-publish","format-standard","has-post-thumbnail","hentry","category-sin-categoria"],"_links":{"self":[{"href":"https:\/\/fmlibertadfeliciano.com.ar\/index.php?rest_route=\/wp\/v2\/posts\/2851","targetHints":{"allow":["GET"]}}],"collection":[{"href":"https:\/\/fmlibertadfeliciano.com.ar\/index.php?rest_route=\/wp\/v2\/posts"}],"about":[{"href":"https:\/\/fmlibertadfeliciano.com.ar\/index.php?rest_route=\/wp\/v2\/types\/post"}],"author":[{"embeddable":true,"href":"https:\/\/fmlibertadfeliciano.com.ar\/index.php?rest_route=\/wp\/v2\/users\/1"}],"replies":[{"embeddable":true,"href":"https:\/\/fmlibertadfeliciano.com.ar\/index.php?rest_route=%2Fwp%2Fv2%2Fcomments&post=2851"}],"version-history":[{"count":0,"href":"https:\/\/fmlibertadfeliciano.com.ar\/index.php?rest_route=\/wp\/v2\/posts\/2851\/revisions"}],"wp:featuredmedia":[{"embeddable":true,"href":"https:\/\/fmlibertadfeliciano.com.ar\/index.php?rest_route=\/wp\/v2\/media\/2852"}],"wp:attachment":[{"href":"https:\/\/fmlibertadfeliciano.com.ar\/index.php?rest_route=%2Fwp%2Fv2%2Fmedia&parent=2851"}],"wp:term":[{"taxonomy":"category","embeddable":true,"href":"https:\/\/fmlibertadfeliciano.com.ar\/index.php?rest_route=%2Fwp%2Fv2%2Fcategories&post=2851"},{"taxonomy":"post_tag","embeddable":true,"href":"https:\/\/fmlibertadfeliciano.com.ar\/index.php?rest_route=%2Fwp%2Fv2%2Ftags&post=2851"}],"curies":[{"name":"wp","href":"https:\/\/api.w.org\/{rel}","templated":true}]}}