{"id":2853,"date":"2026-02-13T13:41:54","date_gmt":"2026-02-13T13:41:54","guid":{"rendered":"https:\/\/fmlibertadfeliciano.com.ar\/?p=2853"},"modified":"2026-02-13T13:41:54","modified_gmt":"2026-02-13T13:41:54","slug":"macia-presenta-en-el-palacio-san-jose-la-obra-el-cumpleanos-de-dolores","status":"publish","type":"post","link":"https:\/\/fmlibertadfeliciano.com.ar\/?p=2853","title":{"rendered":"Maci\u00e1 presenta en el Palacio San Jos\u00e9 la obra El cumplea\u00f1os de Dolores"},"content":{"rendered":"<p>\u200b\u00a0<\/p>\n<p>\u200b\u00a0<\/p>\n<p>\u200b<\/p>\n<p>La <strong>Municipalidad de Maci\u00e1<\/strong> invita a la presentaci\u00f3n de la obra <strong>\u201cEl cumplea\u00f1os de Dolores\u201d<\/strong>, a cargo del <strong>Vestuario Teatral Municipal Caranday<\/strong>, este <strong>viernes 13 de febrero<\/strong> en el <strong>Palacio San Jos\u00e9<\/strong>, de <strong>19:30 a 21:00 horas<\/strong>. La propuesta, con <strong>entrada libre y gratuita<\/strong>, se desarrollar\u00e1 en las salas y patios del hist\u00f3rico edificio. Se recomienda asistir con <strong>agua y repelente<\/strong>.<\/p>\n<figure class=\"wp-block-image size-large\"><img loading=\"lazy\" decoding=\"async\" width=\"818\" height=\"1024\" src=\"https:\/\/www.entrerrianodigital.com\/wp-content\/uploads\/2026\/02\/maciateatro-818x1024.jpg\" alt=\"\" class=\"wp-image-15301\" \/><\/figure>\n<p>La actividad forma parte de los <strong>recorridos y espect\u00e1culos especiales<\/strong> organizados en el Palacio para <strong>redescubrir hechos hist\u00f3ricos<\/strong>. En esta ocasi\u00f3n, se evocar\u00e1 la figura de <strong>Dolores Costa<\/strong>, compa\u00f1era de <strong>Justo Jos\u00e9 de Urquiza<\/strong>, quien tras la muerte del caudillo entrerriano asumi\u00f3 un rol destacado en la vida econ\u00f3mica, militar y social de la regi\u00f3n: fund\u00f3 pueblos, financi\u00f3 iglesias y escuelas, y otorg\u00f3 hogares a miles de inmigrantes.<\/p>\n<figure class=\"wp-block-image size-large\"><img loading=\"lazy\" decoding=\"async\" width=\"817\" height=\"1024\" src=\"https:\/\/www.entrerrianodigital.com\/wp-content\/uploads\/2026\/02\/maciaeventosnocturnos-817x1024.jpg\" alt=\"\" class=\"wp-image-15302\" \/><\/figure>\n<p>La iniciativa reafirma el compromiso de Maci\u00e1 con la <strong>valorizaci\u00f3n del patrimonio hist\u00f3rico y cultural<\/strong>, acercando a la comunidad relatos que forman parte de la identidad entrerriana.<\/p>\n<div class=\"entre-grupo-slider-rotativo-entre-noticias-pc\">\n<div class=\"ed-banner\"><img decoding=\"async\" loading=\"lazy\" src=\"https:\/\/www.entrerrianodigital.com\/wp-content\/uploads\/2024\/07\/07-728-x-90-Febrero-Carnavales-2026.jpg\" alt=\"\" width=\"728\" height=\"90\" \/><\/div>\n<\/div>\n<figure class=\"wp-block-gallery has-nested-images columns-default is-cropped wp-block-gallery-1 is-layout-flex wp-block-gallery-is-layout-flex\">\n<figure class=\"wp-block-image size-large\"><img loading=\"lazy\" decoding=\"async\" width=\"1024\" height=\"681\" data-id=\"4533\" src=\"https:\/\/www.entrerrianodigital.com\/wp-content\/uploads\/2025\/01\/Macia-en-el-Palacio-San-Jose-1024x681.jpg\" alt=\"\" class=\"wp-image-4533\" \/><\/figure>\n<figure class=\"wp-block-image size-large\"><img decoding=\"async\" loading=\"lazy\" width=\"1024\" height=\"681\" data-id=\"4535\" src=\"https:\/\/www.entrerrianodigital.com\/wp-content\/uploads\/2025\/01\/palacio-San-Jose-1024x681.jpg\" alt=\"\" class=\"wp-image-4535\" \/><\/figure>\n<\/figure>\n<p>La entrada <a href=\"https:\/\/www.entrerrianodigital.com\/macia-presenta-en-el-palacio-san-jose-la-obra-el-cumpleanos-de-dolores\/\">Maci\u00e1 presenta en el Palacio San Jos\u00e9 la obra El cumplea\u00f1os de Dolores<\/a> se public\u00f3 primero en <a href=\"https:\/\/www.entrerrianodigital.com\/\">Entrerriano Digital<\/a>.<\/p>\n<p>\u00a0Este viernes 13 de febrero, el Vestuario Teatral Municipal Caranday ofrecer\u00e1 escenificaciones hist\u00f3ricas con entrada libre y gratuita.<br \/>\nLa entrada Maci\u00e1 presenta en el Palacio San Jos\u00e9 la obra El cumplea\u00f1os de Dolores se public\u00f3 primero en Entrerriano Digital.<\/p>","protected":false},"excerpt":{"rendered":"<div class=\"mh-excerpt\"><p>\u200b\u00a0 \u200b\u00a0 \u200b La Municipalidad de Maci\u00e1 invita a la presentaci\u00f3n de la obra \u201cEl cumplea\u00f1os de Dolores\u201d, a cargo del Vestuario Teatral Municipal Caranday, <a class=\"mh-excerpt-more\" href=\"https:\/\/fmlibertadfeliciano.com.ar\/?p=2853\" title=\"Maci\u00e1 presenta en el Palacio San Jos\u00e9 la obra El cumplea\u00f1os de Dolores\">[&#8230;]<\/a><\/p>\n<\/div>","protected":false},"author":1,"featured_media":2854,"comment_status":"open","ping_status":"open","sticky":false,"template":"","format":"standard","meta":{"footnotes":""},"categories":[1],"tags":[],"class_list":["post-2853","post","type-post","status-publish","format-standard","has-post-thumbnail","hentry","category-sin-categoria"],"_links":{"self":[{"href":"https:\/\/fmlibertadfeliciano.com.ar\/index.php?rest_route=\/wp\/v2\/posts\/2853","targetHints":{"allow":["GET"]}}],"collection":[{"href":"https:\/\/fmlibertadfeliciano.com.ar\/index.php?rest_route=\/wp\/v2\/posts"}],"about":[{"href":"https:\/\/fmlibertadfeliciano.com.ar\/index.php?rest_route=\/wp\/v2\/types\/post"}],"author":[{"embeddable":true,"href":"https:\/\/fmlibertadfeliciano.com.ar\/index.php?rest_route=\/wp\/v2\/users\/1"}],"replies":[{"embeddable":true,"href":"https:\/\/fmlibertadfeliciano.com.ar\/index.php?rest_route=%2Fwp%2Fv2%2Fcomments&post=2853"}],"version-history":[{"count":0,"href":"https:\/\/fmlibertadfeliciano.com.ar\/index.php?rest_route=\/wp\/v2\/posts\/2853\/revisions"}],"wp:featuredmedia":[{"embeddable":true,"href":"https:\/\/fmlibertadfeliciano.com.ar\/index.php?rest_route=\/wp\/v2\/media\/2854"}],"wp:attachment":[{"href":"https:\/\/fmlibertadfeliciano.com.ar\/index.php?rest_route=%2Fwp%2Fv2%2Fmedia&parent=2853"}],"wp:term":[{"taxonomy":"category","embeddable":true,"href":"https:\/\/fmlibertadfeliciano.com.ar\/index.php?rest_route=%2Fwp%2Fv2%2Fcategories&post=2853"},{"taxonomy":"post_tag","embeddable":true,"href":"https:\/\/fmlibertadfeliciano.com.ar\/index.php?rest_route=%2Fwp%2Fv2%2Ftags&post=2853"}],"curies":[{"name":"wp","href":"https:\/\/api.w.org\/{rel}","templated":true}]}}