{"id":2855,"date":"2026-02-13T13:17:39","date_gmt":"2026-02-13T13:17:39","guid":{"rendered":"https:\/\/fmlibertadfeliciano.com.ar\/?p=2855"},"modified":"2026-02-13T13:17:39","modified_gmt":"2026-02-13T13:17:39","slug":"general-galarza-inaugura-manana-un-nuevo-atractivo-turistico-parque-acuatico-municipal","status":"publish","type":"post","link":"https:\/\/fmlibertadfeliciano.com.ar\/?p=2855","title":{"rendered":"General Galarza inaugura ma\u00f1ana un nuevo atractivo tur\u00edstico: Parque Acu\u00e1tico Municipal"},"content":{"rendered":"<p>\u200b\u00a0<\/p>\n<p>\u200b\u00a0<\/p>\n<p>\u200b<\/p>\n<p>Este <strong>14 de febrero<\/strong> se inaugurar\u00e1 en <strong>General Galarza<\/strong> el <strong>Parque Acu\u00e1tico Municipal<\/strong>, que se suma como <strong>nuevo atractivo tur\u00edstico<\/strong> de la ciudad y ampl\u00eda la propuesta del complejo de piletas existente.<\/p>\n<figure class=\"wp-block-image size-large\"><img decoding=\"async\" loading=\"lazy\" width=\"1024\" height=\"1024\" src=\"https:\/\/www.entrerrianodigital.com\/wp-content\/uploads\/2026\/02\/inauguracionparqueacuaticogalarza-1024x1024.jpg\" alt=\"\" class=\"wp-image-15295\" \/><\/figure>\n<p>El espacio cuenta con <strong>4 piletas, playa h\u00fameda, juegos acu\u00e1ticos, sector de churrasqueros, camping y resto bar<\/strong>, ofreciendo un entorno ideal para disfrutar en familia y con amigos.<\/p>\n<p>La apertura se extender\u00e1 hasta el <strong>17 de febrero<\/strong>, con <strong>shows en vivo y actividades especiales<\/strong>, consolidando a General Galarza como un destino recreativo y cultural en la regi\u00f3n.<\/p>\n<div class=\"entre-grupo-slider-rotativo-entre-noticias-pc\">\n<div class=\"ed-banner\"><img decoding=\"async\" loading=\"lazy\" src=\"https:\/\/www.entrerrianodigital.com\/wp-content\/uploads\/2024\/07\/07-728-x-90-Febrero-Carnavales-2026.jpg\" alt=\"\" width=\"728\" height=\"90\" \/><\/div>\n<\/div>\n<figure class=\"wp-block-image size-large\"><img decoding=\"async\" loading=\"lazy\" width=\"1024\" height=\"1024\" src=\"https:\/\/www.entrerrianodigital.com\/wp-content\/uploads\/2026\/02\/galarzainauguracionparqueacuatio-1024x1024.jpg\" alt=\"\" class=\"wp-image-15294\" \/><\/figure>\n<p>La iniciativa reafirma el compromiso del Municipio con la <strong>promoci\u00f3n del turismo local y el desarrollo de infraestructura comunitaria<\/strong>, generando un lugar de encuentro y disfrute para vecinos y visitantes.<\/p>\n<figure class=\"wp-block-image size-large\"><img decoding=\"async\" loading=\"lazy\" width=\"1024\" height=\"771\" src=\"https:\/\/www.entrerrianodigital.com\/wp-content\/uploads\/2026\/01\/disfrutagalarzaveranocomplejopiletas-1024x771.jpg\" alt=\"\" class=\"wp-image-14725\" \/><\/figure>\n<p>La entrada <a href=\"https:\/\/www.entrerrianodigital.com\/general-galarza-inaugura-manana-un-nuevo-atractivo-turistico-parque-acuatico-municipal\/\">General Galarza inaugura ma\u00f1ana un nuevo atractivo tur\u00edstico: Parque Acu\u00e1tico Municipal<\/a> se public\u00f3 primero en <a href=\"https:\/\/www.entrerrianodigital.com\/\">Entrerriano Digital<\/a>.<\/p>\n<p>\u00a0El 14 de febrero abre el complejo de piletas ampliado con playa h\u00fameda, juegos acu\u00e1ticos, camping y shows en vivo.<br \/>\nLa entrada General Galarza inaugura ma\u00f1ana un nuevo atractivo tur\u00edstico: Parque Acu\u00e1tico Municipal se public\u00f3 primero en Entrerriano Digital.<\/p>","protected":false},"excerpt":{"rendered":"<div class=\"mh-excerpt\"><p>\u200b\u00a0 \u200b\u00a0 \u200b Este 14 de febrero se inaugurar\u00e1 en General Galarza el Parque Acu\u00e1tico Municipal, que se suma como nuevo atractivo tur\u00edstico de la <a class=\"mh-excerpt-more\" href=\"https:\/\/fmlibertadfeliciano.com.ar\/?p=2855\" title=\"General Galarza inaugura ma\u00f1ana un nuevo atractivo tur\u00edstico: Parque Acu\u00e1tico Municipal\">[&#8230;]<\/a><\/p>\n<\/div>","protected":false},"author":1,"featured_media":2856,"comment_status":"open","ping_status":"open","sticky":false,"template":"","format":"standard","meta":{"footnotes":""},"categories":[1],"tags":[],"class_list":["post-2855","post","type-post","status-publish","format-standard","has-post-thumbnail","hentry","category-sin-categoria"],"_links":{"self":[{"href":"https:\/\/fmlibertadfeliciano.com.ar\/index.php?rest_route=\/wp\/v2\/posts\/2855","targetHints":{"allow":["GET"]}}],"collection":[{"href":"https:\/\/fmlibertadfeliciano.com.ar\/index.php?rest_route=\/wp\/v2\/posts"}],"about":[{"href":"https:\/\/fmlibertadfeliciano.com.ar\/index.php?rest_route=\/wp\/v2\/types\/post"}],"author":[{"embeddable":true,"href":"https:\/\/fmlibertadfeliciano.com.ar\/index.php?rest_route=\/wp\/v2\/users\/1"}],"replies":[{"embeddable":true,"href":"https:\/\/fmlibertadfeliciano.com.ar\/index.php?rest_route=%2Fwp%2Fv2%2Fcomments&post=2855"}],"version-history":[{"count":0,"href":"https:\/\/fmlibertadfeliciano.com.ar\/index.php?rest_route=\/wp\/v2\/posts\/2855\/revisions"}],"wp:featuredmedia":[{"embeddable":true,"href":"https:\/\/fmlibertadfeliciano.com.ar\/index.php?rest_route=\/wp\/v2\/media\/2856"}],"wp:attachment":[{"href":"https:\/\/fmlibertadfeliciano.com.ar\/index.php?rest_route=%2Fwp%2Fv2%2Fmedia&parent=2855"}],"wp:term":[{"taxonomy":"category","embeddable":true,"href":"https:\/\/fmlibertadfeliciano.com.ar\/index.php?rest_route=%2Fwp%2Fv2%2Fcategories&post=2855"},{"taxonomy":"post_tag","embeddable":true,"href":"https:\/\/fmlibertadfeliciano.com.ar\/index.php?rest_route=%2Fwp%2Fv2%2Ftags&post=2855"}],"curies":[{"name":"wp","href":"https:\/\/api.w.org\/{rel}","templated":true}]}}