{"id":2859,"date":"2026-02-13T11:32:17","date_gmt":"2026-02-13T11:32:17","guid":{"rendered":"https:\/\/fmlibertadfeliciano.com.ar\/?p=2859"},"modified":"2026-02-13T11:32:17","modified_gmt":"2026-02-13T11:32:17","slug":"se-realizara-en-parana-la-feria-de-carnaval-este-fin-de-semana-largo","status":"publish","type":"post","link":"https:\/\/fmlibertadfeliciano.com.ar\/?p=2859","title":{"rendered":"\u00a0Se realizar\u00e1 en Paran\u00e1 la Feria de Carnaval este fin de semana largo"},"content":{"rendered":"<p>\u200b\u00a0<\/p>\n<p>\u200b\u00a0<\/p>\n<p>\u200b<\/p>\n<p><strong>La Feria, parte de la agenda de Verano de la Municipalidad de Paran\u00e1, ser\u00e1 una buena oportunidad para comprar regalos y recuerdos originales, de diversos precios.<\/strong><\/p>\n<figure class=\"wp-block-gallery has-nested-images columns-default is-cropped wp-block-gallery-2 is-layout-flex wp-block-gallery-is-layout-flex\">\n<figure class=\"wp-block-image size-large\"><img decoding=\"async\" loading=\"lazy\" width=\"1024\" height=\"684\" data-id=\"8228\" src=\"https:\/\/www.entrerrianodigital.com\/wp-content\/uploads\/2025\/06\/Parana-turismo-1024x684.jpg\" alt=\"\" class=\"wp-image-8228\" \/><\/figure>\n<\/figure>\n<p>El subsecretario de Producci\u00f3n municipal, Oscar Bustamante, destac\u00f3 que \u00abla Feria de Carnaval marca el inicio del calendario anual de ferias itinerantes que se desarrollan en la Costanera de Paran\u00e1, siendo parte de la activa pol\u00edtica de promoci\u00f3n de la comercializaci\u00f3n que desarrolla la gesti\u00f3n de la intendenta Rosario Romero\u201d.\u00a0<\/p>\n<p>Bustamente agreg\u00f3: \u201cEl evento, en su edici\u00f3n 2026, tendr\u00e1 180 emprendimientos locales e invitados, que podr\u00e1n ser recorridos por los y las paranaenses, excursionistas y turistas hasta el d\u00eda martes inclusive\u00bb.<\/p>\n<div class=\"entre-grupo-slider-rotativo-entre-noticias-pc\">\n<div class=\"ed-banner\"><img decoding=\"async\" loading=\"lazy\" src=\"https:\/\/www.entrerrianodigital.com\/wp-content\/uploads\/2024\/07\/07-728-x-90-Febrero-Carnavales-2026.jpg\" alt=\"\" width=\"728\" height=\"90\" \/><\/div>\n<\/div>\n<figure class=\"wp-block-image size-large\"><img decoding=\"async\" loading=\"lazy\" width=\"1024\" height=\"682\" src=\"https:\/\/www.entrerrianodigital.com\/wp-content\/uploads\/2026\/02\/paranaferiacarnaval-1024x682.jpg\" alt=\"\" class=\"wp-image-15298\" \/><\/figure>\n<figure class=\"wp-block-image size-full\"><img decoding=\"async\" loading=\"lazy\" width=\"728\" height=\"90\" src=\"https:\/\/www.entrerrianodigital.com\/wp-content\/uploads\/2024\/07\/07-728-x-90-Febrero-Carnavales-2026.jpg\" alt=\"\" class=\"wp-image-15128\" \/><\/figure>\n<p>La entrada <a href=\"https:\/\/www.entrerrianodigital.com\/se-realizara-en-parana-la-feria-de-carnaval-este-fin-de-semana-largo\/\">\u00a0Se realizar\u00e1 en Paran\u00e1 la Feria de Carnaval este fin de semana largo<\/a> se public\u00f3 primero en <a href=\"https:\/\/www.entrerrianodigital.com\/\">Entrerriano Digital<\/a>.<\/p>\n<p>\u00a0La propuesta, organizada por la Municipalidad, ser\u00e1 del viernes 13 de febrero al martes 17 de febrero en la Costanera de Paran\u00e1, de 17 a 00 hs. Esta edici\u00f3n contar\u00e1 con la participaci\u00f3n de 180 emprendedores, artesanos y gastron\u00f3micos.<br \/>\nLa entrada \u00a0Se realizar\u00e1 en Paran\u00e1 la Feria de Carnaval este fin de semana largo se public\u00f3 primero en Entrerriano Digital.<\/p>","protected":false},"excerpt":{"rendered":"<div class=\"mh-excerpt\"><p>\u200b\u00a0 \u200b\u00a0 \u200b La Feria, parte de la agenda de Verano de la Municipalidad de Paran\u00e1, ser\u00e1 una buena oportunidad para comprar regalos y recuerdos <a class=\"mh-excerpt-more\" href=\"https:\/\/fmlibertadfeliciano.com.ar\/?p=2859\" title=\"\u00a0Se realizar\u00e1 en Paran\u00e1 la Feria de Carnaval este fin de semana largo\">[&#8230;]<\/a><\/p>\n<\/div>","protected":false},"author":1,"featured_media":2860,"comment_status":"open","ping_status":"open","sticky":false,"template":"","format":"standard","meta":{"footnotes":""},"categories":[1],"tags":[],"class_list":["post-2859","post","type-post","status-publish","format-standard","has-post-thumbnail","hentry","category-sin-categoria"],"_links":{"self":[{"href":"https:\/\/fmlibertadfeliciano.com.ar\/index.php?rest_route=\/wp\/v2\/posts\/2859","targetHints":{"allow":["GET"]}}],"collection":[{"href":"https:\/\/fmlibertadfeliciano.com.ar\/index.php?rest_route=\/wp\/v2\/posts"}],"about":[{"href":"https:\/\/fmlibertadfeliciano.com.ar\/index.php?rest_route=\/wp\/v2\/types\/post"}],"author":[{"embeddable":true,"href":"https:\/\/fmlibertadfeliciano.com.ar\/index.php?rest_route=\/wp\/v2\/users\/1"}],"replies":[{"embeddable":true,"href":"https:\/\/fmlibertadfeliciano.com.ar\/index.php?rest_route=%2Fwp%2Fv2%2Fcomments&post=2859"}],"version-history":[{"count":0,"href":"https:\/\/fmlibertadfeliciano.com.ar\/index.php?rest_route=\/wp\/v2\/posts\/2859\/revisions"}],"wp:featuredmedia":[{"embeddable":true,"href":"https:\/\/fmlibertadfeliciano.com.ar\/index.php?rest_route=\/wp\/v2\/media\/2860"}],"wp:attachment":[{"href":"https:\/\/fmlibertadfeliciano.com.ar\/index.php?rest_route=%2Fwp%2Fv2%2Fmedia&parent=2859"}],"wp:term":[{"taxonomy":"category","embeddable":true,"href":"https:\/\/fmlibertadfeliciano.com.ar\/index.php?rest_route=%2Fwp%2Fv2%2Fcategories&post=2859"},{"taxonomy":"post_tag","embeddable":true,"href":"https:\/\/fmlibertadfeliciano.com.ar\/index.php?rest_route=%2Fwp%2Fv2%2Ftags&post=2859"}],"curies":[{"name":"wp","href":"https:\/\/api.w.org\/{rel}","templated":true}]}}