{"id":2864,"date":"2026-02-14T13:52:44","date_gmt":"2026-02-14T13:52:44","guid":{"rendered":"https:\/\/fmlibertadfeliciano.com.ar\/?p=2864"},"modified":"2026-02-14T13:52:44","modified_gmt":"2026-02-14T13:52:44","slug":"ato-y-abandono-a-su-perro-para-irse-de-vacaciones-hay-denuncia","status":"publish","type":"post","link":"https:\/\/fmlibertadfeliciano.com.ar\/?p=2864","title":{"rendered":"At\u00f3 y abandon\u00f3 a su perro para irse de vacaciones: hay denuncia"},"content":{"rendered":"<p>\u200b\u00a0<\/p>\n<p>\u200b\u00a0<\/p>\n<p>\u200b<span class=\"cb-itemprop\"><\/span><\/p>\n<p>\u00a0<\/p>\n<p>\u00a0<\/p>\n<p>Una perrita cuyo nombre se desconoce muri\u00f3 de inanici\u00f3n luego de una agon\u00eda sin poder tener agua y alimentos en la localidad entrerriana de San Benito. Su due\u00f1a la dej\u00f3 encerrada y atada para tomar unos d\u00edas de descanso.<\/p>\n<p>Los lindantes al domicilio se dieron cuenta del hecho cuando comenzaron a sentir aullidos y olores nauseabundos. Al momento de intervenir Polic\u00eda y Bomberos, el animal ya estaba desfallecido.<\/p>\n<p>Durante la feria judicial se realiz\u00f3 una denuncia formal por maltrato animal, pero el responsable de turno la archiv\u00f3 sin m\u00e1s, seg\u00fan trascendi\u00f3 a\u00a0<strong>ERA Verde<\/strong>.<\/p>\n<p>En la reapertura del servicio de Justicia, la ONG \u201cMi Reino por un Caballo\u201d solicit\u00f3 reactivar el expediente ante la Unidad Fiscal de Atenci\u00f3n Primaria, adonde se dio curso favorable al pedido. El caso se deriv\u00f3 a la Unidad de Investigaci\u00f3n y Litigaci\u00f3n y por sorteo recal\u00f3 en el despacho de la fiscal Mar\u00eda del Huerto Felgueres, quien ya orden\u00f3 medidas probatorias. En el escrito ampliatorio de la acusaci\u00f3n se pide imputar a la persona responsable por actos de crueldad animal, por infracci\u00f3n a la Ley N\u00ba 14.346 de Protecci\u00f3n de los Animales.<\/p>\n<p>\u201cAnte el aberrante hecho de crueldad animal ocurrido en San Benito, donde muri\u00f3 una perra en agon\u00eda, luego de estar varios d\u00edas atada, sin comida ni bebida, abandonada por su familia para \u2018irse de vacaciones\u2019, la Fundaci\u00f3n MI Reino Por Un Caballo se ha presentado en Fiscal\u00eda en fecha 12 del corriente mes, mediante su abogado Fernando Di Benedetto.<\/p>\n<p>El letrado ingres\u00f3 un escrito de ampliaci\u00f3n de denuncia y aporte de prueba solicitando la inmediata imputaci\u00f3n de los responsables\u201d, se inform\u00f3 desde la entidad sobre un caso conmocionaste.<\/p>\n<p>En una primera instancia la denuncia se canaliz\u00f3 durante la Feria a trav\u00e9s de una proteccionista de la vecina localidad de la capital entrerriana, pero la inquietud fue desestimada por el funcionario de turno. De todos modos, ya en el regreso a las actividades, la procuradora a cargo, Jimena Ballesteros desarchiva las actuaciones. Desde la ONG se agreg\u00f3 que, al prosperar el requerimiento, fueron recibidos por la fiscal a cargo del expediente, Mar\u00eda del Huerto Felgueres, quien ya dispuso las primeras medidas probatorias dentro del legajo N\u00ba 309329.<\/p>\n<p>Sobre los hechos se conoci\u00f3 que el 13 enero, una particular proteccionista se present\u00f3 para denunciar en Tribunales la situaci\u00f3n de crueldad animal en la que se encontraba una perra, atada y encerrada en un patio interno de un domicilio en el Suroeste de San Benito. El animal estaba en esa situaci\u00f3n desde los primeros d\u00edas del 2026 sin su due\u00f1a que \u201cla habr\u00eda abandonado en el lugar sola, atada constre\u00f1ida en su libertad ambulatoria de forma absoluta y sin cuidador alguno o custodia o asistencia alguna, \u2018para irse de vacaciones\u2019 dej\u00e1ndola inmovilizada, produciendo su accionar deliberado la muerte de la canido, conforme surge de las probanzas\u201d que se incorporaron en el escrito conocido por\u00a0<strong>ERA Verde<\/strong>.<\/p>\n<p><img loading=\"lazy\" decoding=\"async\" class=\"alignnone wp-image-23708 size-full\" src=\"https:\/\/eraverde.com.ar\/wp-content\/uploads\/2026\/02\/san-benito-ingreso.png\" alt=\"\" width=\"732\" height=\"385\" \/><\/p>\n<p>En un primer momento la situaci\u00f3n en la que se encontraba la perra fue percatada por una lindante a la vivienda. Primero llantos y aullidos, luego un \u201color nauseabundo y a podrido proveniente del cad\u00e1ver del animal en descomposici\u00f3n\u201d. Es por eso que se llam\u00f3 a personal policial y del cuerpo de Bomberos para poder retirar el cuerpo. Al momento de este operativo se constat\u00f3 que tambi\u00e9n hab\u00eda una gata con cr\u00edas \u201cen penosas condiciones\u201d.<\/p>\n<p>\u00a0<\/p>\n<p><b>Acusaci\u00f3n<\/b><\/p>\n<p>Se apunta como responsable de la muerte del animal a la tutora que la dej\u00f3 en \u201cestado de desamparo\u201d, con \u201crestricciones motrices, sin comida ni bebida y atada\u201d, apuntaron en la presentaci\u00f3n sobre la acci\u00f3n que se entiende desde la ONG fue deliberada.<\/p>\n<p>Se fundament\u00f3 que la perra padeci\u00f3 un \u201cabandono\u201d y un \u201csufrimiento innecesario\u201d, dice la argumentaci\u00f3n a la que accedi\u00f3\u00a0<strong>ERA Verde<\/strong>. Al mismo tiempo, se aleg\u00f3 que el accionar \u201crevela y acrecienta en s\u00ed mismo el desprecio por la vida y tutela del animal\u201d, a lo que se debe sumar \u201cel terror psicol\u00f3gico que padeci\u00f3 el can\u201d al encontrarse en \u201cun estado de extrema gravedad, abandonado, desamparado y atado\/inmovilizado por tantos d\u00edas privado de todo\u201d.<\/p>\n<p>Por lo argumentado, la Fundaci\u00f3n litigante solicit\u00f3 a trav\u00e9s de sus abogados que se aplique la concurrencia de delitos por la infracci\u00f3n a la Ley N\u00ba 14.346 de Protecci\u00f3n de los Animales en lo que respecta a los art\u00edculos 3\u00ba y 7\u00ba, en cuando a quien causare \u201ctorturas o sufrimientos innecesarios o matarlos por el solo esp\u00edritu de perversidad\u201d, as\u00ed como sobre el acto de crueldad quienes \u201ccausarles sufrimientos innecesarios\u201d en concurso real con \u201cmatarlos con el solo esp\u00edritu de perversidad\u201d.<\/p>\n<p>\u00a0<\/p>\n<p>Foto Ilustrativa<\/p>\n<p>De la Redacci\u00f3n de Entre R\u00edos Ahora<\/p>\n<p>\u00a0\u00a0 \u00a0 Una perrita cuyo nombre se desconoce muri\u00f3 de inanici\u00f3n luego de una agon\u00eda sin poder tener agua y alimentos en la localidad entrerriana de San Benito. Su due\u00f1a la dej\u00f3 encerrada y atada para tomar unos d\u00edas de descanso. Los lindantes al domicilio se dieron cuenta del hecho cuando comenzaron a sentir aullidos<\/p>","protected":false},"excerpt":{"rendered":"<div class=\"mh-excerpt\"><p>\u200b\u00a0 \u200b\u00a0 \u200b \u00a0 \u00a0 Una perrita cuyo nombre se desconoce muri\u00f3 de inanici\u00f3n luego de una agon\u00eda sin poder tener agua y alimentos en <a class=\"mh-excerpt-more\" href=\"https:\/\/fmlibertadfeliciano.com.ar\/?p=2864\" title=\"At\u00f3 y abandon\u00f3 a su perro para irse de vacaciones: hay denuncia\">[&#8230;]<\/a><\/p>\n<\/div>","protected":false},"author":1,"featured_media":2865,"comment_status":"open","ping_status":"open","sticky":false,"template":"","format":"standard","meta":{"footnotes":""},"categories":[1],"tags":[],"class_list":["post-2864","post","type-post","status-publish","format-standard","has-post-thumbnail","hentry","category-sin-categoria"],"_links":{"self":[{"href":"https:\/\/fmlibertadfeliciano.com.ar\/index.php?rest_route=\/wp\/v2\/posts\/2864","targetHints":{"allow":["GET"]}}],"collection":[{"href":"https:\/\/fmlibertadfeliciano.com.ar\/index.php?rest_route=\/wp\/v2\/posts"}],"about":[{"href":"https:\/\/fmlibertadfeliciano.com.ar\/index.php?rest_route=\/wp\/v2\/types\/post"}],"author":[{"embeddable":true,"href":"https:\/\/fmlibertadfeliciano.com.ar\/index.php?rest_route=\/wp\/v2\/users\/1"}],"replies":[{"embeddable":true,"href":"https:\/\/fmlibertadfeliciano.com.ar\/index.php?rest_route=%2Fwp%2Fv2%2Fcomments&post=2864"}],"version-history":[{"count":0,"href":"https:\/\/fmlibertadfeliciano.com.ar\/index.php?rest_route=\/wp\/v2\/posts\/2864\/revisions"}],"wp:featuredmedia":[{"embeddable":true,"href":"https:\/\/fmlibertadfeliciano.com.ar\/index.php?rest_route=\/wp\/v2\/media\/2865"}],"wp:attachment":[{"href":"https:\/\/fmlibertadfeliciano.com.ar\/index.php?rest_route=%2Fwp%2Fv2%2Fmedia&parent=2864"}],"wp:term":[{"taxonomy":"category","embeddable":true,"href":"https:\/\/fmlibertadfeliciano.com.ar\/index.php?rest_route=%2Fwp%2Fv2%2Fcategories&post=2864"},{"taxonomy":"post_tag","embeddable":true,"href":"https:\/\/fmlibertadfeliciano.com.ar\/index.php?rest_route=%2Fwp%2Fv2%2Ftags&post=2864"}],"curies":[{"name":"wp","href":"https:\/\/api.w.org\/{rel}","templated":true}]}}