{"id":2866,"date":"2026-02-14T13:38:01","date_gmt":"2026-02-14T13:38:01","guid":{"rendered":"https:\/\/fmlibertadfeliciano.com.ar\/?p=2866"},"modified":"2026-02-14T13:38:01","modified_gmt":"2026-02-14T13:38:01","slug":"san-jose-con-97-de-reservas-y-agenda-completa-de-carnaval","status":"publish","type":"post","link":"https:\/\/fmlibertadfeliciano.com.ar\/?p=2866","title":{"rendered":"San Jos\u00e9 con 97% de reservas y agenda completa de Carnaval"},"content":{"rendered":"<p>\u200b\u00a0<\/p>\n<p>\u200b\u00a0<\/p>\n<p>\u200b<\/p>\n<p>La ciudad de <strong>San Jos\u00e9<\/strong> se encuentra lista para vivir un <strong>fin de semana largo de amor y carnaval<\/strong>, con un nivel de <strong>reservas que ya alcanza el 97%<\/strong> y una amplia agenda de propuestas tur\u00edsticas, culturales y recreativas.<\/p>\n<figure class=\"wp-block-image size-full\"><img loading=\"lazy\" decoding=\"async\" width=\"912\" height=\"912\" src=\"https:\/\/www.entrerrianodigital.com\/wp-content\/uploads\/2026\/02\/sanjosecarnaval.jpg\" alt=\"\" class=\"wp-image-15331\" \/><\/figure>\n<p>Los visitantes podr\u00e1n disfrutar de:<\/p>\n<ul class=\"wp-block-list\">\n<li><strong>Actividades en la playa<\/strong> en el <strong>Balneario Camping San Jos\u00e9<\/strong>.<\/li>\n<li><strong>Relax y diversi\u00f3n en las Termas San Jos\u00e9<\/strong>.<\/li>\n<li>La <strong>Semana del Vino<\/strong>, con visitas a bodegas locales.<\/li>\n<li>Recorridos hist\u00f3ricos en el <strong>Museo Regional<\/strong>.<\/li>\n<li>Tres grandes noches de <strong>Corsos Sanjosesinos<\/strong> en el <strong>Predio Multieventos<\/strong>, con comparsas, m\u00fasica y color.<\/li>\n<\/ul>\n<figure class=\"wp-block-image size-large\"><img loading=\"lazy\" decoding=\"async\" width=\"1024\" height=\"621\" src=\"https:\/\/www.entrerrianodigital.com\/wp-content\/uploads\/2024\/11\/San-Jose-playa-drone-1024x621.jpg\" alt=\"\" class=\"wp-image-3006\" \/><\/figure>\n<p>Con su entorno natural, el r\u00edo, las termas y la fiesta, San Jos\u00e9 se consolida como un <strong>destino tur\u00edstico de referencia en la Tierra de Palmares<\/strong>, ofreciendo experiencias para todos los gustos y edades.<\/p>\n<div class=\"entre-grupo-slider-rotativo-entre-noticias-pc\">\n<div class=\"ed-banner\"><img decoding=\"async\" loading=\"lazy\" src=\"https:\/\/www.entrerrianodigital.com\/wp-content\/uploads\/2024\/07\/07-728-x-90-Febrero-Carnavales-2026.jpg\" alt=\"\" width=\"728\" height=\"90\" \/><\/div>\n<\/div>\n<figure class=\"wp-block-gallery has-nested-images columns-default is-cropped wp-block-gallery-1 is-layout-flex wp-block-gallery-is-layout-flex\">\n<figure class=\"wp-block-image size-large\"><img loading=\"lazy\" decoding=\"async\" width=\"1024\" height=\"683\" data-id=\"14295\" src=\"https:\/\/www.entrerrianodigital.com\/wp-content\/uploads\/2026\/01\/invitanamolinoforclaz-1024x683.jpg\" alt=\"\" class=\"wp-image-14295\" \/><\/figure>\n<figure class=\"wp-block-image size-large\"><img decoding=\"async\" loading=\"lazy\" width=\"1024\" height=\"684\" data-id=\"15332\" src=\"https:\/\/www.entrerrianodigital.com\/wp-content\/uploads\/2026\/02\/sanjosemuseomolino-1024x684.jpg\" alt=\"\" class=\"wp-image-15332\" \/><\/figure>\n<\/figure>\n<figure class=\"wp-block-image size-large\"><img decoding=\"async\" loading=\"lazy\" width=\"819\" height=\"1024\" src=\"https:\/\/www.entrerrianodigital.com\/wp-content\/uploads\/2026\/02\/sanjose-14-de-febrero-819x1024.jpg\" alt=\"\" class=\"wp-image-15333\" \/><\/figure>\n<p>La entrada <a href=\"https:\/\/www.entrerrianodigital.com\/san-jose-con-97-de-reservas-y-agenda-completa-de-carnaval\/\">San Jos\u00e9 con 97% de reservas y agenda completa de Carnaval<\/a> se public\u00f3 primero en <a href=\"https:\/\/www.entrerrianodigital.com\/\">Entrerriano Digital<\/a>.<\/p>\n<p>\u00a0La ciudad recibir\u00e1 miles de turistas con actividades en la playa, termas, bodegas, museos y tres noches de Corsos Sanjosesinos.<br \/>\nLa entrada San Jos\u00e9 con 97% de reservas y agenda completa de Carnaval se public\u00f3 primero en Entrerriano Digital.<\/p>","protected":false},"excerpt":{"rendered":"<div class=\"mh-excerpt\"><p>\u200b\u00a0 \u200b\u00a0 \u200b La ciudad de San Jos\u00e9 se encuentra lista para vivir un fin de semana largo de amor y carnaval, con un nivel <a class=\"mh-excerpt-more\" href=\"https:\/\/fmlibertadfeliciano.com.ar\/?p=2866\" title=\"San Jos\u00e9 con 97% de reservas y agenda completa de Carnaval\">[&#8230;]<\/a><\/p>\n<\/div>","protected":false},"author":1,"featured_media":2867,"comment_status":"open","ping_status":"open","sticky":false,"template":"","format":"standard","meta":{"footnotes":""},"categories":[1],"tags":[],"class_list":["post-2866","post","type-post","status-publish","format-standard","has-post-thumbnail","hentry","category-sin-categoria"],"_links":{"self":[{"href":"https:\/\/fmlibertadfeliciano.com.ar\/index.php?rest_route=\/wp\/v2\/posts\/2866","targetHints":{"allow":["GET"]}}],"collection":[{"href":"https:\/\/fmlibertadfeliciano.com.ar\/index.php?rest_route=\/wp\/v2\/posts"}],"about":[{"href":"https:\/\/fmlibertadfeliciano.com.ar\/index.php?rest_route=\/wp\/v2\/types\/post"}],"author":[{"embeddable":true,"href":"https:\/\/fmlibertadfeliciano.com.ar\/index.php?rest_route=\/wp\/v2\/users\/1"}],"replies":[{"embeddable":true,"href":"https:\/\/fmlibertadfeliciano.com.ar\/index.php?rest_route=%2Fwp%2Fv2%2Fcomments&post=2866"}],"version-history":[{"count":0,"href":"https:\/\/fmlibertadfeliciano.com.ar\/index.php?rest_route=\/wp\/v2\/posts\/2866\/revisions"}],"wp:featuredmedia":[{"embeddable":true,"href":"https:\/\/fmlibertadfeliciano.com.ar\/index.php?rest_route=\/wp\/v2\/media\/2867"}],"wp:attachment":[{"href":"https:\/\/fmlibertadfeliciano.com.ar\/index.php?rest_route=%2Fwp%2Fv2%2Fmedia&parent=2866"}],"wp:term":[{"taxonomy":"category","embeddable":true,"href":"https:\/\/fmlibertadfeliciano.com.ar\/index.php?rest_route=%2Fwp%2Fv2%2Fcategories&post=2866"},{"taxonomy":"post_tag","embeddable":true,"href":"https:\/\/fmlibertadfeliciano.com.ar\/index.php?rest_route=%2Fwp%2Fv2%2Ftags&post=2866"}],"curies":[{"name":"wp","href":"https:\/\/api.w.org\/{rel}","templated":true}]}}