{"id":2868,"date":"2026-02-14T13:18:29","date_gmt":"2026-02-14T13:18:29","guid":{"rendered":"https:\/\/fmlibertadfeliciano.com.ar\/?p=2868"},"modified":"2026-02-14T13:18:29","modified_gmt":"2026-02-14T13:18:29","slug":"el-gobierno-denuncio-a-manifestantes-de-la-marcha-contra-la-reforma-laboral","status":"publish","type":"post","link":"https:\/\/fmlibertadfeliciano.com.ar\/?p=2868","title":{"rendered":"El Gobierno denunci\u00f3 a manifestantes de la marcha contra la reforma laboral"},"content":{"rendered":"<p>\u200b\u00a0<\/p>\n<p>\u200b\u00a0<\/p>\n<p>\u200b<\/p>\n<figure>\n                        <img decoding=\"async\" src=\"https:\/\/apfdigital-s3.cdn.net.ar\/s3i233\/2026\/02\/apfdigital\/images\/02\/47\/37\/2473748_f2af72e4721487f1321b8fed39351e9a29e71551bb5b6c041b895a9fdb6db557\/md.webp\" alt=\"\" class=\"type:primaryImage\" \/><figcaption><\/figcaption><\/figure>\n<p>\u00a0La cordobesa Alejandra Monteoliva, digna sucesora de Patricia Bullrich al frente del Ministerio de Seguridad de la Naci\u00f3n, protagoniz\u00f3 ayer un nuevo cap\u00edtulo de la larga serie de criminalizaci\u00f3n de la protesta social que ya es habitual en la derecha aut\u00f3ctona, al anunciar que su cartera denunciar\u00e1 por \u201cterrorismo\u201d a un pu\u00f1ado de manifestantes detenidos el mi\u00e9rcoles durante la masiva movilizaci\u00f3n en la Plaza Congreso para rechazar la destrucci\u00f3n de derechos laborales que trataba el Senado.<\/p>","protected":false},"excerpt":{"rendered":"<div class=\"mh-excerpt\"><p>\u200b\u00a0 \u200b\u00a0 \u200b \u00a0La cordobesa Alejandra Monteoliva, digna sucesora de Patricia Bullrich al frente del Ministerio de Seguridad de la Naci\u00f3n, protagoniz\u00f3 ayer un nuevo <a class=\"mh-excerpt-more\" href=\"https:\/\/fmlibertadfeliciano.com.ar\/?p=2868\" title=\"El Gobierno denunci\u00f3 a manifestantes de la marcha contra la reforma laboral\">[&#8230;]<\/a><\/p>\n<\/div>","protected":false},"author":1,"featured_media":2869,"comment_status":"open","ping_status":"open","sticky":false,"template":"","format":"standard","meta":{"footnotes":""},"categories":[1],"tags":[],"class_list":["post-2868","post","type-post","status-publish","format-standard","has-post-thumbnail","hentry","category-sin-categoria"],"_links":{"self":[{"href":"https:\/\/fmlibertadfeliciano.com.ar\/index.php?rest_route=\/wp\/v2\/posts\/2868","targetHints":{"allow":["GET"]}}],"collection":[{"href":"https:\/\/fmlibertadfeliciano.com.ar\/index.php?rest_route=\/wp\/v2\/posts"}],"about":[{"href":"https:\/\/fmlibertadfeliciano.com.ar\/index.php?rest_route=\/wp\/v2\/types\/post"}],"author":[{"embeddable":true,"href":"https:\/\/fmlibertadfeliciano.com.ar\/index.php?rest_route=\/wp\/v2\/users\/1"}],"replies":[{"embeddable":true,"href":"https:\/\/fmlibertadfeliciano.com.ar\/index.php?rest_route=%2Fwp%2Fv2%2Fcomments&post=2868"}],"version-history":[{"count":0,"href":"https:\/\/fmlibertadfeliciano.com.ar\/index.php?rest_route=\/wp\/v2\/posts\/2868\/revisions"}],"wp:featuredmedia":[{"embeddable":true,"href":"https:\/\/fmlibertadfeliciano.com.ar\/index.php?rest_route=\/wp\/v2\/media\/2869"}],"wp:attachment":[{"href":"https:\/\/fmlibertadfeliciano.com.ar\/index.php?rest_route=%2Fwp%2Fv2%2Fmedia&parent=2868"}],"wp:term":[{"taxonomy":"category","embeddable":true,"href":"https:\/\/fmlibertadfeliciano.com.ar\/index.php?rest_route=%2Fwp%2Fv2%2Fcategories&post=2868"},{"taxonomy":"post_tag","embeddable":true,"href":"https:\/\/fmlibertadfeliciano.com.ar\/index.php?rest_route=%2Fwp%2Fv2%2Ftags&post=2868"}],"curies":[{"name":"wp","href":"https:\/\/api.w.org\/{rel}","templated":true}]}}