{"id":2870,"date":"2026-02-15T13:01:28","date_gmt":"2026-02-15T13:01:28","guid":{"rendered":"https:\/\/fmlibertadfeliciano.com.ar\/?p=2870"},"modified":"2026-02-15T13:01:28","modified_gmt":"2026-02-15T13:01:28","slug":"expectativas-turisticas-favorables-en-el-finde-largo","status":"publish","type":"post","link":"https:\/\/fmlibertadfeliciano.com.ar\/?p=2870","title":{"rendered":"Expectativas tur\u00edsticas favorables en el finde largo"},"content":{"rendered":"<p>\u200b\u00a0<\/p>\n<p>\u200b\u00a0<\/p>\n<p>\u200b<span class=\"cb-itemprop\"><\/span><\/p>\n<p>\u00a0<\/p>\n<p>Con reservas que ya superan el 60% y un alto nivel de consultas, la ciudad se prepar\u00f3 con una nutrida agenda para el fin de semana largo de carnaval.<\/p>\n<p>El subsecretario de Turismo y presidente del directorio del EMPATUR, Agust\u00edn Clavenzani, destac\u00f3: \u201cDesarrollamos acciones con una visi\u00f3n p\u00fablico-privada. El Ejecutivo que dirige Rosario Romero cree y concibe las pol\u00edticas de promoci\u00f3n del turismo y todas sus aristas con esta impronta de colaboraci\u00f3n\u201d.<\/p>\n<p>En la amplia oferta de actividades, se destacan:<\/p>\n<p>Feria de Carnaval: m\u00e1s de 180 emprendedores, artesanos y gastron\u00f3micos en el Puerto Nuevo \u2013 Costanera Baja. Del 13 al 17 de febrero.<\/p>\n<p>Carnavales 2026: Desfile de comparsas, batucadas y agrupaciones carnavaleras. Entrada: $5000. Calle Salvador Maci\u00e1 (entre Artigas y Coronel Uzin). Del 13 al 16 de febrero<\/p>\n<p>Paran\u00e1 Bus Tur\u00edstico: Recorrido a cielo abierto por la ciudad y sus lugares emblem\u00e1ticos. En esta oportunidad, la Asociaci\u00f3n Ex Alumnos de la Escuela Normal ser\u00e1 la responsable de la venta del Bono Solidario. Consultas en el Centro de Informes Tur\u00edsticos (Laurencena y San Mart\u00edn, Parque Urquiza) y en @paranabusturistico. Del 14 a 17 de febrero.<\/p>\n<p>Recorridos Pedestres Descubr\u00ed Paran\u00e1: Circuito por la historia, monumentos, lugares y paisajes que caracterizan a la ciudad. Libre y Gratuito. Del 14 a 16 de febrero.<\/p>\n<p>Adem\u00e1s: Reserva Natural Islote Curup\u00ed, el servicio de bicicletas p\u00fablicas Biciv\u00eda Paran\u00e1 (gratuito durante el fin de semana), los shoppings La Paz y Paso del Paran\u00e1, vi\u00f1edos, el circuito El Paran\u00e1 y sus Aldeas; y playas como el Balneario Municipal, con sol\u00e1rium, duchas, sanitarios, gastronom\u00eda y m\u00e1s; y el Balneario Thompson, que ofrece servicio de sombrillas, sol\u00e1rium duchas, espacios con mesas y bancos, zonas de recreaci\u00f3n y espacios deportivos.<\/p>\n<p>\u00a0<\/p>\n<p>De la Redacci\u00f3n de Entre R\u00edos Ahora<\/p>\n<p>\u00a0\u00a0 Con reservas que ya superan el 60% y un alto nivel de consultas, la ciudad se prepar\u00f3 con una nutrida agenda para el fin de semana largo de carnaval. El subsecretario de Turismo y presidente del directorio del EMPATUR, Agust\u00edn Clavenzani, destac\u00f3: \u201cDesarrollamos acciones con una visi\u00f3n p\u00fablico-privada. El Ejecutivo que dirige Rosario Romero<\/p>","protected":false},"excerpt":{"rendered":"<div class=\"mh-excerpt\"><p>\u200b\u00a0 \u200b\u00a0 \u200b \u00a0 Con reservas que ya superan el 60% y un alto nivel de consultas, la ciudad se prepar\u00f3 con una nutrida agenda <a class=\"mh-excerpt-more\" href=\"https:\/\/fmlibertadfeliciano.com.ar\/?p=2870\" title=\"Expectativas tur\u00edsticas favorables en el finde largo\">[&#8230;]<\/a><\/p>\n<\/div>","protected":false},"author":1,"featured_media":0,"comment_status":"open","ping_status":"open","sticky":false,"template":"","format":"standard","meta":{"footnotes":""},"categories":[1],"tags":[],"class_list":["post-2870","post","type-post","status-publish","format-standard","hentry","category-sin-categoria"],"_links":{"self":[{"href":"https:\/\/fmlibertadfeliciano.com.ar\/index.php?rest_route=\/wp\/v2\/posts\/2870","targetHints":{"allow":["GET"]}}],"collection":[{"href":"https:\/\/fmlibertadfeliciano.com.ar\/index.php?rest_route=\/wp\/v2\/posts"}],"about":[{"href":"https:\/\/fmlibertadfeliciano.com.ar\/index.php?rest_route=\/wp\/v2\/types\/post"}],"author":[{"embeddable":true,"href":"https:\/\/fmlibertadfeliciano.com.ar\/index.php?rest_route=\/wp\/v2\/users\/1"}],"replies":[{"embeddable":true,"href":"https:\/\/fmlibertadfeliciano.com.ar\/index.php?rest_route=%2Fwp%2Fv2%2Fcomments&post=2870"}],"version-history":[{"count":0,"href":"https:\/\/fmlibertadfeliciano.com.ar\/index.php?rest_route=\/wp\/v2\/posts\/2870\/revisions"}],"wp:attachment":[{"href":"https:\/\/fmlibertadfeliciano.com.ar\/index.php?rest_route=%2Fwp%2Fv2%2Fmedia&parent=2870"}],"wp:term":[{"taxonomy":"category","embeddable":true,"href":"https:\/\/fmlibertadfeliciano.com.ar\/index.php?rest_route=%2Fwp%2Fv2%2Fcategories&post=2870"},{"taxonomy":"post_tag","embeddable":true,"href":"https:\/\/fmlibertadfeliciano.com.ar\/index.php?rest_route=%2Fwp%2Fv2%2Ftags&post=2870"}],"curies":[{"name":"wp","href":"https:\/\/api.w.org\/{rel}","templated":true}]}}