{"id":2871,"date":"2026-02-15T03:16:10","date_gmt":"2026-02-15T03:16:10","guid":{"rendered":"https:\/\/fmlibertadfeliciano.com.ar\/?p=2871"},"modified":"2026-02-15T03:16:10","modified_gmt":"2026-02-15T03:16:10","slug":"baja-de-edad-de-imputabilidad-que-cambia","status":"publish","type":"post","link":"https:\/\/fmlibertadfeliciano.com.ar\/?p=2871","title":{"rendered":"Baja de edad de imputabilidad: qu\u00e9 cambia"},"content":{"rendered":"<p>\u200b\u00a0<\/p>\n<p>\u200b\u00a0<\/p>\n<p>\u200b<span class=\"cb-itemprop\"><\/span><\/p>\n<p>\u00a0<\/p>\n<p>\u00a0<\/p>\n<p data-start=\"65\" data-end=\"529\">El proyecto de\u00a0<a href=\"https:\/\/chequeado.com\/el-explicador\/debate-por-la-baja-de-la-edad-de-imputabilidad-en-la-argentina-que-pasa-en-brasil-chile-y-uruguay\/\"><strong>R\u00e9gimen Penal Juveni<\/strong>l<\/a>\u00a0que baja la edad de imputabilidad a 14 a\u00f1os recibi\u00f3 media sanci\u00f3n en Diputados. El 11 de febrero se hab\u00eda logrado el dictamen de mayor\u00eda en comisiones.<\/p>\n<p data-start=\"65\" data-end=\"529\">La iniciativa\u00a0busca derogar las\u00a0<strong><a href=\"https:\/\/www.argentina.gob.ar\/normativa\/nacional\/ley-22278-114167\/actualizacion\" target=\"_blank\" rel=\"noopener\">leyes 22.278<\/a>\u00a0y\u00a0<\/strong><a href=\"https:\/\/servicios.infoleg.gob.ar\/infolegInternet\/anexos\/215000-219999\/219385\/norma.htm\" target=\"_blank\" rel=\"noopener\"><strong>22.80<\/strong>3<\/a>, que rigen desde 1980\u00a0y establece un\u00a0<strong>nuevo esquema de responsabilidad penal para adolescentes de entre 14 y 18 a\u00f1os,<\/strong>\u00a0con l\u00edmites espec\u00edficos para la prisi\u00f3n, un m\u00e1ximo de 15 a\u00f1os de condena y la prohibici\u00f3n de aplicar perpetua.<\/p>\n<p>En la C\u00e1mara de Diputados el proyecto<strong>\u00a0<a href=\"https:\/\/votaciones.hcdn.gob.ar\/votacion\/5848\" target=\"_blank\" rel=\"noopener\">obtuvo<\/a><\/strong>\u00a0135 votos a favor, 100 en contra, 13 abstenciones, 1 no votaci\u00f3n y 8 ausentes.<\/p>\n<p>Los votos afirmativos fueron del oficialismo (La Libertad Avanza) y aliados como el PRO y la UCR. Tambi\u00e9n Innovaci\u00f3n Federal, Pa\u00eds Federal, Adelante Buenos Aires, algunos miembros de Provincias Unidas, Independencia, Movimiento De Integraci\u00f3n y Desarrollo, Por Santa Cruz, Producci\u00f3n y Trabajo, y La Neuquinidad.<\/p>\n<p>Los votos negativos provinieron de Uni\u00f3n por la Patria, Elijo Catamarca, el Frente de Izquierda, Defendamos C\u00f3rdoba, Primero San Luis, y un miembro de Provincias Unidas. Las abstenciones fueron en su mayor\u00eda de Provincias Unidas.<\/p>\n<p>En enero el tema volvi\u00f3 a estar en agenda por el\u00a0<strong><a href=\"https:\/\/www.airedesantafe.com.ar\/policiales\/caso-jeremias-monzon-el-crimen-lo-desnudaron-tiraron-la-ropa-el-parque-del-sur-y-le-hicieron-una-lapida-n642591\/amp?gad_source=1&amp;gad_campaignid=18957525812&amp;gbraid=0AAAAADdJ4rp1PG_2QyzndrmgYJVf1rTMs&amp;gclid=Cj0KCQiAvtzLBhCPARIsALwhxdrsbom5MEJ_kj8lHAoITqNHkL8IbcM5x5WVCvgjuQvwMMqMSWT6OaQaAnA_EALw_wcB\" target=\"_blank\" rel=\"noopener\">crimen de Jerem\u00edas Monz\u00f3n<\/a><\/strong>, en Santa Fe. El joven de 15 a\u00f1os fue asesinado en diciembre de 2025 y los principales acusados son 2 menores de 14 y 15 a\u00f1os.<\/p>\n<p>El proyecto es una conjunci\u00f3n de distintas iniciativas que se hab\u00edan presentado en la C\u00e1mara baja.\u00a0<strong><a href=\"https:\/\/www4.hcdn.gob.ar\/dependencias\/dsecretaria\/Periodo2024\/PDF2024\/TP2024\/0010-PE-2024.pdf\" target=\"_blank\" rel=\"noopener\">Una<\/a>\u00a0<\/strong>es la que hab\u00eda\u00a0<strong><a href=\"https:\/\/www.argentina.gob.ar\/noticias\/enviamos-al-congreso-el-proyecto-de-ley-para-bajar-la-edad-de-imputabilidad-los-13-anos?utm_source=chatgpt.com\" target=\"_blank\" rel=\"noopener\">presentado<\/a><\/strong>\u00a0el Ministerio de Seguridad en 2024, que planteaba bajar la edad a 13 a\u00f1os.<\/p>\n<p>Sin embargo,\u00a0<b>el proyecto que tiene dictamen propone bajar la edad de imputabilidad a 14<\/b>. Incluye propuestas presentadas por el massismo (Ramiro Guti\u00e9rrez), el PRO (Cristian Ritondo y Diego Santilli), LLA (Gerardo Huesen), la Coalici\u00f3n C\u00edvica (Juan Manuel L\u00f3pez) y Democracia para Siempre (Carla Carrizo), entre otros.<\/p>\n<p><b>Hoy, si una persona menor de 16 a\u00f1os comete un delito, no puede ser juzgada ni condenada penalmente<\/b>. La<strong>\u00a0<a href=\"https:\/\/www.argentina.gob.ar\/normativa\/nacional\/ley-22278-114167\/actualizacion\" target=\"_blank\" rel=\"noopener\">Ley 22.278<\/a>\u00a0<\/strong>establece que \u201cno es punible el menor que no haya cumplido 16 a\u00f1os de edad\u201d. Esto significa que no puede ser procesado ni recibir una pena, aunque haya cometido un hecho tipificado como delito. En estos casos, la causa queda a cargo de un juzgado de menores, que act\u00faa desde una l\u00f3gica tutelar.<\/p>\n<p>Sin embargo, el juez puede aplicar medidas de protecci\u00f3n previstas en el\u00a0<strong><a href=\"https:\/\/normas.gba.gob.ar\/documentos\/Be41rs7x.html\" target=\"_blank\" rel=\"noopener\">Decreto-Ley 10.067\/83<\/a>,<\/strong> entre ellas, \u201cla internaci\u00f3n del menor en establecimientos adecuados\u201d, adem\u00e1s de la supervisi\u00f3n familiar o asistencia m\u00e9dica o psicol\u00f3gica.<\/p>\n<p><b>En la pr\u00e1ctica, esto puede derivar en que menores de 16 a\u00f1os sean alojados en institutos, a pesar de no haber sido condenados<\/b>, lo que genera tensiones ya que implica una privaci\u00f3n de la libertad sin proceso penal previo. As\u00ed lo indica un\u00a0<a href=\"https:\/\/www.oas.org\/es\/cidh\/decisiones\/2021\/arpu12.721es.pdf\" target=\"_blank\" rel=\"noopener\"><strong>informe<\/strong>\u00a0<\/a>de 2021 de la Comisi\u00f3n Interamericana de Derechos Humanos sobre la Argentina.<\/p>\n<p>Por lo tanto, aunque el r\u00e9gimen actual, en lo formal, impide sancionar penalmente a menores de 16 a\u00f1os, s\u00ed habilita intervenciones judiciales que pueden traducirse en restricciones a su libertad.<\/p>\n<p><b>En el caso de los adolescentes de entre 16 y 18 a\u00f1os, con el r\u00e9gimen actual son imputables si el delito que cometieron tiene una pena superior a los 2 a\u00f1os de prisi\u00f3n.\u00a0<\/b>En estos casos, pueden ser juzgados, condenados y, si corresponde, cumplir penas privativas de libertad a\u00fan antes de cumplir los 18 a\u00f1os.<\/p>\n<p><b>El\u00a0<\/b><strong><a href=\"https:\/\/drive.google.com\/file\/d\/17y4AvA9g3Y7V0RBbWNJSO7YlNWiUXtXF\/view?usp=sharing\" target=\"_blank\" rel=\"noopener\">proyecto<\/a>\u00a0<\/strong><b>establece que un adolescente puede ser imputado penalmente desde los 14 a\u00f1os.<\/b>\u00a0Cuando sea condenado por un delito que contempla penas de hasta 3 a\u00f1os, no habr\u00e1 prisi\u00f3n efectiva, es decir, no ir\u00e1 preso.<\/p>\n<p>Cuando la pena prevista supere los 3 a\u00f1os y sea de hasta 10 a\u00f1os, el tribunal podr\u00e1 reemplazar la prisi\u00f3n por penas alternativas \u2014como tareas comunitarias, programas educativos o monitoreo electr\u00f3nico\u2014 siempre que el hecho no haya implicado la muerte de la v\u00edctima ni una violencia f\u00edsica o ps\u00edquica grave, que el adolescente no tenga condenas previas ni otros procesos firmes en tr\u00e1mite, y que exista dictamen pericial favorable, con conformidad del fiscal y previa audiencia a la v\u00edctima.<\/p>\n<p><b>Este proyecto proh\u00edbe expresamente la prisi\u00f3n perpetua para adolescentes<\/b>. El art\u00edculo 19 indica: \u201cQueda prohibida la imposici\u00f3n de las penas privativas de la libertad de reclusi\u00f3n perpetua y de prisi\u00f3n perpetua\u201d. Adem\u00e1s, fija un m\u00e1ximo de 15 a\u00f1os de condena para adolescentes.<\/p>\n<p>Con la ley vigente, por ejemplo, una persona de 15 a\u00f1os que comete un homicidio no puede ser juzgado ni condenado, aunque en la pr\u00e1ctica se inicia un procedimiento en los tribunales y, en algunos casos, puede ser internado en un instituto por orden de un juez de menores.<\/p>\n<p><b>Con el nuevo r\u00e9gimen, los adolescentes de 14 y 15 a\u00f1os podr\u00edan ser imputados, procesados y condenados a una pena de prisi\u00f3n<\/b>. La posibilidad de aplicar penas m\u00e1s duras o privativas de la libertad est\u00e1 m\u00e1s restringida a delitos graves y sujeta a condiciones y controles.<\/p>\n<p>Sin embargo, si el delito tiene una pena de hasta 3 a\u00f1os de prisi\u00f3n, el proyecto establece que no podr\u00e1 aplicarse c\u00e1rcel, sino que se deber\u00e1n imponer penas alternativas como la amonestaci\u00f3n, la asistencia a programas educativos, la prohibici\u00f3n de contacto con la v\u00edctima, trabajos comunitarios o el uso de tobillera electr\u00f3nica.<\/p>\n<p>Por otro lado, hoy, un joven de 17 a\u00f1os que comete un delito con una pena m\u00ednima menor a 2 a\u00f1os, como un robo simple, no puede ser condenado penalmente. Con el nuevo r\u00e9gimen, ese mismo joven s\u00ed podr\u00e1 ser imputado y recibir una pena, aunque no ser\u00e1 de prisi\u00f3n efectiva si la pena prevista no supera los 3 a\u00f1os.<\/p>\n<p>En cambio, delitos m\u00e1s graves, como el robo con armas, s\u00ed podr\u00edan implicar una condena con c\u00e1rcel, ya que superan ese umbral.<\/p>\n<p>Unicef\u00a0<strong><a href=\"https:\/\/www.unicef.org\/argentina\/media\/4336\/file\" target=\"_blank\" rel=\"noopener\">indic\u00f3 que en Argentina<\/a><\/strong>\u00a0la reforma del sistema de Justicia Penal Juvenil \u201cno requiere bajar la edad de punibilidad\u201d. La organizaci\u00f3n destaca la necesidad de encontrar un abordaje para la justicia juvenil que respete los derechos consagrados en los tratados internacionales incorporados a la Constituci\u00f3n, se\u00f1alando que experiencias internacionales han demostrado que disminuir la edad de punibilidad no ha resultado una medida efectiva para combatir la inseguridad.<\/p>\n<p class=\"com-paragraph --s\">En una\u00a0<strong><a href=\"https:\/\/www.lanacion.com.ar\/opinion\/justicia-penal-juvenil-una-oportunidad-para-construir-soluciones-solidas-nid09022026\/\" target=\"_blank\" rel=\"noopener\">columna<\/a><\/strong>\u00a0publicada en el diario La Naci\u00f3n, Rafael Ram\u00edrez Mesec, representante de Unicef Argentina explic\u00f3: \u201cEl abordaje de una ley de justicia penal juvenil no debe solo solucionar hoy el problema de ayer,\u00a0sino tambi\u00e9n prevenir el problema de ma\u00f1ana. Es necesario que haya sanci\u00f3n proporcional y contextualizada, reparaci\u00f3n, reinserci\u00f3n efectiva, y prevenci\u00f3n, protegiendo y recuperando a los m\u00e1s j\u00f3venes en la mayor medida posible. Y eso requerir\u00e1 de legislaci\u00f3n equilibrada, pol\u00edticas integrales y financiamiento adecuado. Una justicia juvenil moderna, basada en derechos, evidencia y con intervenciones especializadas, reduce la reincidencia, previene nuevas v\u00edctimas y contribuye a mejorar la seguridad ciudadana\u201d.<\/p>\n<p class=\"com-paragraph --s\">Y advirti\u00f3: \u201cDe otra manera, aumentar\u00e1 el n\u00famero de j\u00f3venes dentro del sistema penal, se profundizar\u00e1n trayectorias de violencia a futuro, y se debilitar\u00e1n las posibilidades de construir soluciones duraderas.\u00a0<strong>Pero no mejorar\u00e1 la seguridad\u201d.<\/strong><\/p>\n<p>La Red Internacional de los Derechos del Ni\u00f1o (CRIN, por sus siglas en ingl\u00e9s)\u00a0<strong><a href=\"https:\/\/archive.crin.org\/en\/library\/publications\/juvenile-justice-states-lowering-minimum-age-criminal-responsibility.html\" target=\"_blank\" rel=\"noopener\">se\u00f1al\u00f3 en un informe<\/a><\/strong>\u00a0que algunos pa\u00edses, tras reducir la edad m\u00ednima de responsabilidad penal, decidieron revertir esta decisi\u00f3n tras la cr\u00edtica por parte de organismos como el Comit\u00e9 de los Derechos del Ni\u00f1o en sus Observaciones finales y en el Examen Peri\u00f3dico Universal.<\/p>\n<p>Dinamarca, por ejemplo, redujo de 15 a 14 a\u00f1os el umbral en junio de 2010. Dos a\u00f1os despu\u00e9s, revirtieron la decisi\u00f3n.<\/p>\n<p>En febrero de 2011, el Comit\u00e9 de los Derechos del Ni\u00f1o de la ONU, en sus<strong>\u00a0<a href=\"https:\/\/www.acnur.org\/fileadmin\/Documentos\/BDL\/2012\/8579.pdf\" target=\"_blank\" rel=\"noopener\">Observaciones Finales sobre Dinamarca<\/a>, ex<\/strong>pres\u00f3 su \u201cprofunda preocupaci\u00f3n\u201d sobre varios asuntos relativos a la administraci\u00f3n de justicia juvenil, como \u201cla reducci\u00f3n de la edad de responsabilidad penal\u201d. Esta medida fue cuestionada, instando al Estado dan\u00e9s a reconsiderarla para cumplir con los est\u00e1ndares internacionales.<\/p>\n<p>Un caso similar ocurri\u00f3 en Georgia, donde el\u00a0<strong><a href=\"https:\/\/www.acnur.org\/fileadmin\/Documentos\/BDL\/2010\/7880.pdf#:~:text=El%20Comit%C3%A9%20celebra%20la%20presentaci%C3%B3n%20del%20tercer,Comit%C3%A9%20toma%20nota%20con%20satisfacci%C3%B3n%20el%20di%C3%A1logo\" target=\"_blank\" rel=\"noopener\">Comit\u00e9 de los Derechos del Ni\u00f1o \u201clament\u00f3 profundamente la decisi\u00f3n del Estado parte de reducir la edad de 14 a 12 a\u00f1os\u201d<\/a><\/strong>, principalmente para delitos graves como \u201chomicidio deliberado\u201d y \u201cviolaci\u00f3n\u201d, entre otros. Luego, el pa\u00eds volvi\u00f3 a los 14 la edad de imputabilidad.<\/p>\n<p>\u00a0<\/p>\n<p>Fuente: <a href=\"https:\/\/chequeado.com\/el-explicador\/baja-de-la-edad-de-imputabilidad-que-cambia-si-se-aprueba-el-proyecto-de-ley-del-gobierno\/\"><strong>Chequeado<\/strong><\/a><\/p>\n<p>\u00a0\u00a0 \u00a0 El proyecto de\u00a0R\u00e9gimen Penal Juvenil\u00a0que baja la edad de imputabilidad a 14 a\u00f1os recibi\u00f3 media sanci\u00f3n en Diputados. El 11 de febrero se hab\u00eda logrado el dictamen de mayor\u00eda en comisiones. La iniciativa\u00a0busca derogar las\u00a0leyes 22.278\u00a0y\u00a022.803, que rigen desde 1980\u00a0y establece un\u00a0nuevo esquema de responsabilidad penal para adolescentes de entre 14 y 18<\/p>","protected":false},"excerpt":{"rendered":"<div class=\"mh-excerpt\"><p>\u200b\u00a0 \u200b\u00a0 \u200b \u00a0 \u00a0 El proyecto de\u00a0R\u00e9gimen Penal Juvenil\u00a0que baja la edad de imputabilidad a 14 a\u00f1os recibi\u00f3 media sanci\u00f3n en Diputados. El 11 <a class=\"mh-excerpt-more\" href=\"https:\/\/fmlibertadfeliciano.com.ar\/?p=2871\" title=\"Baja de edad de imputabilidad: qu\u00e9 cambia\">[&#8230;]<\/a><\/p>\n<\/div>","protected":false},"author":1,"featured_media":0,"comment_status":"open","ping_status":"open","sticky":false,"template":"","format":"standard","meta":{"footnotes":""},"categories":[1],"tags":[],"class_list":["post-2871","post","type-post","status-publish","format-standard","hentry","category-sin-categoria"],"_links":{"self":[{"href":"https:\/\/fmlibertadfeliciano.com.ar\/index.php?rest_route=\/wp\/v2\/posts\/2871","targetHints":{"allow":["GET"]}}],"collection":[{"href":"https:\/\/fmlibertadfeliciano.com.ar\/index.php?rest_route=\/wp\/v2\/posts"}],"about":[{"href":"https:\/\/fmlibertadfeliciano.com.ar\/index.php?rest_route=\/wp\/v2\/types\/post"}],"author":[{"embeddable":true,"href":"https:\/\/fmlibertadfeliciano.com.ar\/index.php?rest_route=\/wp\/v2\/users\/1"}],"replies":[{"embeddable":true,"href":"https:\/\/fmlibertadfeliciano.com.ar\/index.php?rest_route=%2Fwp%2Fv2%2Fcomments&post=2871"}],"version-history":[{"count":0,"href":"https:\/\/fmlibertadfeliciano.com.ar\/index.php?rest_route=\/wp\/v2\/posts\/2871\/revisions"}],"wp:attachment":[{"href":"https:\/\/fmlibertadfeliciano.com.ar\/index.php?rest_route=%2Fwp%2Fv2%2Fmedia&parent=2871"}],"wp:term":[{"taxonomy":"category","embeddable":true,"href":"https:\/\/fmlibertadfeliciano.com.ar\/index.php?rest_route=%2Fwp%2Fv2%2Fcategories&post=2871"},{"taxonomy":"post_tag","embeddable":true,"href":"https:\/\/fmlibertadfeliciano.com.ar\/index.php?rest_route=%2Fwp%2Fv2%2Ftags&post=2871"}],"curies":[{"name":"wp","href":"https:\/\/api.w.org\/{rel}","templated":true}]}}