{"id":2872,"date":"2026-02-15T02:29:55","date_gmt":"2026-02-15T02:29:55","guid":{"rendered":"https:\/\/fmlibertadfeliciano.com.ar\/?p=2872"},"modified":"2026-02-15T02:29:55","modified_gmt":"2026-02-15T02:29:55","slug":"abusos-en-la-iglesia-no-hay-acompanamiento-a-las-victimas","status":"publish","type":"post","link":"https:\/\/fmlibertadfeliciano.com.ar\/?p=2872","title":{"rendered":"Abusos en la Iglesia: \u00abNo hay acompa\u00f1amiento a las v\u00edctimas\u00bb"},"content":{"rendered":"<p>\u200b\u00a0<\/p>\n<p>\u200b\u00a0<\/p>\n<p>\u200b<span class=\"cb-itemprop\"><\/span><\/p>\n<p>\u00a0<\/p>\n<p>\u00a0<\/p>\n<p>Pablo no le encuentra explicaci\u00f3n a la actitud que ha tenido la Iglesia Cat\u00f3lica de Paran\u00e1 con las v\u00edctimas \u2013\u00e9l es uno de los tres que denunciaron en la Justicia-\u00a0 de los abusos cometidos por el sacerdote Jos\u00e9 Mar\u00eda L\u00f3pez, ahora encarcelado en la Unidad Penal de Paran\u00e1, condenado en 2023 a ocho a\u00f1os y seis meses de c\u00e1rcel por abuso y corrupci\u00f3n de menores.<\/p>\n<p>Despu\u00e9s de la condena penal, sigui\u00f3 la demanda civil, y la curia puso al arzobispo em\u00e9rito Juan Alberto Puiggari a negociar. El actual jefe de la Iglesia de Paran\u00e1, Ra\u00fal Mart\u00edn, dej\u00f3 a Puiggari para que \u00abnegocie\u00bb con las v\u00edctimas. Va de suyo, la negociaci\u00f3n se estanc\u00f3 en un punto: la Iglesia no reconoce los estragos provocados por uno de los suyos en tres adolescentes que iniciaron su vida religiosa a la sombra de un sacerdote que, pronto sabr\u00edan, era un depredador sexual. Tampoco asume la obligaci\u00f3n de reparar el da\u00f1o. Las v\u00edctimas pusieron una cifra, la Iglesia la rechaza.<\/p>\n<p>As\u00ed, 2025 se ocup\u00f3 en sucesivas mediaciones que llegaron a un punto ciego: fracasaron.<\/p>\n<p>Ahora, el asunto se deber\u00e1 dirimir en Tribunales, con una demanda civil.<\/p>\n<p>\u201cB\u00e1sicamente, lo que sucede es que la cifra de indemnizaci\u00f3n que nosotros pedimos, ellos no est\u00e1n dispuestos a afrontarla. No quieren pagar. No hubo voluntad de arreglar, y la mirada de ellos no est\u00e1 centrada en acompa\u00f1ar a las v\u00edctimas, y s\u00ed est\u00e1 centrada en la plata\u201d, dice Pablo, durante una entrevista con el programa <em><strong>Puro Cuento<\/strong> <\/em>de <em>Radio Plaza 94.7.<\/em><\/p>\n<p>Luego, agrega: \u201cTanto Puiggari como el actual arzobispo, Ra\u00fal Martin, no muestran intenci\u00f3n o acompa\u00f1amiento alguno. No hay de parte de ellos el querer acompa\u00f1ar a la v\u00edctima; s\u00ed est\u00e1n muy preocupados por no perder la demanda. No tienen problemas en pagarles plata al abogado de la Iglesia para que frene la demanda con tal de no pagar plata a la v\u00edctima. Se ve que les duele a ellos, no s\u00e9 por qu\u00e9\u201d.<\/p>\n<p><em>-\u00bfC\u00f3mo fue el proceso previo de la mediaci\u00f3n? \u00bfHubo acompa\u00f1amiento a las v\u00edctimas?<\/em><\/p>\n<p>-Nosotros confiamos en la Iglesia. Confiamos en que iban a hacer algo. Pero desde 2019, cuando present\u00e9 mi caso, hasta 2023, cuando fuimos a la Justicia, no hicieron nada. Seguramente nos ment\u00edan. Un d\u00eda Puiggari me escribi\u00f3 por whatsapp para contarme que al cura hab\u00eda perdido el estado clerical. Fue poco serio. Despu\u00e9s de haber hecho el proceso que hicimos, esperaba una comunicaci\u00f3n m\u00e1s formal. En vez de eso, mandaron un whatsapp. La estrategia fue siempre tapar el caso, no visualizarlo, como pasaba antes. No tengo drama en luchar y exponer esto, pero en general las v\u00edctimas no quieren salir a la luz. Son personas que se quieren guardar en la oscuridad, ya est\u00e1n cansados de la exposici\u00f3n p\u00fablica, y termina ganando la batalla esta instituci\u00f3n. Yo quiero luchar, y yo quiero visibilizar este caso. Y ha sido positivo, porque han aparecido otros casos y otras v\u00edctimas. Hay gente que se ha animado a denunciar. Y adem\u00e1s, la Justicia ha acompa\u00f1ado: denunciamos en agosto de 2023 y en diciembre de ese a\u00f1o el cura estaba preso.<\/p>\n<p><em>-\u00bfEst\u00e1s confiado en que va a prosperar el proceso civil?<\/em><\/p>\n<p>-S\u00ed, tengo confianza. Hemos demandado al Arzobispado, al cura, al Episcopado y a las parroquias donde ocurrieron los hechos. Todas esas instituciones tambi\u00e9n est\u00e1n demandadas y bueno, alguno de ellos tendr\u00e1 que responder a este da\u00f1o. En la calle, si uno choca a alguien o tiene un accidente, lo que intenta es al menos pasarle el n\u00famero de seguro, indemnizarlo, arreglar, intentar reparar el da\u00f1o. Eso no estar\u00eda pasando en este caso. Ac\u00e1 hay que sacarle a la fuerza la reparaci\u00f3n, la indemnizaci\u00f3n econ\u00f3mica. No est\u00e1n queriendo reparar, no se est\u00e1n queriendo hacer cargo de los da\u00f1os provocados, o en todo caso quieren minimizar todo. \u201cNo es para tanto\u201d, dicen. Este es el primer caso de abuso en la Iglesia en el cual el sacerdote acepta su esponsabilidad, pidi\u00f3 disculpas, y fue preso. Y ellos no quieren reparar, no est\u00e1n queriendo reparar, y eso habla muy mal de ellos, pero tarde o temprano van a tener que reparar. Yo tengo la esperanza que alg\u00fan juez va a fallar a nuestro favor, y que vamos a obtener una indemnizaci\u00f3n que al menos nos permita reparar parte del da\u00f1o provocado.<\/p>\n<p><em>-Sin embargo, ustedes confiaron en la Iglesia. Denunciaron los abusos en 2019, esperaron y cuando no hubo respuestas, en 2023 fueron a la Justicia. No hubo acompa\u00f1amiento antes ni ahora.<\/em><\/p>\n<p>-No, nunca hubo acompa\u00f1amiento. Es m\u00e1s, hasta podr\u00eda decir que hubo persecuci\u00f3n, pero acompa\u00f1amiento, no, jam\u00e1s. En ning\u00fan momento se mostraron interesados en acompa\u00f1ar a la v\u00edctima. Hubo gente en la Iglesia que, cuando el cura fue condenado, salieron a decir que la v\u00edctima era \u00e9l.<\/p>\n<p><em>-Se da que algunos denunciantes despu\u00e9s soportan persecuci\u00f3n, sobre todo en el caso de aquellos que trabajan en \u00e1mbitos educativos de la Iglesia.<\/em><\/p>\n<p>-S\u00ed, tal cual. En mi caso, me han renovado los contratos. Pero te encontras con miradas que no te ven como alguien valiente que se anim\u00f3 a denunciar y que se anim\u00f3 a pelear con la instituci\u00f3n, sino es la imagen de alguien que est\u00e1 haciendo quilombo, que est\u00e1 queriendo romper algo. A veces, eso genera discriminaci\u00f3n.<\/p>\n<p>\u00a0<\/p>\n<p><strong>El camino<\/strong><\/p>\n<p>Diego, M. (prefiere que se preserve su identidad), Pablo, las tres v\u00edctimas de los abusos sexuales del cura Jos\u00e9 Mar\u00eda L\u00f3pez -fue p\u00e1rroco, entre otros lugares, en San Jos\u00e9 Obrero y Nuestra Se\u00f1ora de Luj\u00e1n, en Paran\u00e1, y en San Miguel, de Bovril- iniciaron el camino de la demanda civil a la iglesia de Paran\u00e1 despu\u00e9s de una trabajosa mediaci\u00f3n que timone\u00f3, en representaci\u00f3n de la curia, el arzobispo em\u00e9rito Juan Alberto Puiggari pero que no lleg\u00f3 a ning\u00fan acuerdo.<\/p>\n<p>Sin arbitraje posible, lo que sigui\u00f3 es la demanda civil: hay tres expedientes abiertos en los juzgados civiles N\u00b0 1, N\u00b0 2 y N\u00b0 5. Las demandas, por una monto de $300 millones por cada uno de las tres v\u00edctimas de los abusos del cura L\u00f3pez, no s\u00f3lo alcanzan al Arzobispado de Paran\u00e1 y a la Conferencia Episcopal Argentina (CEA), sino tambi\u00e9n al propio sacerdote -que ya perdi\u00f3 el estado clerical y cumple condena a 8 a\u00f1os y 5 meseses de c\u00e1rcel en la Unidad Penal de Paran\u00e1- y a las dos parroquias en las que ocurrieron las agresiones sexuales, San Jos\u00e9 Obrero, de Paran\u00e1, y San Miguel, de Bovril.<\/p>\n<p>Las denuncias en la Iglesia empezaron en 2019. Pero la Justicia tom\u00f3 nota cuando tres de las v\u00edctimas del cura L\u00f3pez acuden por propia voluntad y denuncian los abusos. Eso fue en agosto de 2023. En diciembre de ese a\u00f1o el cura termina condenado mediante juicio abreviado \u2013asumi\u00f3 la culpa de los delitos que se le enrostraron- y es condenado a ocho a\u00f1o y medio de c\u00e1rcel. Ahora est\u00e1 alojado en la Unidad Penal de Paran\u00e1.<\/p>\n<p>El legajo N\u00ba 26.795 fue caratulado as\u00ed: \u201cL\u00f3pez Jos\u00e9 Mar\u00eda s\/Abuso sexual gravemente ultrajante, agravado, reiterado\u201d.<\/p>\n<p>En la imputaci\u00f3n, que llev\u00f3 adelante el fiscal Leandro Dato, se lee que el cura L\u00f3pez \u201ctanto en la habitaci\u00f3n de hu\u00e9sped de la casa parroquial de la Iglesia San Jos\u00e9 Obrero, sita en calle Avenida Zanni N\u00ba 2640 de la ciudad de Paran\u00e1, como tambi\u00e9n en oportunidades de realizar campamentos en vacaciones hacia Bariloche, El Espinillo, Puerto Madryn, Purmamarca entre otros viajes que realizan juntos (en relaci\u00f3n a una de las tres v\u00edctimas), y luego de forjar un v\u00ednculo de confianza, aprovech\u00e1ndose del fallecimiento de su progenitor\u201d, el cura \u201cle efectuaba tocamientos en el pene y apretaba sus test\u00edculos con su mano por debajo de la ropa\u201d.<\/p>\n<p>\u00a0<\/p>\n\n<p>En el fallo condenatorio, el juez Rafael Mart\u00edn Cotorruelo, vocal del Tribunal de Juicios y Apelaciones de Paran\u00e1, anota: \u201cEn el caso que nos ocupa, dicho accionar se vio evidentemente facilitado por la especial posici\u00f3n de preeminencia del agresor, debido a su condici\u00f3n de sacerdote y al hecho de que los abusos los perpetraba sirvi\u00e9ndose de ese especial rol, en cuyo marco era visto por las v\u00edctimas como una autoridad, encargada de formar, cuidar y contener\u201d.<\/p>\n<p>La acusaci\u00f3n al sacerdote se bas\u00f3 en el testimonio de las tres v\u00edctimas denunciantes, \u201cquienes dieron cuenta de las formas y circunstancias en que fueron agredidas, corroborando de ese modo la plataforma f\u00e1ctica sobre la cual se erige la acusaci\u00f3n, narraciones que por otro lado aparecen desde la percepci\u00f3n directa, como espont\u00e1neas, razonables y por lo tanto, cre\u00edbles, a la vez que confirman los extremos contenidos en la imputaci\u00f3n\u201d, seg\u00fan la letra de la sentencia condenatoria.<\/p>\n\n<p>Despu\u00e9s de la condena penal, lo que sigue es la demanda civil por parte de las v\u00edctimas a la Iglesia Cat\u00f3lica, en Paran\u00e1 y al Episcopado, al propio cura, y a dos parroquias.<\/p>\n<p>\u00a0<\/p>\n<p>\u00a0<\/p>\n<p>\u00a0<\/p>\n<p>De la Redacci\u00f3n de Entre R\u00edos Ahora<\/p>\n<p>\u00a0<\/p>\n<p>\u00a0<\/p>\n<p>\u00a0\u00a0 \u00a0 Pablo no le encuentra explicaci\u00f3n a la actitud que ha tenido la Iglesia Cat\u00f3lica de Paran\u00e1 con las v\u00edctimas \u2013\u00e9l es uno de los tres que denunciaron en la Justicia-\u00a0 de los abusos cometidos por el sacerdote Jos\u00e9 Mar\u00eda L\u00f3pez, ahora encarcelado en la Unidad Penal de Paran\u00e1, condenado en 2023 a ocho<\/p>","protected":false},"excerpt":{"rendered":"<div class=\"mh-excerpt\"><p>\u200b\u00a0 \u200b\u00a0 \u200b \u00a0 \u00a0 Pablo no le encuentra explicaci\u00f3n a la actitud que ha tenido la Iglesia Cat\u00f3lica de Paran\u00e1 con las v\u00edctimas \u2013\u00e9l <a class=\"mh-excerpt-more\" href=\"https:\/\/fmlibertadfeliciano.com.ar\/?p=2872\" title=\"Abusos en la Iglesia: \u00abNo hay acompa\u00f1amiento a las v\u00edctimas\u00bb\">[&#8230;]<\/a><\/p>\n<\/div>","protected":false},"author":1,"featured_media":0,"comment_status":"open","ping_status":"open","sticky":false,"template":"","format":"standard","meta":{"footnotes":""},"categories":[1],"tags":[],"class_list":["post-2872","post","type-post","status-publish","format-standard","hentry","category-sin-categoria"],"_links":{"self":[{"href":"https:\/\/fmlibertadfeliciano.com.ar\/index.php?rest_route=\/wp\/v2\/posts\/2872","targetHints":{"allow":["GET"]}}],"collection":[{"href":"https:\/\/fmlibertadfeliciano.com.ar\/index.php?rest_route=\/wp\/v2\/posts"}],"about":[{"href":"https:\/\/fmlibertadfeliciano.com.ar\/index.php?rest_route=\/wp\/v2\/types\/post"}],"author":[{"embeddable":true,"href":"https:\/\/fmlibertadfeliciano.com.ar\/index.php?rest_route=\/wp\/v2\/users\/1"}],"replies":[{"embeddable":true,"href":"https:\/\/fmlibertadfeliciano.com.ar\/index.php?rest_route=%2Fwp%2Fv2%2Fcomments&post=2872"}],"version-history":[{"count":0,"href":"https:\/\/fmlibertadfeliciano.com.ar\/index.php?rest_route=\/wp\/v2\/posts\/2872\/revisions"}],"wp:attachment":[{"href":"https:\/\/fmlibertadfeliciano.com.ar\/index.php?rest_route=%2Fwp%2Fv2%2Fmedia&parent=2872"}],"wp:term":[{"taxonomy":"category","embeddable":true,"href":"https:\/\/fmlibertadfeliciano.com.ar\/index.php?rest_route=%2Fwp%2Fv2%2Fcategories&post=2872"},{"taxonomy":"post_tag","embeddable":true,"href":"https:\/\/fmlibertadfeliciano.com.ar\/index.php?rest_route=%2Fwp%2Fv2%2Ftags&post=2872"}],"curies":[{"name":"wp","href":"https:\/\/api.w.org\/{rel}","templated":true}]}}