{"id":2875,"date":"2026-02-15T02:20:33","date_gmt":"2026-02-15T02:20:33","guid":{"rendered":"https:\/\/fmlibertadfeliciano.com.ar\/?p=2875"},"modified":"2026-02-15T02:20:33","modified_gmt":"2026-02-15T02:20:33","slug":"brupbacher-bajamos-costos-para-hacer-competitiva-la-tarifa","status":"publish","type":"post","link":"https:\/\/fmlibertadfeliciano.com.ar\/?p=2875","title":{"rendered":"Brupbacher: \u00abBajamos costos para hacer competitiva la tarifa\u00bb"},"content":{"rendered":"<p>\u200b\u00a0<\/p>\n<p>\u200b\u00a0<\/p>\n<p>\u200b<span class=\"cb-itemprop\"><\/span><\/p>\n<p>\u00a0<\/p>\n<p>La distribuidora estatal Energ\u00eda Entre R\u00edos SA (Enersa) convoc\u00f3 a comercios de todo Entre R\u00edos a inscribirse en su Registro de Proveedores para los rubros de librer\u00eda, ferreter\u00eda, hoteler\u00eda-alojamiento, gastronom\u00eda y materiales de electricidad.<\/p>\n<p>\u201cLa empresa necesita estos servicios en distintas localidades de Entre R\u00edos, desde firmas consolidadas hasta emprendimientos locales. El objetivo es contar con opciones en todo el territorio provincial\u201d, se\u00f1al\u00f3 Enersa.<\/p>\n<p>La iniciativa \u201cbusca ampliar la base de oferentes y promover una mayor participaci\u00f3n en los procesos de compra y contrataci\u00f3n, en el marco de la pol\u00edtica de transparencia y eficiencia, conforme a los principios establecidos en el Reglamento de Compras y Contrataciones vigente de Enersa\u201d.<\/p>\n<p>La inscripci\u00f3n de los futuros proveedores debe realizarse enviando la documentaci\u00f3n por correo electr\u00f3nico a registroproveedores@enersa.com.ar. Para m\u00e1s informaci\u00f3n, se puede consultar el sitio web <strong><a href=\"http:\/\/www.enersa.com.ar\/repro\">www.enersa.com.ar\/repro<\/a><\/strong> o la cuenta oficial @enersa.proveedores.<\/p>\n<p>\u201cNosotros venimos trabajando fuertemente con un VAD (Valor Agregado de Distribuci\u00f3n, uno de los componentes de la factura el\u00e9trica) congelado ya por casi 18 meses, que nos hizo llegar a la posici\u00f3n n\u00famero 11 en el ranking nacional de distribuidora. Tenemos que trabajar fuertemente en los costos. Trabajamos en la centralizaci\u00f3n de las compras y ahora estamos ampliando la cantidad de proveedores, de modo tal de conseguir mejores ofertas, m\u00e1s cantidad, y de esa manera lograr buenos n\u00fameros\u201d, dice el presidente de Energ\u00eda Entre R\u00edos SA (Enersa), Uriel Brupbacher.<\/p>\n<p>El VAD es \u201cel costo entrerriano de la factura el\u00e9ctrica\u201d, seg\u00fan explica Brupbacher. \u201cDespu\u00e9s, est\u00e1 el costo mayorista, que es al que compramos la energ\u00eda; luego, est\u00e1n los impuestos provinciales, que se eliminaron todos; y las tasas municipales, que se redujeron a partir de este per\u00edodo, de modo de tener un costo de la energ\u00eda m\u00e1s competitivo. tal que fuimos, de esa manera, haciendo m\u00e1s competitiva la energ\u00eda de la provincia\u201d.<\/p>\n<p><em>-\u00bfC\u00f3mo hace Enersa para sostenerse financieramente con un VAD congelado tanto tiempo?<\/em><\/p>\n<p>-Lo hacemos trabajando fuertemente en los costos, es la tarea que me encomend\u00f3 el Gobernador cuando me design\u00f3 en Enersa. Estamos controlando los costos. Queremos tener un costo de La energ\u00eda QUE competitiva, para tener una energ\u00eda competitiva tenemos que lograr que el costo de prestar ese servicio est\u00e9 por debajo de la tarifa, y estamos trabajando fuertemente en eso. En 2025 logramos compras hasta un 40% m\u00e1s baratas que las que se hac\u00edan anteriormente. Antes se hac\u00edan compras parciales. Nosotros estamos haciendo grandes licitaciones, y logramos esa mejora de precio, corregimos procesos. Ahora, damos el \u00faltimo paso: invitar a que se sumen mucho m\u00e1s proveedores a la familia Enersa, de modo tal de conseguir buenos precios, y poder seguir sosteniendo ese precio competitivo, y estar en esa mitad de tabla en cuanto a costo de la energ\u00eda en el pa\u00eds. El costo de la energ\u00eda a veces define un proyecto: que un proyecto se instale en una provincia o en otra depende, entre otras cosas, del costo de la energ\u00eda. Y desde nuestro lugar, del lado que me toca a m\u00ed, controlar los costos de compras de la compa\u00f1\u00eda, de modo tal de poder lograr eso, lo estamos haciendo.<\/p>\n<p>\u00a0<\/p>\n<p>De la Redacci\u00f3n de Entre R\u00edos Ahora<\/p>\n<p>\u00a0<\/p>\n<p>\u00a0\u00a0 La distribuidora estatal Energ\u00eda Entre R\u00edos SA (Enersa) convoc\u00f3 a comercios de todo Entre R\u00edos a inscribirse en su Registro de Proveedores para los rubros de librer\u00eda, ferreter\u00eda, hoteler\u00eda-alojamiento, gastronom\u00eda y materiales de electricidad. \u201cLa empresa necesita estos servicios en distintas localidades de Entre R\u00edos, desde firmas consolidadas hasta emprendimientos locales. El objetivo es<\/p>","protected":false},"excerpt":{"rendered":"<div class=\"mh-excerpt\"><p>\u200b\u00a0 \u200b\u00a0 \u200b \u00a0 La distribuidora estatal Energ\u00eda Entre R\u00edos SA (Enersa) convoc\u00f3 a comercios de todo Entre R\u00edos a inscribirse en su Registro de <a class=\"mh-excerpt-more\" href=\"https:\/\/fmlibertadfeliciano.com.ar\/?p=2875\" title=\"Brupbacher: \u00abBajamos costos para hacer competitiva la tarifa\u00bb\">[&#8230;]<\/a><\/p>\n<\/div>","protected":false},"author":1,"featured_media":0,"comment_status":"open","ping_status":"open","sticky":false,"template":"","format":"standard","meta":{"footnotes":""},"categories":[1],"tags":[],"class_list":["post-2875","post","type-post","status-publish","format-standard","hentry","category-sin-categoria"],"_links":{"self":[{"href":"https:\/\/fmlibertadfeliciano.com.ar\/index.php?rest_route=\/wp\/v2\/posts\/2875","targetHints":{"allow":["GET"]}}],"collection":[{"href":"https:\/\/fmlibertadfeliciano.com.ar\/index.php?rest_route=\/wp\/v2\/posts"}],"about":[{"href":"https:\/\/fmlibertadfeliciano.com.ar\/index.php?rest_route=\/wp\/v2\/types\/post"}],"author":[{"embeddable":true,"href":"https:\/\/fmlibertadfeliciano.com.ar\/index.php?rest_route=\/wp\/v2\/users\/1"}],"replies":[{"embeddable":true,"href":"https:\/\/fmlibertadfeliciano.com.ar\/index.php?rest_route=%2Fwp%2Fv2%2Fcomments&post=2875"}],"version-history":[{"count":0,"href":"https:\/\/fmlibertadfeliciano.com.ar\/index.php?rest_route=\/wp\/v2\/posts\/2875\/revisions"}],"wp:attachment":[{"href":"https:\/\/fmlibertadfeliciano.com.ar\/index.php?rest_route=%2Fwp%2Fv2%2Fmedia&parent=2875"}],"wp:term":[{"taxonomy":"category","embeddable":true,"href":"https:\/\/fmlibertadfeliciano.com.ar\/index.php?rest_route=%2Fwp%2Fv2%2Fcategories&post=2875"},{"taxonomy":"post_tag","embeddable":true,"href":"https:\/\/fmlibertadfeliciano.com.ar\/index.php?rest_route=%2Fwp%2Fv2%2Ftags&post=2875"}],"curies":[{"name":"wp","href":"https:\/\/api.w.org\/{rel}","templated":true}]}}