{"id":2881,"date":"2026-02-16T12:49:13","date_gmt":"2026-02-16T12:49:13","guid":{"rendered":"https:\/\/fmlibertadfeliciano.com.ar\/?p=2881"},"modified":"2026-02-16T12:49:13","modified_gmt":"2026-02-16T12:49:13","slug":"dos-policias-fueron-condenados-por-abuso-sexual-en-el-primer-juicio-por-jurados-del-ano-en-entre-rios","status":"publish","type":"post","link":"https:\/\/fmlibertadfeliciano.com.ar\/?p=2881","title":{"rendered":"Dos polic\u00edas fueron condenados por abuso sexual, en el primer juicio por jurados del a\u00f1o en Entre R\u00edos"},"content":{"rendered":"<p>\u200b\u00a0<\/p>\n<p>\u200b\u00a0<\/p>\n<p>\u200b<\/p>\n<section class=\"texto\">Tras seis jornadas de debate a puertas cerradas, por tratarse la denuncia de un delito contra la integridad sexual, un jurado popular reunido hoy s\u00e1bado en Paran\u00e1 declar\u00f3 culpables a M.S.E, como part\u00edcipe necesario del delito de \u201cAbuso sexual con acceso carnal agravado por haber sido cometido por personal de las fuerza policiales\u201d y a G.E.A como autor del delito de \u201cAbuso sexual con acceso carnal agravado por haber sido cometido por personal de las fuerzas policiales\u201d.\n<h5>Primero del a\u00f1o<\/h5>\n<p>Se trat\u00f3 del primer juicio por jurados del a\u00f1o, se efectu\u00f3 en el Sal\u00f3n de Actos del Superior Tribunal de Justicia (STJ), ubicado en el segundo piso de los Tribunales de Paran\u00e1, y fue en el marco del legajo \u00abM.S.E. y otro S\/Abuso sexual con acceso carnal agravado\u00bb.<\/p>\n<p>Conocido el veredicto, el juez t\u00e9cnico y vocal del Tribunal de Juicio y Apelaciones de Paran\u00e1, Alejandro C\u00e1nepa, anunci\u00f3 que la audiencia de cesura, durante la cual las partes brindar\u00e1n sus argumentos sobre la pena que deber\u00e1n cumplir los imputados, se realizar\u00e1 el 20 de febrero, a las 9.<\/p>\n<h5>Seguir\u00e1n detenidos<\/h5>\n<p>Seg\u00fan resolvi\u00f3 el juez C\u00e1nepa, de acuerdo a los informado a\u00a0<b>El Entre R\u00edos<\/b>, los imputados seguir\u00e1n con prisi\u00f3n preventiva en la Unidad Penal N\u00ba 1 de Paran\u00e1 hasta esa fecha.<\/p>\n<p>Durante el debate el Ministerio P\u00fablico Fiscal estuvo representado por las fiscales Valeria Vilchez y Fernanda Ruffatti, en tanto que los abogados Guillermo Mulet y Leonardo Schonfeld ejercieron la querella. Por su parte el abogado Juli\u00e1n Gracia intervino en representaci\u00f3n del Superior Gobierno de Entre R\u00edos.<\/p>\n<div class=\"autors-widget\">\n<div>\n<div>\n<div><\/div>\n<\/div>\n<\/div>\n<\/div>\n<p>El imputado G.E.A. fue asistido por los abogados Dami\u00e1n Pettenati e Iv\u00e1n Vernengo, mientras que su colega Claudio Ber\u00f3n ejerci\u00f3 la defensa de M.S.E.<\/p>\n<p>Se trat\u00f3 del quincuag\u00e9simo tercer juicio por jurados realizado en Entre R\u00edos desde la entrada en vigencia de este sistema de juzgamiento penal.<\/p>\n<\/section>\n<footer><span class=\"fuente\"><b>Fuente:<\/b>\u00a0EER \u2013 SIC \u2013 STJ.<\/span><\/footer>\n<p>\u00a0Tras seis jornadas de debate a puertas cerradas, por tratarse la denuncia de un delito contra la integridad sexual, un jurado popular reunido hoy s\u00e1bado en Paran\u00e1 declar\u00f3 culpables a M.S.E, como part\u00edcipe necesario del delito de \u201cAbuso sexual con acceso carnal agravado por haber sido cometido por personal de las fuerza policiales\u201d y a \u2026<\/p>","protected":false},"excerpt":{"rendered":"<div class=\"mh-excerpt\"><p>\u200b\u00a0 \u200b\u00a0 \u200b Tras seis jornadas de debate a puertas cerradas, por tratarse la denuncia de un delito contra la integridad sexual, un jurado popular <a class=\"mh-excerpt-more\" href=\"https:\/\/fmlibertadfeliciano.com.ar\/?p=2881\" title=\"Dos polic\u00edas fueron condenados por abuso sexual, en el primer juicio por jurados del a\u00f1o en Entre R\u00edos\">[&#8230;]<\/a><\/p>\n<\/div>","protected":false},"author":1,"featured_media":0,"comment_status":"open","ping_status":"open","sticky":false,"template":"","format":"standard","meta":{"footnotes":""},"categories":[1],"tags":[],"class_list":["post-2881","post","type-post","status-publish","format-standard","hentry","category-sin-categoria"],"_links":{"self":[{"href":"https:\/\/fmlibertadfeliciano.com.ar\/index.php?rest_route=\/wp\/v2\/posts\/2881","targetHints":{"allow":["GET"]}}],"collection":[{"href":"https:\/\/fmlibertadfeliciano.com.ar\/index.php?rest_route=\/wp\/v2\/posts"}],"about":[{"href":"https:\/\/fmlibertadfeliciano.com.ar\/index.php?rest_route=\/wp\/v2\/types\/post"}],"author":[{"embeddable":true,"href":"https:\/\/fmlibertadfeliciano.com.ar\/index.php?rest_route=\/wp\/v2\/users\/1"}],"replies":[{"embeddable":true,"href":"https:\/\/fmlibertadfeliciano.com.ar\/index.php?rest_route=%2Fwp%2Fv2%2Fcomments&post=2881"}],"version-history":[{"count":0,"href":"https:\/\/fmlibertadfeliciano.com.ar\/index.php?rest_route=\/wp\/v2\/posts\/2881\/revisions"}],"wp:attachment":[{"href":"https:\/\/fmlibertadfeliciano.com.ar\/index.php?rest_route=%2Fwp%2Fv2%2Fmedia&parent=2881"}],"wp:term":[{"taxonomy":"category","embeddable":true,"href":"https:\/\/fmlibertadfeliciano.com.ar\/index.php?rest_route=%2Fwp%2Fv2%2Fcategories&post=2881"},{"taxonomy":"post_tag","embeddable":true,"href":"https:\/\/fmlibertadfeliciano.com.ar\/index.php?rest_route=%2Fwp%2Fv2%2Ftags&post=2881"}],"curies":[{"name":"wp","href":"https:\/\/api.w.org\/{rel}","templated":true}]}}