{"id":2919,"date":"2026-02-21T13:59:34","date_gmt":"2026-02-21T13:59:34","guid":{"rendered":"https:\/\/fmlibertadfeliciano.com.ar\/?p=2919"},"modified":"2026-02-21T13:59:34","modified_gmt":"2026-02-21T13:59:34","slug":"sauce-de-luna-volvio-la-interna-entre-intendente-y-vice","status":"publish","type":"post","link":"https:\/\/fmlibertadfeliciano.com.ar\/?p=2919","title":{"rendered":"Sauce de Luna: volvi\u00f3 la interna entre intendente y vice"},"content":{"rendered":"<p>\u200b\u00a0<\/p>\n<p>\u200b\u00a0<\/p>\n<p>\u200b<span class=\"cb-itemprop\"><\/span><\/p>\n<p>\u00a0<\/p>\n<p>\u00a0<\/p>\n<p>\u201cHay momentos en los que uno quisiera que las diferencias fueran solo t\u00e9cnicas, pero cuando los conflictos se repiten y el incumplimiento institucional se vuelve regla, ya no estamos ante errores aislados\u201d.<\/p>\n<p>De ese modo se manifest\u00f3 la viceintendenta de Sauce de Luna, Soledad Zurdo, en un tiro por elevaci\u00f3n al intendente Alcides Alderete (PJ), reeditando as\u00ed una pelea de larga data.<\/p>\n<p>\u201cDesde hace meses venimos se\u00f1alando atropellos, interpretaciones arbitrarias de la normativa y demoras injustificadas en la ejecuci\u00f3n de lo que el propio Concejo ha aprobado. Lo m\u00e1s grave\u00a0 no es la discusi\u00f3n pol\u00edtica -que es parte de la democracia- sino la falta de comprensi\u00f3n de los roles institucionales y el intento permanente de desdibujar la autonom\u00eda del Honorable Concejo Deliberante\u201d, subray\u00f3.<\/p>\n<p>Y avanz\u00f3 m\u00e1s: \u201cHoy el personal del Concejo ha sido reducido a liquidaciones salariales que, en algunos casos, no alcanzan siquiera par\u00e1metros m\u00ednimos de subsistencia\u201d.<\/p>\n<p>\u201cLos mismos que recortan fondos para insumos y mobiliario indispensable, menosprecian el trabajo que logramos hacer con lo que hay -sostuvo la viceintendenta-. No se trata de exigir privilegios ni aumentos desmedidos: se trata de cumplir lo que establece la normativa vigente y los acuerdos alcanzados. Se trata de que la palabra valga\u201d.<\/p>\n<p>Zurdo asever\u00f3 que de lo que se trata es de \u201corden institucional, reglas claras y respeto entre poderes\u201d. Y que \u201ccada \u00e1rea cumpla su funci\u00f3n sin invadir la del otro. Que las diferencias se resuelvan con di\u00e1logo y no mediante decisiones unilaterales y burocracia sin sentido que perjudican a trabajadores. La institucionalidad no se defiende cuando conviene. Se respeta todos los d\u00edas\u201d.<\/p>\n<p><img loading=\"lazy\" decoding=\"async\" class=\"alignnone wp-image-153363 size-full\" src=\"https:\/\/entreriosahora.com\/wp-content\/uploads\/2026\/02\/sauce-1.jpg\" alt=\"\" width=\"1080\" height=\"1920\" \/><\/p>\n<p>\u00a0<\/p>\n<p>A comienzos de enero ya se hab\u00eda registrado un cap\u00edtulo del enfrentamiento entre intendente y vice en Sauce de Luna.<\/p>\n<p>Entonces, el intendente Alderete\u00a0 habl\u00f3 tras las denuncias de su viceintendenta, Soledad Zurdo, que lo acus\u00f3 de trabarle los fondos para el funcionamiento del Concejo Deliberante.<\/p>\n<p>Alderete minimiz\u00f3 el entredicho y sostuvo que se trata de cuestiones \u201cdom\u00e9sticas, que no hacen a lo institucional\u201d. No es la primera vez que se cruzan Alderete y Zurdo. Aunque el enfrentamiento entre el Ejecutivo y los concejales de la oposici\u00f3n ha tenido varios cap\u00edtulos.<\/p>\n<p>En una carta p\u00fablica, la titular del Concejo Deliberante le enrostr\u00f3 al intendente una pr\u00e1ctica en la que \u201cviene incurriendo de manera sistem\u00e1tica\u201d y que consiste \u201cen acciones que vulneran gravemente el principio de independencia de poderes, base esencial del sistema republicano. El Departamento Ejecutivo impide la utilizaci\u00f3n de los recursos econ\u00f3micos que legal y presupuestariamente corresponden al Concejo Deliberante, lo que ha derivado en una situaci\u00f3n de extrema gravedad institucional\u201d.<\/p>\n\n<p>\u00a0<\/p>\n<p>En declaraciones a Radio Integraci\u00f3n, de Federal, Alderete resolvi\u00f3 no darle m\u00e1s volumen a la situaci\u00f3n, y dijo que se tratan de cuestiones \u201cdom\u00e9sticas\u201d que crey\u00f3 pueden solucionarse si se utilizan las v\u00edas\/caminos que corresponden para accionar con las demandas desde el Concejo deliberante.<\/p>\n<p>En una nota radial, concedida al programa \u00a0Radio S\u00e1bado de Radio Integraci\u00f3n, el presidente municipal de Saue de Luna reconoci\u00f3 que \u201cya no hay un ida y vuelta constante\u201d con la vicepresidenta municipal, quien, dijo, que con sus posturas pareciera haberse convertido tambi\u00e9n en parte de la oposici\u00f3n a su gobierno.<\/p>\n<p>\u201cHay cuestiones dom\u00e9sticas, que no hacen a lo institucional\u201d, declar\u00f3 Alderete, al tiempo que aclar\u00f3: \u201cYo no tengo ning\u00fan tipo de ensa\u00f1amiento personal con Soledad Zurdo, ni con nadie, pero veo que se maneja e instrumenta pedidos por medios que no corresponde\u201d.<\/p>\n<p>Cuando se le consult\u00f3 a Alderete si no era necesario, ante esta situaci\u00f3n de conflicto institucional, la intervenci\u00f3n de alguien que mediara en el problema, respondi\u00f3 que \u201cno\u201d, que las soluciones se van a ir dando \u201cpor decantaci\u00f3n\u201d, y agreg\u00f3 que est\u00e1 programado, junto con su equipo, tener una reuni\u00f3n con Zurdo.<\/p>\n<p>\u00a0<\/p>\n<p>\u00a0<\/p>\n<p>De la Redacci\u00f3n de Entre R\u00edos Ahora<\/p>\n<p>\u00a0\u00a0 \u00a0 \u201cHay momentos en los que uno quisiera que las diferencias fueran solo t\u00e9cnicas, pero cuando los conflictos se repiten y el incumplimiento institucional se vuelve regla, ya no estamos ante errores aislados\u201d. De ese modo se manifest\u00f3 la viceintendenta de Sauce de Luna, Soledad Zurdo, en un tiro por elevaci\u00f3n al intendente Alcides<\/p>","protected":false},"excerpt":{"rendered":"<div class=\"mh-excerpt\"><p>\u200b\u00a0 \u200b\u00a0 \u200b \u00a0 \u00a0 \u201cHay momentos en los que uno quisiera que las diferencias fueran solo t\u00e9cnicas, pero cuando los conflictos se repiten y <a class=\"mh-excerpt-more\" href=\"https:\/\/fmlibertadfeliciano.com.ar\/?p=2919\" title=\"Sauce de Luna: volvi\u00f3 la interna entre intendente y vice\">[&#8230;]<\/a><\/p>\n<\/div>","protected":false},"author":1,"featured_media":2920,"comment_status":"open","ping_status":"open","sticky":false,"template":"","format":"standard","meta":{"footnotes":""},"categories":[1],"tags":[],"class_list":["post-2919","post","type-post","status-publish","format-standard","has-post-thumbnail","hentry","category-sin-categoria"],"_links":{"self":[{"href":"https:\/\/fmlibertadfeliciano.com.ar\/index.php?rest_route=\/wp\/v2\/posts\/2919","targetHints":{"allow":["GET"]}}],"collection":[{"href":"https:\/\/fmlibertadfeliciano.com.ar\/index.php?rest_route=\/wp\/v2\/posts"}],"about":[{"href":"https:\/\/fmlibertadfeliciano.com.ar\/index.php?rest_route=\/wp\/v2\/types\/post"}],"author":[{"embeddable":true,"href":"https:\/\/fmlibertadfeliciano.com.ar\/index.php?rest_route=\/wp\/v2\/users\/1"}],"replies":[{"embeddable":true,"href":"https:\/\/fmlibertadfeliciano.com.ar\/index.php?rest_route=%2Fwp%2Fv2%2Fcomments&post=2919"}],"version-history":[{"count":0,"href":"https:\/\/fmlibertadfeliciano.com.ar\/index.php?rest_route=\/wp\/v2\/posts\/2919\/revisions"}],"wp:featuredmedia":[{"embeddable":true,"href":"https:\/\/fmlibertadfeliciano.com.ar\/index.php?rest_route=\/wp\/v2\/media\/2920"}],"wp:attachment":[{"href":"https:\/\/fmlibertadfeliciano.com.ar\/index.php?rest_route=%2Fwp%2Fv2%2Fmedia&parent=2919"}],"wp:term":[{"taxonomy":"category","embeddable":true,"href":"https:\/\/fmlibertadfeliciano.com.ar\/index.php?rest_route=%2Fwp%2Fv2%2Fcategories&post=2919"},{"taxonomy":"post_tag","embeddable":true,"href":"https:\/\/fmlibertadfeliciano.com.ar\/index.php?rest_route=%2Fwp%2Fv2%2Ftags&post=2919"}],"curies":[{"name":"wp","href":"https:\/\/api.w.org\/{rel}","templated":true}]}}