{"id":2966,"date":"2026-02-26T14:13:31","date_gmt":"2026-02-26T14:13:31","guid":{"rendered":"https:\/\/fmlibertadfeliciano.com.ar\/?p=2966"},"modified":"2026-02-26T14:13:31","modified_gmt":"2026-02-26T14:13:31","slug":"vecinos-destacan-las-oportunidades-que-ofrece-la-feria-vuelta-a-clases","status":"publish","type":"post","link":"https:\/\/fmlibertadfeliciano.com.ar\/?p=2966","title":{"rendered":"Vecinos destacan las oportunidades que ofrece la Feria Vuelta a Clases"},"content":{"rendered":"<p>\u200b\u00a0<\/p>\n<p>\u200b\u00a0<\/p>\n<p>\u200b<img loading=\"lazy\" decoding=\"async\" width=\"300\" height=\"200\" src=\"https:\/\/www.eldiario.com.ar\/wp-content\/uploads\/2026\/02\/24b1fa9388daa6581080c86f19246abb-20x13.jpg\" class=\"webfeedsFeaturedVisual jl-lazyload lazyload wp-post-image\" alt=\"\" data-src=\"https:\/\/www.eldiario.com.ar\/wp-content\/uploads\/2026\/02\/24b1fa9388daa6581080c86f19246abb-300x200.jpg\" \/><\/p>\n<figure class=\"wp-block-image size-large\"><img loading=\"lazy\" decoding=\"async\" width=\"1024\" height=\"682\" src=\"https:\/\/www.eldiario.com.ar\/wp-content\/uploads\/2026\/02\/24b1fa9388daa6581080c86f19246abb-1024x682.jpg\" alt=\"\" class=\"wp-image-483446\" \/><\/figure>\n<h4 class=\"wp-block-heading\">La propuesta de la Municipalidad de Paran\u00e1, junto a emprendedores y cooperativas locales, ofrece kits escolares de primaria y secundaria y uniformes a precios accesibles. La feria pas\u00f3 por cinco barrios de la ciudad y cerrar\u00e1 este jueves en plaza Carb\u00f3, con horario extendido de 9 a 15 horas.<\/h4>\n<p>En el barrio Bajada Grande se realiz\u00f3 la ante\u00faltima jornada de la Feria Vuelta a Clases. \u201cPor tercer a\u00f1o consecutivo se realiza y se propone desde la gesti\u00f3n municipal de la intendenta Rosario Romero\u201d, cont\u00f3 el subsecretario de Producci\u00f3n, Oscar Bustamante. En Bajada Grande la feria fue organizada junto a la comisi\u00f3n vecinal. La \u00faltima ser\u00e1 este jueves en plaza Carb\u00f3 (atr\u00e1s de Casa de Gobierno) con horario extendido, de 9 hasta las 15 hs.<\/p>\n<p>El subsecretario destac\u00f3 el alcance de la iniciativa: \u201cFue muy buena, como est\u00e1bamos acostumbrados a verlo tambi\u00e9n en los a\u00f1os anteriores\u201d. En ese marco, se\u00f1al\u00f3 que \u201cesta feria tiene dos destinatarios: por un lado los y las paranaenses y, por supuesto, los otros destinatarios son quienes est\u00e1n vendiendo en el marco de la feria\u201d.\u00a0<\/p>\n<p>La directora de Cooperativas municipal, Silvia Garc\u00eda, coment\u00f3 que la Feria permiti\u00f3 \u201cofrecer los productos de dos cooperativas textiles locales que ofrecieron remeras, pantalones, inclusive de escuelas t\u00e9cnicas a precios muy m\u00f3dicos\u201d. Luego valor\u00f3 que \u201chubo muchas ventas y muchos vecinos solicitaron contactos para compras posteriores durante el a\u00f1o\u201d.<\/p>\n<p><strong>Buena recepci\u00f3n<\/strong><\/p>\n<p>El presidente de la comisi\u00f3n vecinal de Bajada Grande, Gast\u00f3n Battaglia, calific\u00f3 la respuesta de la comunidad como positiva: \u201cFue una buena recepci\u00f3n, a pesar de la situaci\u00f3n econ\u00f3mica y social, porque hubo precios accesibles para las familias de la comunidad, lo que permiti\u00f3 comprar \u00fatiles nuevos para los chicos que comenzar\u00e1n las clases el pr\u00f3ximo lunes\u201d.<\/p>\n<p><strong>Qu\u00e9 tienen los kits y cu\u00e1nto cuestan\u00a0<\/strong><\/p>\n<p>El kit escolar de primaria cuesta 13.000 pesos e incluye: l\u00e1piz color largos x 12; l\u00e1piz goma; regla 20 cm; tijera 13 cm; cuaderno tapa dura 42 hojas amarillo; canopla 1 cierre; etiquetas, plancha 6 unidades; marcadores blister x 10 colores; adhesivo sint\u00e9tico 30 gr; sacapuntas; repuesto dibujo; papel glace metal x 10; pincel N\u00ba 8; l\u00e1piz grafito.<\/p>\n<p>El kit de secundaria y educaci\u00f3n superior sale 19.000 pesos y trae: bol\u00edgrafo negro; bol\u00edgrafo rojo; set geometr\u00eda 20 cm, 3 piezas; carpeta A3; l\u00e1piz goma; l\u00e1pices color largo x 12 unidades; repuesto Am\u00e9rica rayado 96 hojas; sacapuntas; adhesivo 30 gr; marcadores Blister x 10 colores; separadores colores; cuaderno A4 espiral 42 hojas; microfibra fucsia; marcadores Blister x 10 colores; bol\u00edgrafo azul; l\u00e1piz Intro.<\/p>\n<p>\u00a0La propuesta de la Municipalidad de Paran\u00e1, junto a emprendedores y cooperativas locales, ofrece kits escolares de primaria y secundaria y uniformes a precios accesibles. La feria pas\u00f3 por cinco barrios de la ciudad y cerrar\u00e1 este jueves en plaza Carb\u00f3, con horario extendido de 9 a 15 horas. En el barrio Bajada Grande se<\/p>","protected":false},"excerpt":{"rendered":"<div class=\"mh-excerpt\"><p>\u200b\u00a0 \u200b\u00a0 \u200b La propuesta de la Municipalidad de Paran\u00e1, junto a emprendedores y cooperativas locales, ofrece kits escolares de primaria y secundaria y uniformes <a class=\"mh-excerpt-more\" href=\"https:\/\/fmlibertadfeliciano.com.ar\/?p=2966\" title=\"Vecinos destacan las oportunidades que ofrece la Feria Vuelta a Clases\">[&#8230;]<\/a><\/p>\n<\/div>","protected":false},"author":1,"featured_media":2967,"comment_status":"open","ping_status":"open","sticky":false,"template":"","format":"standard","meta":{"footnotes":""},"categories":[1],"tags":[],"class_list":["post-2966","post","type-post","status-publish","format-standard","has-post-thumbnail","hentry","category-sin-categoria"],"_links":{"self":[{"href":"https:\/\/fmlibertadfeliciano.com.ar\/index.php?rest_route=\/wp\/v2\/posts\/2966","targetHints":{"allow":["GET"]}}],"collection":[{"href":"https:\/\/fmlibertadfeliciano.com.ar\/index.php?rest_route=\/wp\/v2\/posts"}],"about":[{"href":"https:\/\/fmlibertadfeliciano.com.ar\/index.php?rest_route=\/wp\/v2\/types\/post"}],"author":[{"embeddable":true,"href":"https:\/\/fmlibertadfeliciano.com.ar\/index.php?rest_route=\/wp\/v2\/users\/1"}],"replies":[{"embeddable":true,"href":"https:\/\/fmlibertadfeliciano.com.ar\/index.php?rest_route=%2Fwp%2Fv2%2Fcomments&post=2966"}],"version-history":[{"count":0,"href":"https:\/\/fmlibertadfeliciano.com.ar\/index.php?rest_route=\/wp\/v2\/posts\/2966\/revisions"}],"wp:featuredmedia":[{"embeddable":true,"href":"https:\/\/fmlibertadfeliciano.com.ar\/index.php?rest_route=\/wp\/v2\/media\/2967"}],"wp:attachment":[{"href":"https:\/\/fmlibertadfeliciano.com.ar\/index.php?rest_route=%2Fwp%2Fv2%2Fmedia&parent=2966"}],"wp:term":[{"taxonomy":"category","embeddable":true,"href":"https:\/\/fmlibertadfeliciano.com.ar\/index.php?rest_route=%2Fwp%2Fv2%2Fcategories&post=2966"},{"taxonomy":"post_tag","embeddable":true,"href":"https:\/\/fmlibertadfeliciano.com.ar\/index.php?rest_route=%2Fwp%2Fv2%2Ftags&post=2966"}],"curies":[{"name":"wp","href":"https:\/\/api.w.org\/{rel}","templated":true}]}}