{"id":2968,"date":"2026-02-26T14:10:12","date_gmt":"2026-02-26T14:10:12","guid":{"rendered":"https:\/\/fmlibertadfeliciano.com.ar\/?p=2968"},"modified":"2026-02-26T14:10:12","modified_gmt":"2026-02-26T14:10:12","slug":"milei-apunto-contra-los-duenos-de-techint-fate-y-neumen-han-dejado-en-evidencia-el-sistema-corrupto","status":"publish","type":"post","link":"https:\/\/fmlibertadfeliciano.com.ar\/?p=2968","title":{"rendered":"Milei apunt\u00f3 contra los due\u00f1os de Techint, Fate y Neumen: Han dejado en evidencia el sistema corrupto"},"content":{"rendered":"<p>\u200b\u00a0<\/p>\n<p>\u200b\u00a0<\/p>\n<p>\u200b<img loading=\"lazy\" decoding=\"async\" width=\"300\" height=\"169\" src=\"https:\/\/www.eldiario.com.ar\/wp-content\/uploads\/2026\/02\/mileieeuu.jpg_760710429-20x11.jpg\" class=\"webfeedsFeaturedVisual jl-lazyload lazyload wp-post-image\" alt=\"\" data-src=\"https:\/\/www.eldiario.com.ar\/wp-content\/uploads\/2026\/02\/mileieeuu.jpg_760710429-300x169.jpg\" \/><\/p>\n<figure class=\"wp-block-image size-full\"><img loading=\"lazy\" decoding=\"async\" width=\"800\" height=\"450\" src=\"https:\/\/www.eldiario.com.ar\/wp-content\/uploads\/2026\/02\/mileieeuu.jpg_760710429.jpg\" alt=\"\" class=\"wp-image-483443\" \/><\/figure>\n<h5 class=\"wp-block-heading\">\u201cAgradezco profundamente con todo mi alma, las contribuciones enormes que han hecho Don Chatarr\u00edn de los Tubitos Caros, Don Gomita Alum\u00ednica y el Se\u00f1or Lengua Floja\u201d, ironiz\u00f3 el presidente<\/h5>\n<p>El presidente calific\u00f3 de \u201cdelincuentes\u201d a los empresarios que protestan contra la apertura comercial.<\/p>\n<p><strong>\u201cHan dejado en evidencia el sistema corrupto\u201d.\u00a0<\/strong>El presidente Javier Milei redobl\u00f3 este jueves su ataque contra empresarios que en las \u00faltimas semanas protagonizaron controversias con el gobierno por la pol\u00edtica de apertura de las importaciones y el cierre f\u00e1bricas como Fate.<\/p>\n<p><strong>\u201cAgradezco profundamente con todo mi alma, las contribuciones enormes que han hecho Don Chatarr\u00edn de los Tubitos Caros, Don Gomita Alum\u00ednica y el Se\u00f1or Lengua Floja en los \u00faltimos 30 d\u00edas.<\/strong>\u00a0Han dejado en evidencia al sistema corrupto que hundi\u00f3 a los argentinos de bien\u201d, escribi\u00f3 Milei en sus redes sociales, en referencia al due\u00f1o de CEO del Grupo Techint, Paolo Rocca; al titular de Fate y Aluar, Javier Madanes Quintanilla; y al de Neumen, Roberto M\u00e9ndez.<\/p>\n<p>En el texto, titulado \u201cBatalla cultural\u201d, el jefe del Estado ironiz\u00f3: \u201cMuchas gracias por este gran aporte al despertar de un Pa\u00eds que, pese a estos delincuentes, quiere ser grande nuevamente\u201d.<\/p>\n<p>M\u00e9ndez, due\u00f1o de Neumen, fue el \u00faltimo de los empresarios mencionados en hablar. El empresario admiti\u00f3 que antes de la pol\u00edtica aperturista del gobierno los neum\u00e1ticos estaban caros y que obtuvieron rentabilidades alt\u00edsimas a partir de la remarcaci\u00f3n de precios, posibilitada por las restricciones a las importaciones.<\/p>\n<p>\u201cEran car\u00edsimas, hay que reconocerlo. Yo digo que estaban robando las multinacionales y nosotros, los empresarios, porque ten\u00edamos un mercado que no era real. Nunca ganamos tanta plata como cuando nos permitieron hacer lo que est\u00e1bamos haciendo\u201d, dijo en di\u00e1logo con el streaming Ahora Play.<br \/>D\u00edas atr\u00e1s Milei ya hab\u00eda deslizado sospechas contra el due\u00f1o de Fate, Javier Madanes Quintanilla, por el anuncio de cierre de la empresa justo antes de que se debatiera en el Congreso el proyecto de reforma laboral que este viernes recibir\u00e1 sanci\u00f3n definitiva en el Senado.Madanes Quintanilla es tambi\u00e9n due\u00f1o de Aluar, la mayor productora de aluminio primario del pa\u00eds.<\/p>\n<p>Con Rocca la pol\u00e9mica fue a finales del mes de enero, a quien Milei llam\u00f3 \u201cDon Chatarr\u00edn\u201d.<\/p>\n<p>\u00a0\u201cAgradezco profundamente con todo mi alma, las contribuciones enormes que han hecho Don Chatarr\u00edn de los Tubitos Caros, Don Gomita Alum\u00ednica y el Se\u00f1or Lengua Floja\u201d, ironiz\u00f3 el presidente El presidente calific\u00f3 de \u201cdelincuentes\u201d a los empresarios que protestan contra la apertura comercial. \u201cHan dejado en evidencia el sistema corrupto\u201d.\u00a0El presidente Javier Milei redobl\u00f3 este<\/p>","protected":false},"excerpt":{"rendered":"<div class=\"mh-excerpt\"><p>\u200b\u00a0 \u200b\u00a0 \u200b \u201cAgradezco profundamente con todo mi alma, las contribuciones enormes que han hecho Don Chatarr\u00edn de los Tubitos Caros, Don Gomita Alum\u00ednica y <a class=\"mh-excerpt-more\" href=\"https:\/\/fmlibertadfeliciano.com.ar\/?p=2968\" title=\"Milei apunt\u00f3 contra los due\u00f1os de Techint, Fate y Neumen: Han dejado en evidencia el sistema corrupto\">[&#8230;]<\/a><\/p>\n<\/div>","protected":false},"author":1,"featured_media":2969,"comment_status":"open","ping_status":"open","sticky":false,"template":"","format":"standard","meta":{"footnotes":""},"categories":[1],"tags":[],"class_list":["post-2968","post","type-post","status-publish","format-standard","has-post-thumbnail","hentry","category-sin-categoria"],"_links":{"self":[{"href":"https:\/\/fmlibertadfeliciano.com.ar\/index.php?rest_route=\/wp\/v2\/posts\/2968","targetHints":{"allow":["GET"]}}],"collection":[{"href":"https:\/\/fmlibertadfeliciano.com.ar\/index.php?rest_route=\/wp\/v2\/posts"}],"about":[{"href":"https:\/\/fmlibertadfeliciano.com.ar\/index.php?rest_route=\/wp\/v2\/types\/post"}],"author":[{"embeddable":true,"href":"https:\/\/fmlibertadfeliciano.com.ar\/index.php?rest_route=\/wp\/v2\/users\/1"}],"replies":[{"embeddable":true,"href":"https:\/\/fmlibertadfeliciano.com.ar\/index.php?rest_route=%2Fwp%2Fv2%2Fcomments&post=2968"}],"version-history":[{"count":0,"href":"https:\/\/fmlibertadfeliciano.com.ar\/index.php?rest_route=\/wp\/v2\/posts\/2968\/revisions"}],"wp:featuredmedia":[{"embeddable":true,"href":"https:\/\/fmlibertadfeliciano.com.ar\/index.php?rest_route=\/wp\/v2\/media\/2969"}],"wp:attachment":[{"href":"https:\/\/fmlibertadfeliciano.com.ar\/index.php?rest_route=%2Fwp%2Fv2%2Fmedia&parent=2968"}],"wp:term":[{"taxonomy":"category","embeddable":true,"href":"https:\/\/fmlibertadfeliciano.com.ar\/index.php?rest_route=%2Fwp%2Fv2%2Fcategories&post=2968"},{"taxonomy":"post_tag","embeddable":true,"href":"https:\/\/fmlibertadfeliciano.com.ar\/index.php?rest_route=%2Fwp%2Fv2%2Ftags&post=2968"}],"curies":[{"name":"wp","href":"https:\/\/api.w.org\/{rel}","templated":true}]}}