{"id":2974,"date":"2026-02-26T14:05:00","date_gmt":"2026-02-26T14:05:00","guid":{"rendered":"https:\/\/fmlibertadfeliciano.com.ar\/?p=2974"},"modified":"2026-02-26T14:05:00","modified_gmt":"2026-02-26T14:05:00","slug":"frigerio-encabezo-una-reunion-de-gabinete-ampliado-para-evaluar-avances-y-definir-prioridades","status":"publish","type":"post","link":"https:\/\/fmlibertadfeliciano.com.ar\/?p=2974","title":{"rendered":"Frigerio encabez\u00f3 una reuni\u00f3n de gabinete ampliado para evaluar avances y definir prioridades"},"content":{"rendered":"<p>\u200b\u00a0<\/p>\n<p>\u200b\u00a0<\/p>\n<p>\u200b<img loading=\"lazy\" decoding=\"async\" width=\"300\" height=\"200\" src=\"https:\/\/www.eldiario.com.ar\/wp-content\/uploads\/2026\/02\/image-33-20x13.jpeg\" class=\"webfeedsFeaturedVisual jl-lazyload lazyload wp-post-image\" alt=\"\" data-src=\"https:\/\/www.eldiario.com.ar\/wp-content\/uploads\/2026\/02\/image-33-300x200.jpeg\" \/><\/p>\n<hr class=\"wp-block-separator has-alpha-channel-opacity\" \/>\n<p>El gobernador Rogelio Frigerio encabez\u00f3 este mi\u00e9rcoles un encuentro con su gabinete ampliado y legisladores en el Centro Provincial de Convenciones (CPC) de Paran\u00e1, donde se evaluaron los avances de la gesti\u00f3n y se analizaron los principales desaf\u00edos de la agenda provincial.<\/p>\n<figure class=\"wp-block-image size-large\"><img decoding=\"async\" loading=\"lazy\" width=\"1024\" height=\"683\" src=\"https:\/\/www.eldiario.com.ar\/wp-content\/uploads\/2026\/02\/image-33-1024x683.jpeg\" alt=\"\" class=\"wp-image-483437\" \/><\/figure>\n<p><a href=\"https:\/\/web.whatsapp.com\/send?text=Frigerio%20encabez%C3%B3%20una%20reuni%C3%B3n%20de%20gabinete%20ampliado%20para%20evaluar%20avances%20y%20definir%20prioridades%20%20-%20https%3A%2F%2Fportal.entrerios.gov.ar%2Fnoticias%2F49401\" target=\"_blank\" rel=\"noreferrer noopener\"><\/a><a href=\"https:\/\/twitter.com\/intent\/tweet?text=Frigerio%20encabez%C3%B3%20una%20reuni%C3%B3n%20de%20gabinete%20ampliado%20para%20evaluar%20avances%20y%20definir%20prioridades&amp;url=https%3A%2F%2Fportal.entrerios.gov.ar%2Fnoticias%2F49401\" target=\"_blank\" rel=\"noreferrer noopener\"><\/a><a href=\"https:\/\/www.facebook.com\/sharer\/sharer.php?u=https:\/\/portal.entrerios.gov.ar\/noticias\/49401\" target=\"_blank\" rel=\"noreferrer noopener\"><\/a><\/p>\n<p>Del encuentro participaron la vicegobernadora y presidenta del Senado, Alicia Aluani, el presidente de la C\u00e1mara de Diputados, Gustavo Hein, ministros, secretarios y funcionarios de distintas \u00e1reas del gobierno.<\/p>\n<p>Tras la reuni\u00f3n, el secretario General de la Gobernaci\u00f3n, Mauricio Colello, precis\u00f3 que se realiz\u00f3 un balance general \u201cde lo que tiene que ver con el ordenamiento de las cuentas p\u00fablicas en estos dos a\u00f1os\u201d, y remarc\u00f3 que en ese per\u00edodo \u201chemos logrado objetivamente bajar la deuda\u201d.<\/p>\n<p>En ese marco, se\u00f1al\u00f3 que tambi\u00e9n se dialog\u00f3 sobre la obra p\u00fablica y destac\u00f3 \u201cla reactivaci\u00f3n del cien por ciento de las obras provinciales\u201d, as\u00ed como el seguimiento de proyectos estrat\u00e9gicos como la puesta en valor del Palacio San Jos\u00e9 y la continuidad de la obra del Hospital Bicentenario.<\/p>\n<p>Asimismo, Colello mencion\u00f3 los trabajos vinculados a la infraestructura vial, entre ellos las rutas provinciales 1, 2, 6, 39 y 20, adem\u00e1s de la circunvalaci\u00f3n de Nogoy\u00e1, \u201cque vamos a hacer a lo largo de este a\u00f1o con financiamiento de organismos multilaterales\u201d, concluy\u00f3, poniendo en valor el plan integral de mejoras para la provincia.<\/p>\n<p>Por su parte, Hein se refiri\u00f3 al pedido del mandatario a los participantes del encuentro y sostuvo: \u201cEl mensaje del gobernador fue claro: de cercan\u00eda con el ciudadano en la gesti\u00f3n, hablando de frente y con comunicaci\u00f3n efectiva respecto de los problemas, resueltos como no\u201d. Y agreg\u00f3: \u201cEsto es fundamental en un proceso de incertidumbre y angustia, donde las personas necesitan claridad y transparencia en la gesti\u00f3n, y para eso estamos\u201d.<\/p>\n<p>En tanto, el presidente de la Caja de Jubilaciones y Pensiones de Entre R\u00edos, Gast\u00f3n Bagnat, destac\u00f3 que el gobernador puso en agenda el debate previsional y la necesidad de avanzar con una reforma que permita ordenar el sistema. \u201cComo lo plante\u00f3 en la Asamblea Legislativa, siempre es positivo que todos los representantes del gobierno y de los organismos puedan dar ejemplos concretos y mostrarle a la ciudadan\u00eda por qu\u00e9 es necesario cambiar, cu\u00e1les son los desv\u00edos y las distorsiones que tiene el sistema\u201d, afirm\u00f3. Adem\u00e1s, subray\u00f3 que \u201ces una buena oportunidad para ser contundentes, despejar dudas y unificar el discurso respecto de lo que estamos defendiendo en materia previsional\u201d.<\/p>\n<p>Por su parte, el titular de la Administradora Tributaria de Entre R\u00edos (ATER), Jes\u00fas Korell, se\u00f1al\u00f3 que durante la jornada se compartieron distintos temas vinculados a la gesti\u00f3n provincial y record\u00f3 que se encuentra en curso el vencimiento del impuesto inmobiliario. \u201cEste mi\u00e9rcoles vencen los primeros d\u00edgitos verificadores y el jueves contin\u00faa la segunda etapa. Es importante remarcar que casi 9 de 10 contribuyentes tuvieron un aumento no mayor al 30 por ciento.<\/p>\n<p>Explic\u00f3 que en el caso de quienes superaron el 30 por ciento de incremento es porque las propiedades son de mayor valor y tienen una reducci\u00f3n en el beneficio de descuento; porque registr\u00f3 mejoras, ampliaciones o modificaciones que impacten en su valuaci\u00f3n fiscal o haber perdido algunos de los descuentos como el de buen pagador o Adhesi\u00f3n a la Boleta Digital.<\/p>\n<p>Ante cualquier consulta, los contribuyentes pueden ingresar a nuestra p\u00e1gina o contactarse a trav\u00e9s de los canales oficiales y redes sociales para evacuar dudas sobre la boleta recibida.<\/p>\n<p>\u00a0El gobernador Rogelio Frigerio encabez\u00f3 este mi\u00e9rcoles un encuentro con su gabinete ampliado y legisladores en el Centro Provincial de Convenciones (CPC) de Paran\u00e1, donde se evaluaron los avances de la gesti\u00f3n y se analizaron los principales desaf\u00edos de la agenda provincial. Del encuentro participaron la vicegobernadora y presidenta del Senado, Alicia Aluani, el presidente<\/p>","protected":false},"excerpt":{"rendered":"<div class=\"mh-excerpt\"><p>\u200b\u00a0 \u200b\u00a0 \u200b El gobernador Rogelio Frigerio encabez\u00f3 este mi\u00e9rcoles un encuentro con su gabinete ampliado y legisladores en el Centro Provincial de Convenciones (CPC) <a class=\"mh-excerpt-more\" href=\"https:\/\/fmlibertadfeliciano.com.ar\/?p=2974\" title=\"Frigerio encabez\u00f3 una reuni\u00f3n de gabinete ampliado para evaluar avances y definir prioridades\">[&#8230;]<\/a><\/p>\n<\/div>","protected":false},"author":1,"featured_media":2975,"comment_status":"open","ping_status":"open","sticky":false,"template":"","format":"standard","meta":{"footnotes":""},"categories":[1],"tags":[],"class_list":["post-2974","post","type-post","status-publish","format-standard","has-post-thumbnail","hentry","category-sin-categoria"],"_links":{"self":[{"href":"https:\/\/fmlibertadfeliciano.com.ar\/index.php?rest_route=\/wp\/v2\/posts\/2974","targetHints":{"allow":["GET"]}}],"collection":[{"href":"https:\/\/fmlibertadfeliciano.com.ar\/index.php?rest_route=\/wp\/v2\/posts"}],"about":[{"href":"https:\/\/fmlibertadfeliciano.com.ar\/index.php?rest_route=\/wp\/v2\/types\/post"}],"author":[{"embeddable":true,"href":"https:\/\/fmlibertadfeliciano.com.ar\/index.php?rest_route=\/wp\/v2\/users\/1"}],"replies":[{"embeddable":true,"href":"https:\/\/fmlibertadfeliciano.com.ar\/index.php?rest_route=%2Fwp%2Fv2%2Fcomments&post=2974"}],"version-history":[{"count":0,"href":"https:\/\/fmlibertadfeliciano.com.ar\/index.php?rest_route=\/wp\/v2\/posts\/2974\/revisions"}],"wp:featuredmedia":[{"embeddable":true,"href":"https:\/\/fmlibertadfeliciano.com.ar\/index.php?rest_route=\/wp\/v2\/media\/2975"}],"wp:attachment":[{"href":"https:\/\/fmlibertadfeliciano.com.ar\/index.php?rest_route=%2Fwp%2Fv2%2Fmedia&parent=2974"}],"wp:term":[{"taxonomy":"category","embeddable":true,"href":"https:\/\/fmlibertadfeliciano.com.ar\/index.php?rest_route=%2Fwp%2Fv2%2Fcategories&post=2974"},{"taxonomy":"post_tag","embeddable":true,"href":"https:\/\/fmlibertadfeliciano.com.ar\/index.php?rest_route=%2Fwp%2Fv2%2Ftags&post=2974"}],"curies":[{"name":"wp","href":"https:\/\/api.w.org\/{rel}","templated":true}]}}