{"id":2976,"date":"2026-02-27T14:13:43","date_gmt":"2026-02-27T14:13:43","guid":{"rendered":"https:\/\/fmlibertadfeliciano.com.ar\/?p=2976"},"modified":"2026-02-27T14:13:43","modified_gmt":"2026-02-27T14:13:43","slug":"cambian-recorridos-las-lineas-urbanas-en-parana","status":"publish","type":"post","link":"https:\/\/fmlibertadfeliciano.com.ar\/?p=2976","title":{"rendered":"Cambian recorridos las l\u00edneas urbanas en Paran\u00e1"},"content":{"rendered":"<p>\u200b\u00a0<\/p>\n<p>\u200b\u00a0<\/p>\n<p>\u200b<span class=\"cb-itemprop\"><\/span><\/p>\n<p>\u00a0<\/p>\n<p>Las l\u00edneas A, B, C, D, L, M y P tendr\u00e1n modificaciones en sus trayectos por la ciudad. La medida se da en el marco de un trabajo conjunto entre el municipio y vecinales. Comenzar\u00e1n a regir desde el 1\u00b0 de marzo.<\/p>\n<p>Ddesde el domingo 1\u00b0 de marzo se modificar\u00e1n recorridos de algunas l\u00edneas.<\/p>\n<p><strong>Modificaciones<\/strong><\/p>\n<p>\u2013 L\u00ednea A: Se modifican 2 cuadras en San Agust\u00edn para acercar la l\u00ednea a las escuelas.<\/p>\n<p>\u2013 L\u00ednea B: Se realizan modificaciones para acercar a los atractores de la nueva sede de UADER, Barrio Procrear y Hospital de la Baxada, por Sarobe y Espejo.<\/p>\n<p>\u2013 L\u00ednea C: Se recupera el trayecto de calle Almafuerte desde Blas Parera hasta Ram\u00edrez<\/p>\n<p>\u2013 L\u00ednea D: Se modifican 2 cuadras desde Ambrosetti a Antonio Crespo<\/p>\n<p>\u2013 L\u00ednea L: Se ampl\u00eda el recorrido desde calle Col\u00f3n por La Rioja hasta Echag\u00fce, empalmando luego con Ramirez. Acercando la L\u00ednea al Hospital del Ni\u00f1o, UNER, y Hospital San Mart\u00edn. Asimismo se acerca la l\u00ednea hasta barrio Yatay incorporando los pedidos de instituciones escolares de La Florida.<\/p>\n<p>\u2013 L\u00ednea M: Se ampl\u00eda el recorrido incorporando el viejo trayecto de la l\u00ednea 3, conectando zona centro, Hospital de la Baxada con Guacho Rivero y Anacleto respetando el viejo recorrido en ese tramo de la ex-l\u00ednea.<\/p>\n<p>\u2013 L\u00ednea P: Se incorporan dos ramales P1- P2 En uno de ellos recuperamos el trayecto de Zanni \u2013 Almafuerte y Gualeguaych\u00fa. En el otro abarca Newbery \u2013 Zanni hasta el Hospital de la Baxada.<\/p>\n<p>El resto de las l\u00edneas no sufren modificaciones moment\u00e1neamente.<\/p>\n<p>As\u00ed quedan los nuevos recorridos de las l\u00edneas A \u2013 B \u2013 C \u2013 D \u2013 L \u2013 M \u2013 P:<\/p>\n<p>L\u00cdNEA A: B\u00b0 EMPLEADOS DE COMERCIO \u2013 CENTRO<\/p>\n<p>Ida: Colectora \u2013 Juan B. Justo \u2013 Gral. Artigas \u2013 Cris\u00f3logo Larralde \u2013 Av. Ram\u00edrez \u2013 Juan B\u00e1ez \u2013 M. Lebensohn \u2013 Pablo Crausaz \u2013 Av. de las Am\u00e9ricas \u2013 El Paracao \u2013 Gral. Alvarado \u2013 Eva Duarte de Per\u00f3n \u2013 Mons. D \u0301Andrea \u2013 Vicente Quesada \u2013 Guti\u00e9rrez \u2013 Selva de Montiel \u2013 Gral. Gal\u00e1n \u2013 Los Jacarandaes \u2013 Casiano Calder\u00f3n \u2013 Acebal \u2013 F. Ameghino \u2013 Rep\u00fablica de Siria \u2013 Romina Iturain \u2013 Av. Larramendi \u2013 Laprida \u2013 Gaboto \u2013 Cervantes \u2013 Santa Fe.<\/p>\n<p>Regreso: Laprida \u2013 Av. Larramendi \u2013 Romina Iturain \u2013 Rep\u00fablica de Siria \u2013 F. Ameghino \u2013 Acebal \u2013 Don Segundo Sombra \u2013 Los Ceibos- Gral. Gal\u00e1n \u2013 Selva de Montiel \u2013 Luis Palma \u2013 Vicente Quesada \u2013 Mons. D \u0301Andrea \u2013 Eva Duarte de Per\u00f3n \u2013 Gral. Alvarado \u2013 El Paracao \u2013 Av. de las Am\u00e9ricas \u2013 M. Lebensohn \u2013 Juan B\u00e1ez \u2013 Av. Ram\u00edrez \u2013 Cris\u00f3logo Larralde \u2013 Gral. Artigas.<\/p>\n<p>L\u00cdNEA B: B\u00b0 CAPIB\u00c1 \u2013 CENTRO<\/p>\n<p>Ida: Lisandro de la Torre \u2013 Av. Zanni \u2013 Cris\u00f3logo Larralde \u2013 Divisi\u00f3n de los Andes \u2013 Provincias Unidas \u2013 Av. Francisco Ram\u00edrez \u2013 Gral. Sarobe \u2013 Gral. Geronimo Espejo \u2013 El Paracao \u2013 Av. de las Am\u00e9ricas \u2013 Pronunciamiento \u2013 Av. Ej\u00e9rcito \u2013 Monte Caseros \u2013 Av. Gualeguaych\u00fa \u2013 Bavio \u2013 Italia \u2013 Santa Fe \u2013 Garay.<\/p>\n<p>Regreso: C\u00f3rdoba \u2013 Libertad \u2013 Paraguay \u2013 Pellegrini \u2013 Bv. Perette \u2013 Av. Ej\u00e9rcito \u2013 Pronunciamiento \u2013 Av. de las Am\u00e9ricas \u2013 El Paracao \u2013 Gral. Geronimo Espejo \u2013 Gral. Sarobe \u2013 Provincias Unidas \u2013 Divisi\u00f3n de los Andes \u2013 Cris\u00f3logo Larralde \u2013 Av. Zanni \u2013 Lisandro de la Torre.<\/p>\n<p>L\u00cdNEA C<\/p>\n<p>C1 \u2013 B\u00b0 300 VIVIENDAS \u2013 CENTRO<\/p>\n<p>Ida: B\u00b0 300 Viviendas \u2013 Av. Don Bosco \u2013 Pedro Londero \u2013 Fraternidad \u2013 Gdor. Maya \u2013 Del Poncho \u2013 De la Yerra \u2013 Francia \u2013 Gdor. Maya \u2013 Av. Almafuerte \u2013 Jorge Luis Borges \u2013 Francia \u2013 Francia \u2013 Las Arvejillas \u2013 Las Madreselvas \u2013 Las Orqu\u00eddeas \u2013 Francia \u2013 Jorge Luis Borges \u2013 Av. Almafuerte \u2013 Gdor. L\u00f3pez Jord\u00e1n \u2013 Francia \u2013 Av. Blas Parera \u2013 Av. Almafuerte \u2013 Av. Ram\u00edrez \u2013 La Paz \u2013 Santa Fe.<br \/>\nRecorrido Esc. N\u00b0 58 \u201cPoeta C. Mastronardi\u201d: Ida: B\u00b0 300 Viviendas \u2013 \u2013 Av. Don Bosco \u2013 Pedro Londero \u2013 Fraternidad \u2013 Gdor. Maya; en 4 oportunidades.<\/p>\n<p>Regreso: Santa Fe \u2013 Alameda de la Federaci\u00f3n \u2013 Carlos Gardel \u2013 Col\u00f3n \u2013 Av. Ram\u00edrez \u2013 Dean J. \u00c1lvarez \u2013 Av. Almafuerte \u2013 Av. Blas Parera \u2013 Francia \u2013 Gdor. L\u00f3pez Jord\u00e1n \u2013 Av. Almafuerte \u2013 Jorge Luis Borges \u2013 Francia \u2013 Las Arvejillas \u2013 Las Madreselvas \u2013 Las Orqu\u00eddeas \u2013 Francia \u2013 Jorge Luis Borges \u2013 Av. Almafuerte \u2013 Gdor. Maya \u2013 Francia \u2013 De la Yerra \u2013 Del Poncho \u2013 Gdor. Maya \u2013 Av. Don Bosco \u2013 B\u00b0 300 Viviendas.<\/p>\n<p>Recorrido Esc. N\u00b0 58 \u201cPoeta C. Mastronardi\u201d: Gdor. Maya \u2013 Av. Don Bosco \u2013 Pedro Londero \u2013 Fraternidad \u2013 Gdor. Maya; en 4 oportunidades.<\/p>\n<p>C2 \u2013 B\u00b0 300 VIVIENDAS \u2013 PARQUE INDUSTRIAL \u2013 CENTRO<\/p>\n<p>Ida: B\u00b0 300 Viviendas \u2013 Av. Don Bosco \u2013 Pedro Londero \u2013 Fraternidad \u2013 Gdor. Maya \u2013 Del Poncho \u2013 De la Yerra \u2013 Francia \u2013 Gdor. Maya -Antonio Salellas \u2013 Valentin Torra \u2013 Art. Walter Grand \u2013 Hernandarias \u2013 Antonio Salellas \u2013 Av. Almafuerte \u2013 Jorge Luis Borges \u2013 Francia \u2013 Las Arvejillas \u2013 Las Madreselvas \u2013 Las Orqu\u00eddeas \u2013 Francia \u2013 Jorge Luis Borges \u2013 Av. Almafuerte \u2013 Gdor. L\u00f3pez Jord\u00e1n \u2013 Francia \u2013 Av. Blas Parera \u2013 Av. Almafuerte \u2013 Av. Ram\u00edrez \u2013 La Paz \u2013 Santa Fe.<\/p>\n<p>Regreso: Santa Fe \u2013 Alameda de la Federaci\u00f3n \u2013 Carlos Gardel \u2013 Col\u00f3n \u2013 Av. Ram\u00edrez \u2013 Dean J. \u00c1lvarez \u2013 Av. Almafuerte \u2013 Av. Blas Parera \u2013 Francia \u2013 Gdor. L\u00f3pez Jord\u00e1n \u2013 Av. Almafuerte -Jorge Luis Borges -Francia \u2013 Las Arvejillas \u2013 Las Madreselvas \u2013 Las Orqu\u00eddeas \u2013 Francia \u2013 Jorge Luis Borges \u2013 Av. Almafuerte \u2013 Gdor. Maya \u2013 Francia \u2013 De la Yerra \u2013 Del Poncho \u2013 Gdor. Maya \u2013 Av. Don Bosco \u2013 B\u00b0 300 Viviendas.<\/p>\n<p>L\u00cdNEA D: B\u00b0 POLICIAL \u2013 TOMA NUEVA<\/p>\n<p>Ida: Alfonsina Storni \u2013 Francia \u2013 Gdor. L\u00f3pez Jord\u00e1n \u2013 R\u00edo Gualeguay \u2013 Celia Torr\u00e1- Hoffman \u2013 Gdor. Manuel Crespo \u2013 Av. Churruar\u00edn \u2013 3 de Febrero \u2013 Av. Almafuerte \u2013 Av. Gualeguaych\u00fa \u2013 Bavio \u2013 Italia \u2013 Santa Fe \u2013 Malvinas \u2013 San Lorenzo \u2013 Salta \u2013 G\u00fcemes \u2013 Av. Laurencena \u2013 Av. Ram\u00edrez \u2013 Bravard \u2013 Soler \u2013 Ambrosetti \u2013 Rondeau \u2013 Anto\u00f1o Crespo \u2013 Blas Parera \u2013 Jozami.<\/p>\n<p>Recorrido verano Toma Vieja: Blas Parera \u2013 Toma Vieja.<\/p>\n<p>Regreso: Rondeau \u2013 C. Darwin \u2013 Blas Parera \u2013 Gdor. Uranga \u2013 Rondeau \u2013 Ambrosetti \u2013 Soler \u2013 Du Graty \u2013 Av. Ram\u00edrez \u2013 Av. Laurencena \u2013 G\u00fcemes \u2013 Bv. Moreno \u2013 C\u00f3rdoba \u2013 Libertad \u2013 Espa\u00f1a \u2013 25 de Mayo \u2013 Echag\u00fce \u2013 Av. Churruar\u00edn \u2013 Gdor. Manuel Crespo \u2013 Marchese \u2013 Celia Torr\u00e1 \u2013 R\u00edo Gualeguay \u2013 Gdor. L\u00f3pez Jord\u00e1n \u2013 Lola Mora \u2013 Alfonsina Storni.<\/p>\n<p>Recorrido verano Toma Vieja: Toma Vieja \u2013 Blas Parera \u2013 Gdor. Uranga.<\/p>\n<p>L\u00cdNEA L<\/p>\n<p>L1 \u2013 B\u00b0 500 VIVIENDAS \u2013 TERMINAL DE \u00d3MNIBUS \u2013 B\u00b0 YATAY<\/p>\n<p>Ida: Jos\u00e9 Mar\u00eda Paz \u2013 Padre Pascual Uva \u2013 Selva de Montiel \u2013 Juan B\u00e1ez \u2013 Gral. Espejo \u2013 Gral. Alvarado \u2013 Pir\u00e1n \u2013 Guti\u00e9rrez \u2013 Virasoro \u2013 Gral. Gal\u00e1n \u2013 Casiano Calder\u00f3n \u2013 Cnel. Caminos \u2013 Santos Vega \u2013 Florencio S\u00e1nchez \u2013 Selva de Montiel \u2013 Ituzaing\u00f3 \u2013 Florencio S\u00e1nchez \u2013 Paraguay \u2013 Courreges \u2013 Espa\u00f1a \u2013 Italia \u2013 Santa Fe \u2013 Alameda de la Federaci\u00f3n \u2013 Carlos Gardel \u2013 Col\u00f3n \u2013 La Rioja \u2013 Arturo Illia \u2013 25 de Mayo Gral. Pascual Echag\u00fce-Av. Ram\u00edrez \u2013 Av. Don Bosco.<\/p>\n<p>Regreso: Av. Don Bosco \u2013 3 de Febrero \u2013 Perez Colman \u2013 F. Soler \u2013 Fraternidad \u2013 Nogoy\u00e1 \u2013 Juan de Garay \u2013 C\u00f3rdoba \u2013 Libertad \u2013 Montevideo \u2013 Diamante \u2013 Florencio S\u00e1nchez \u2013 Ituzaing\u00f3 \u2013 Selva de Montiel \u2013 Segundo Sombra \u2013 Florencio S\u00e1nchez \u2013 Santos Vega \u2013 Jos\u00e9 Mar\u00eda Paz \u2013 Guti\u00e9rrez \u2013 Av. Ej\u00e9rcito \u2013 Gral. Alvarado \u2013 Gral. Espejo \u2013 Juan B\u00e1ez \u2013 Selva de Montiel \u2013 Padre Pascual Uva \u2013 Jos\u00e9 Mar\u00eda.<\/p>\n<p>L2 \u2013 B\u00b0 LOS BERROS \u2013 TERMINAL DE \u00d3MNIBUS \u2013 B\u00b0 YATAY<\/p>\n<p>Ida: Padre Pascual Uva \u2013 Lebensohn \u2013 Pablo Crausaz \u2013 Gral. Espejo \u2013 Gral. Alvarado \u2013 Pir\u00e1n \u2013 Guti\u00e9rrez \u2013 Virasoro \u2013 Gral. Gal\u00e1n \u2013 Casiano Calder\u00f3n \u2013 Cnel. Caminos \u2013 Santos Vega \u2013 Florencio S\u00e1nchez \u2013 Selva de Montiel \u2013 Ituzaing\u00f3 \u2013 Florencio S\u00e1nchez \u2013 Paraguay \u2013 Courreges \u2013 Espa\u00f1a \u2013 Italia \u2013 Santa Fe \u2013 Alameda de la Federaci\u00f3n \u2013 Carlos Gardel \u2013 Col\u00f3n \u2013 La Rioja \u2013 Arturo Illia \u2013 25 de Mayo \u2013 Echag\u00fce \u2013 Av. Ram\u00edrez \u2013 Av. Don Bosco.<\/p>\n<p>Regreso: Av. Don Bosco \u2013 3 de Febrero \u2013 Perez Colman \u2013 F. Soler \u2013 Fraternidad \u2013 Nogoy\u00e1 \u2013 Juan de Garay \u2013 C\u00f3rdoba \u2013 Libertad \u2013 Montevideo \u2013 Diamante \u2013 Florencio S\u00e1nchez \u2013 Ituzaing\u00f3 \u2013 Selva de Montiel \u2013 Segundo Sombra \u2013 Florencio S\u00e1nchez \u2013 Santos Vega \u2013 Jos\u00e9 Mar\u00eda Paz \u2013 Guti\u00e9rrez \u2013 Av. Ej\u00e9rcito \u2013 Gral. Alvarado \u2013 Gral. Espejo \u2013 Pablo Crausaz \u2013 Lebensohn \u2013 Padre Pascual Uva.<\/p>\n<p>L\u00cdNEA M: B\u00b0 PARQUE MAYOR \u2013 CENTRO \u2013 GAUCHO RIVERO<\/p>\n<p>Ida: Villa Hernandarias \u2013 Las Garzas \u2013 Villa Segu\u00ed \u2013 Av. Zanni \u2013 Av. Newbery \u2013 Divisi\u00f3n de los Andes \u2013 Miguel David \u2013 Av. Ram\u00edrez \u2013 Jauretche \u2013 Alejo Peyret \u2013 Edmundo de Amicis \u2013 Av. de las Am\u00e9ricas \u2013 Bv. Racedo \u2013 Gral. Belgrano \u2013 Av. Gualeguaych\u00fa \u2013 Bavio \u2013 Italia \u2013 Santa Fe \u2013 Laprida \u2013 C\u00f3rdoba \u2013 Libertad- Paraguay \u2013 Pellegrini \u2013 Pronunciamiento \u2013 Av. Ejercito \u2013 Guti\u00e9rrez \u2013 Vicente Quesada \u2013 Luis Palma.<\/p>\n<p>Regreso:Luis Palma \u2013 Los Chanas \u2013 Gral. Galan \u2013 Selva de Montiel- Luis Palma \u2013 Vicente Quesada \u2013 Monse\u00f1or D Andrea -Eva Duarte de Per\u00f3n \u2013 Gral. Alvarado \u2013 Av. Ej\u00e9rcito \u2013 Monte Caseros \u2013 Enrique Carb\u00f3 \u2013 Pascual Palma \u2013 Maip\u00fa \u2013 Cura \u00c1lvarez \u2013 Bv. Racedo \u2013 Toribio Ortiz \u2013 Alejo Peyret \u2013 Av. Ram\u00edrez \u2013 Miguel David \u2013 Divisi\u00f3n de los Andes \u2013 Av. Newbery \u2013 Av. Zanni \u2013 Villa Segu\u00ed \u2013 Las Garzas \u2013 Villa Hernandarias.<\/p>\n<p>LINEA P<\/p>\n<p>P1 \u2013 AEROPUERTO \u2013 CENTRO \u2013 HOSPITAL DE LA BAXADA<\/p>\n<p>Ida: Aeropuerto \u2013 Salvador Caputto \u2013 Av. Jorge Newbery \u2013 Av. Zanni \u2013 O \u0301 Higgins \u2013 Leonidas Echag\u00fce \u2013 Provincias Unidas \u2013 El Paracao \u2013 Gral. Espejo.<br \/>\nRegreso: Gral espejo \u2013 Gral. Alvarado \u2013 El Paracao \u2013 Provincias Unidas \u2013 Leonidas Echag\u00fce \u2013 O \u0301Higgins \u2013 Av. Zanni \u2013 Av. Jorge Newbery \u2013 Salvador Caputto \u2013 Aeropuerto.<\/p>\n<p>P2 \u2013 AEROPUERTO \u2013 PLAZA ALBERDI<\/p>\n<p>Ida: Aeropuerto \u2013 Salvador Caputto \u2013 Gdor. Tibiletti \u2013 Soldado \u2013 Bord\u00f3n \u2013 Hernandarias \u2013 Gdor. Parera \u2013 Dr. Medus \u2013 Gdor. Mihura \u2013 Gdor. Tibiletti \u2013 Av. Zanni \u2013 Av. Almafuerte \u2013 Gualeguaych\u00fa \u2013 Gral. Manuel Belgrano \u2013 Gral. Urquiza.<\/p>\n<p>Regreso: Gral. Urquiza \u2013 Pascual Palma \u2013 Gral. Pascual Echag\u00fce \u2013 Av. Ram\u00edrez \u2013 Dean J. \u00c1lvarez \u2013 A. Almafuerte \u2013 Av. Zanni \u2013 Gdor. Tibiletti \u2013 Gdor. Mihura \u2013 Dr. Medus \u2013 Gdor. Parera \u2013 Hernandarias \u2013 Soldado Bord\u00f3n \u2013 Gdor. Tibiletti \u2013 Salvador Caputto \u2013 Aeropuerto.<\/p>\n<p>\u00a0<\/p>\n<p>\u00a0<\/p>\n<p>De la Redacci\u00f3n de Entre R\u00edos Ahora<\/p>\n<p>\u00a0\u00a0 Las l\u00edneas A, B, C, D, L, M y P tendr\u00e1n modificaciones en sus trayectos por la ciudad. La medida se da en el marco de un trabajo conjunto entre el municipio y vecinales. Comenzar\u00e1n a regir desde el 1\u00b0 de marzo. Ddesde el domingo 1\u00b0 de marzo se modificar\u00e1n recorridos de algunas l\u00edneas.<\/p>","protected":false},"excerpt":{"rendered":"<div class=\"mh-excerpt\"><p>\u200b\u00a0 \u200b\u00a0 \u200b \u00a0 Las l\u00edneas A, B, C, D, L, M y P tendr\u00e1n modificaciones en sus trayectos por la ciudad. La medida se <a class=\"mh-excerpt-more\" href=\"https:\/\/fmlibertadfeliciano.com.ar\/?p=2976\" title=\"Cambian recorridos las l\u00edneas urbanas en Paran\u00e1\">[&#8230;]<\/a><\/p>\n<\/div>","protected":false},"author":1,"featured_media":0,"comment_status":"open","ping_status":"open","sticky":false,"template":"","format":"standard","meta":{"footnotes":""},"categories":[1],"tags":[],"class_list":["post-2976","post","type-post","status-publish","format-standard","hentry","category-sin-categoria"],"_links":{"self":[{"href":"https:\/\/fmlibertadfeliciano.com.ar\/index.php?rest_route=\/wp\/v2\/posts\/2976","targetHints":{"allow":["GET"]}}],"collection":[{"href":"https:\/\/fmlibertadfeliciano.com.ar\/index.php?rest_route=\/wp\/v2\/posts"}],"about":[{"href":"https:\/\/fmlibertadfeliciano.com.ar\/index.php?rest_route=\/wp\/v2\/types\/post"}],"author":[{"embeddable":true,"href":"https:\/\/fmlibertadfeliciano.com.ar\/index.php?rest_route=\/wp\/v2\/users\/1"}],"replies":[{"embeddable":true,"href":"https:\/\/fmlibertadfeliciano.com.ar\/index.php?rest_route=%2Fwp%2Fv2%2Fcomments&post=2976"}],"version-history":[{"count":0,"href":"https:\/\/fmlibertadfeliciano.com.ar\/index.php?rest_route=\/wp\/v2\/posts\/2976\/revisions"}],"wp:attachment":[{"href":"https:\/\/fmlibertadfeliciano.com.ar\/index.php?rest_route=%2Fwp%2Fv2%2Fmedia&parent=2976"}],"wp:term":[{"taxonomy":"category","embeddable":true,"href":"https:\/\/fmlibertadfeliciano.com.ar\/index.php?rest_route=%2Fwp%2Fv2%2Fcategories&post=2976"},{"taxonomy":"post_tag","embeddable":true,"href":"https:\/\/fmlibertadfeliciano.com.ar\/index.php?rest_route=%2Fwp%2Fv2%2Ftags&post=2976"}],"curies":[{"name":"wp","href":"https:\/\/api.w.org\/{rel}","templated":true}]}}