{"id":2977,"date":"2026-02-27T12:53:24","date_gmt":"2026-02-27T12:53:24","guid":{"rendered":"https:\/\/fmlibertadfeliciano.com.ar\/?p=2977"},"modified":"2026-02-27T12:53:24","modified_gmt":"2026-02-27T12:53:24","slug":"este-sabado-comienza-el-cronograma-de-pagos-para-la-administracion-publica-provincial","status":"publish","type":"post","link":"https:\/\/fmlibertadfeliciano.com.ar\/?p=2977","title":{"rendered":"Este s\u00e1bado comienza el cronograma de pagos para la administraci\u00f3n p\u00fablica provincial"},"content":{"rendered":"<p>\u200b\u00a0<\/p>\n<p>\u200b\u00a0<\/p>\n<p>\u200b<img loading=\"lazy\" decoding=\"async\" width=\"300\" height=\"200\" src=\"https:\/\/www.eldiario.com.ar\/wp-content\/uploads\/2026\/02\/image-37-20x13.jpeg\" class=\"webfeedsFeaturedVisual jl-lazyload lazyload wp-post-image\" alt=\"\" data-src=\"https:\/\/www.eldiario.com.ar\/wp-content\/uploads\/2026\/02\/image-37-300x200.jpeg\" \/><\/p>\n<hr class=\"wp-block-separator has-alpha-channel-opacity\" \/>\n<p>El gobierno provincial inform\u00f3 que el cronograma de pagos para los haberes del mes de febrero, a activos y pasivos de la administraci\u00f3n p\u00fablica de Entre R\u00edos, inicia este s\u00e1bado 28 de febrero.\u00a0<\/p>\n<figure class=\"wp-block-image size-large\"><img loading=\"lazy\" decoding=\"async\" width=\"1024\" height=\"683\" src=\"https:\/\/www.eldiario.com.ar\/wp-content\/uploads\/2026\/02\/image-37-1024x683.jpeg\" alt=\"\" class=\"wp-image-483456\" \/><\/figure>\n<p><a href=\"https:\/\/web.whatsapp.com\/send?text=Este%20s%C3%A1bado%20comienza%20el%20cronograma%20de%20pagos%20para%20la%20administraci%C3%B3n%20p%C3%BAblica%20provincial%20%20-%20https%3A%2F%2Fportal.entrerios.gov.ar%2Fnoticias%2F49409\" target=\"_blank\" rel=\"noreferrer noopener\"><\/a><a href=\"https:\/\/twitter.com\/intent\/tweet?text=Este%20s%C3%A1bado%20comienza%20el%20cronograma%20de%20pagos%20para%20la%20administraci%C3%B3n%20p%C3%BAblica%20provincial&amp;url=https%3A%2F%2Fportal.entrerios.gov.ar%2Fnoticias%2F49409\" target=\"_blank\" rel=\"noreferrer noopener\"><\/a><a href=\"https:\/\/www.facebook.com\/sharer\/sharer.php?u=https:\/\/portal.entrerios.gov.ar\/noticias\/49409\" target=\"_blank\" rel=\"noreferrer noopener\"><\/a><\/p>\n<p>El cronograma se extender\u00e1 hasta lunes 9 de marzo.<\/p>\n<p><strong>Cronograma de pago<\/strong><\/p>\n<p>Lunes 2 de marzo (acreditaci\u00f3n s\u00e1bado 28 de febrero): hasta 860.000 pesos.<\/p>\n<p>Martes 3 de marzo: desde 860.001 hasta 1.145.000 pesos.<\/p>\n<p>Mi\u00e9rcoles 4 de marzo: desde 1.145.001 hasta 1.330.000 pesos.<\/p>\n<p>Jueves 5 de marzo: desde 1.330.001 hasta 1.635.000 pesos.<\/p>\n<p>Viernes 6 de marzo: desde 1.635.001 hasta 2.180.000 pesos.<\/p>\n<p>Lunes 9 de marzo (acreditaci\u00f3n s\u00e1bado 7 de marzo): superior a 2.180.001 pesos.<\/p>\n<p>\u00a0El gobierno provincial inform\u00f3 que el cronograma de pagos para los haberes del mes de febrero, a activos y pasivos de la administraci\u00f3n p\u00fablica de Entre R\u00edos, inicia este s\u00e1bado 28 de febrero.\u00a0 El cronograma se extender\u00e1 hasta lunes 9 de marzo. Cronograma de pago Lunes 2 de marzo (acreditaci\u00f3n s\u00e1bado 28 de febrero): hasta<\/p>","protected":false},"excerpt":{"rendered":"<div class=\"mh-excerpt\"><p>\u200b\u00a0 \u200b\u00a0 \u200b El gobierno provincial inform\u00f3 que el cronograma de pagos para los haberes del mes de febrero, a activos y pasivos de la <a class=\"mh-excerpt-more\" href=\"https:\/\/fmlibertadfeliciano.com.ar\/?p=2977\" title=\"Este s\u00e1bado comienza el cronograma de pagos para la administraci\u00f3n p\u00fablica provincial\">[&#8230;]<\/a><\/p>\n<\/div>","protected":false},"author":1,"featured_media":2978,"comment_status":"open","ping_status":"open","sticky":false,"template":"","format":"standard","meta":{"footnotes":""},"categories":[1],"tags":[],"class_list":["post-2977","post","type-post","status-publish","format-standard","has-post-thumbnail","hentry","category-sin-categoria"],"_links":{"self":[{"href":"https:\/\/fmlibertadfeliciano.com.ar\/index.php?rest_route=\/wp\/v2\/posts\/2977","targetHints":{"allow":["GET"]}}],"collection":[{"href":"https:\/\/fmlibertadfeliciano.com.ar\/index.php?rest_route=\/wp\/v2\/posts"}],"about":[{"href":"https:\/\/fmlibertadfeliciano.com.ar\/index.php?rest_route=\/wp\/v2\/types\/post"}],"author":[{"embeddable":true,"href":"https:\/\/fmlibertadfeliciano.com.ar\/index.php?rest_route=\/wp\/v2\/users\/1"}],"replies":[{"embeddable":true,"href":"https:\/\/fmlibertadfeliciano.com.ar\/index.php?rest_route=%2Fwp%2Fv2%2Fcomments&post=2977"}],"version-history":[{"count":0,"href":"https:\/\/fmlibertadfeliciano.com.ar\/index.php?rest_route=\/wp\/v2\/posts\/2977\/revisions"}],"wp:featuredmedia":[{"embeddable":true,"href":"https:\/\/fmlibertadfeliciano.com.ar\/index.php?rest_route=\/wp\/v2\/media\/2978"}],"wp:attachment":[{"href":"https:\/\/fmlibertadfeliciano.com.ar\/index.php?rest_route=%2Fwp%2Fv2%2Fmedia&parent=2977"}],"wp:term":[{"taxonomy":"category","embeddable":true,"href":"https:\/\/fmlibertadfeliciano.com.ar\/index.php?rest_route=%2Fwp%2Fv2%2Fcategories&post=2977"},{"taxonomy":"post_tag","embeddable":true,"href":"https:\/\/fmlibertadfeliciano.com.ar\/index.php?rest_route=%2Fwp%2Fv2%2Ftags&post=2977"}],"curies":[{"name":"wp","href":"https:\/\/api.w.org\/{rel}","templated":true}]}}