{"id":2979,"date":"2026-02-27T12:51:55","date_gmt":"2026-02-27T12:51:55","guid":{"rendered":"https:\/\/fmlibertadfeliciano.com.ar\/?p=2979"},"modified":"2026-02-27T12:51:55","modified_gmt":"2026-02-27T12:51:55","slug":"frigerio-celebro-la-ratificacion-del-acuerdo-mercosur-union-europea","status":"publish","type":"post","link":"https:\/\/fmlibertadfeliciano.com.ar\/?p=2979","title":{"rendered":"Frigerio celebr\u00f3 la ratificaci\u00f3n del acuerdo Mercosur \u2013 Uni\u00f3n Europea"},"content":{"rendered":"<p>\u200b\u00a0<\/p>\n<p>\u200b\u00a0<\/p>\n<p>\u200b<img loading=\"lazy\" decoding=\"async\" width=\"300\" height=\"200\" src=\"https:\/\/www.eldiario.com.ar\/wp-content\/uploads\/2026\/02\/image-36-20x13.jpeg\" class=\"webfeedsFeaturedVisual jl-lazyload lazyload wp-post-image\" alt=\"\" data-src=\"https:\/\/www.eldiario.com.ar\/wp-content\/uploads\/2026\/02\/image-36-300x200.jpeg\" \/><\/p>\n<hr class=\"wp-block-separator has-alpha-channel-opacity\" \/>\n<p>El gobernador de Entre R\u00edos, Rogelio Frigerio, manifest\u00f3 su firme respaldo a la revalidaci\u00f3n del convenio de libre comercio entre ambas integraciones regionales, luego de que el Senado de la Naci\u00f3n completara este jueves el tr\u00e1mite legislativo para su aprobaci\u00f3n definitiva.<\/p>\n<figure class=\"wp-block-image size-large\"><img loading=\"lazy\" decoding=\"async\" width=\"1024\" height=\"683\" src=\"https:\/\/www.eldiario.com.ar\/wp-content\/uploads\/2026\/02\/image-36-1024x683.jpeg\" alt=\"\" class=\"wp-image-483453\" \/><\/figure>\n<p><a href=\"https:\/\/web.whatsapp.com\/send?text=Frigerio%20celebr%C3%B3%20la%20ratificaci%C3%B3n%20del%20acuerdo%20Mercosur%20-%20Uni%C3%B3n%20Europea%20%20-%20https%3A%2F%2Fportal.entrerios.gov.ar%2Fnoticias%2F49423\" target=\"_blank\" rel=\"noreferrer noopener\"><\/a><a href=\"https:\/\/twitter.com\/intent\/tweet?text=Frigerio%20celebr%C3%B3%20la%20ratificaci%C3%B3n%20del%20acuerdo%20Mercosur%20-%20Uni%C3%B3n%20Europea&amp;url=https%3A%2F%2Fportal.entrerios.gov.ar%2Fnoticias%2F49423\" target=\"_blank\" rel=\"noreferrer noopener\"><\/a><a href=\"https:\/\/www.facebook.com\/sharer\/sharer.php?u=https:\/\/portal.entrerios.gov.ar\/noticias\/49423\" target=\"_blank\" rel=\"noreferrer noopener\"><\/a><\/p>\n<p>A trav\u00e9s de sus redes sociales, Frigerio destac\u00f3 el impacto positivo que esta uni\u00f3n tendr\u00e1 en la econom\u00eda regional: \u201cHoy empieza una etapa de m\u00e1s mercados, m\u00e1s competitividad y m\u00e1s trabajo para nuestra provincia\u201d.<\/p>\n<p>El mandatario record\u00f3 que el gobierno de la provincia ven\u00eda siguiendo de cerca el avance de las negociaciones, entendiendo el potencial exportador de la producci\u00f3n local. \u201cHace un mes marcamos que el Acuerdo Uni\u00f3n Europea \u2013 Mercosur era una oportunidad concreta para Entre R\u00edos\u201d, enfatiz\u00f3, celebrando que el Congreso Nacional haya dado el paso final para su validaci\u00f3n.<\/p>\n<p>\u00a0El gobernador de Entre R\u00edos, Rogelio Frigerio, manifest\u00f3 su firme respaldo a la revalidaci\u00f3n del convenio de libre comercio entre ambas integraciones regionales, luego de que el Senado de la Naci\u00f3n completara este jueves el tr\u00e1mite legislativo para su aprobaci\u00f3n definitiva. A trav\u00e9s de sus redes sociales, Frigerio destac\u00f3 el impacto positivo que esta uni\u00f3n<\/p>","protected":false},"excerpt":{"rendered":"<div class=\"mh-excerpt\"><p>\u200b\u00a0 \u200b\u00a0 \u200b El gobernador de Entre R\u00edos, Rogelio Frigerio, manifest\u00f3 su firme respaldo a la revalidaci\u00f3n del convenio de libre comercio entre ambas integraciones <a class=\"mh-excerpt-more\" href=\"https:\/\/fmlibertadfeliciano.com.ar\/?p=2979\" title=\"Frigerio celebr\u00f3 la ratificaci\u00f3n del acuerdo Mercosur \u2013 Uni\u00f3n Europea\">[&#8230;]<\/a><\/p>\n<\/div>","protected":false},"author":1,"featured_media":2980,"comment_status":"open","ping_status":"open","sticky":false,"template":"","format":"standard","meta":{"footnotes":""},"categories":[1],"tags":[],"class_list":["post-2979","post","type-post","status-publish","format-standard","has-post-thumbnail","hentry","category-sin-categoria"],"_links":{"self":[{"href":"https:\/\/fmlibertadfeliciano.com.ar\/index.php?rest_route=\/wp\/v2\/posts\/2979","targetHints":{"allow":["GET"]}}],"collection":[{"href":"https:\/\/fmlibertadfeliciano.com.ar\/index.php?rest_route=\/wp\/v2\/posts"}],"about":[{"href":"https:\/\/fmlibertadfeliciano.com.ar\/index.php?rest_route=\/wp\/v2\/types\/post"}],"author":[{"embeddable":true,"href":"https:\/\/fmlibertadfeliciano.com.ar\/index.php?rest_route=\/wp\/v2\/users\/1"}],"replies":[{"embeddable":true,"href":"https:\/\/fmlibertadfeliciano.com.ar\/index.php?rest_route=%2Fwp%2Fv2%2Fcomments&post=2979"}],"version-history":[{"count":0,"href":"https:\/\/fmlibertadfeliciano.com.ar\/index.php?rest_route=\/wp\/v2\/posts\/2979\/revisions"}],"wp:featuredmedia":[{"embeddable":true,"href":"https:\/\/fmlibertadfeliciano.com.ar\/index.php?rest_route=\/wp\/v2\/media\/2980"}],"wp:attachment":[{"href":"https:\/\/fmlibertadfeliciano.com.ar\/index.php?rest_route=%2Fwp%2Fv2%2Fmedia&parent=2979"}],"wp:term":[{"taxonomy":"category","embeddable":true,"href":"https:\/\/fmlibertadfeliciano.com.ar\/index.php?rest_route=%2Fwp%2Fv2%2Fcategories&post=2979"},{"taxonomy":"post_tag","embeddable":true,"href":"https:\/\/fmlibertadfeliciano.com.ar\/index.php?rest_route=%2Fwp%2Fv2%2Ftags&post=2979"}],"curies":[{"name":"wp","href":"https:\/\/api.w.org\/{rel}","templated":true}]}}