{"id":2981,"date":"2026-02-27T12:50:52","date_gmt":"2026-02-27T12:50:52","guid":{"rendered":"https:\/\/fmlibertadfeliciano.com.ar\/?p=2981"},"modified":"2026-02-27T12:50:52","modified_gmt":"2026-02-27T12:50:52","slug":"luego-de-una-decada-entre-rios-vuelve-a-los-mercados-y-hace-su-primera-colocacion-exitosa-de-deuda","status":"publish","type":"post","link":"https:\/\/fmlibertadfeliciano.com.ar\/?p=2981","title":{"rendered":"Luego de una d\u00e9cada, Entre R\u00edos vuelve a los mercados y hace su primera colocaci\u00f3n exitosa de deuda"},"content":{"rendered":"<p>\u200b\u00a0<\/p>\n<p>\u200b\u00a0<\/p>\n<p>\u200b<img loading=\"lazy\" decoding=\"async\" width=\"300\" height=\"200\" src=\"https:\/\/www.eldiario.com.ar\/wp-content\/uploads\/2026\/02\/image-35-20x13.jpeg\" class=\"webfeedsFeaturedVisual jl-lazyload lazyload wp-post-image\" alt=\"\" data-src=\"https:\/\/www.eldiario.com.ar\/wp-content\/uploads\/2026\/02\/image-35-300x200.jpeg\" \/><\/p>\n<hr class=\"wp-block-separator has-alpha-channel-opacity\" \/>\n<p>La provincia retorna al mercado internacional tras casi 10 a\u00f1os con una primera emisi\u00f3n por 300 millones de d\u00f3lares. Esto permite refinanciar vencimientos, cancelar pasivos m\u00e1s costosos y ordenar el perfil del pasivo, mejorando liquidez y previsibilidad para los pr\u00f3ximos a\u00f1os.<\/p>\n<figure class=\"wp-block-image size-large\"><img loading=\"lazy\" decoding=\"async\" width=\"1024\" height=\"683\" src=\"https:\/\/www.eldiario.com.ar\/wp-content\/uploads\/2026\/02\/image-35-1024x683.jpeg\" alt=\"\" class=\"wp-image-483450\" \/><\/figure>\n<p><a href=\"https:\/\/web.whatsapp.com\/send?text=Luego%20de%20una%20d%C3%A9cada,%20Entre%20R%C3%ADos%20vuelve%20a%20los%20mercados%20y%20hace%20su%20primera%20colocaci%C3%B3n%20exitosa%20de%20deuda%20%20-%20https%3A%2F%2Fportal.entrerios.gov.ar%2Fnoticias%2F49422\" target=\"_blank\" rel=\"noreferrer noopener\"><\/a><a href=\"https:\/\/twitter.com\/intent\/tweet?text=Luego%20de%20una%20d%C3%A9cada,%20Entre%20R%C3%ADos%20vuelve%20a%20los%20mercados%20y%20hace%20su%20primera%20colocaci%C3%B3n%20exitosa%20de%20deuda&amp;url=https%3A%2F%2Fportal.entrerios.gov.ar%2Fnoticias%2F49422\" target=\"_blank\" rel=\"noreferrer noopener\"><\/a><a href=\"https:\/\/www.facebook.com\/sharer\/sharer.php?u=https:\/\/portal.entrerios.gov.ar\/noticias\/49422\" target=\"_blank\" rel=\"noreferrer noopener\"><\/a><\/p>\n<p>Este jueves, la provincia de Entre R\u00edos realiz\u00f3 una exitosa colocaci\u00f3n en el mercado internacional de deuda, emitiendo un bono de 300 millones de d\u00f3lares, que se ubica dentro de los l\u00edmites autorizados por la Legislatura en la Ley 11.209 de Restauraci\u00f3n de la Sostenibilidad de la Deuda P\u00fablica Provincial.<\/p>\n<p>La estructura del bono tiene una vida promedio de seis a\u00f1os, un cup\u00f3n anual del 9,55 por ciento con pagos semestrales y vencimientos de capital de 33,33 por ciento en 2031, 33,33 por ciento en 2032 y 33,34 por ciento en 2033.<\/p>\n<p>En t\u00e9rminos de rendimiento, el bono fue emitido con una prima de 6,18 por ciento sobre un bono soberano americano de similar duraci\u00f3n, lo cual representa una mejora de 50 puntos b\u00e1sicos respecto al\u00a0<em>spread<\/em>\u00a0(en ingl\u00e9s, diferencia entre el precio de compra y el de venta) convalidado en la emisi\u00f3n de 2017.<\/p>\n<p>Asimismo, la operaci\u00f3n incluye una oferta de recompra y\/o canje para los tenedores actuales del bono ERF28, cuyo resultado se conocer\u00e1 este viernes.<\/p>\n<p>La emisi\u00f3n internacional tiene como objetivo la refinanciaci\u00f3n del t\u00edtulo actual, como as\u00ed tambi\u00e9n la cancelaci\u00f3n de pasivos denominados en pesos, de mayor costo y que presentan vencimientos de corto plazo.<\/p>\n<p>En s\u00edntesis, esta estrategia redise\u00f1a el perfil global de vencimientos de la provincia, dot\u00e1ndolo de una estructura m\u00e1s armonizada en el tiempo, lo cual permitir\u00e1 mejorar los m\u00e1rgenes de liquidez y descomprimir los servicios de deuda, evidenciando una clara mejor\u00eda respecto al perfil heredado por nuestra gesti\u00f3n.<\/p>\n<p>\u00a0La provincia retorna al mercado internacional tras casi 10 a\u00f1os con una primera emisi\u00f3n por 300 millones de d\u00f3lares. Esto permite refinanciar vencimientos, cancelar pasivos m\u00e1s costosos y ordenar el perfil del pasivo, mejorando liquidez y previsibilidad para los pr\u00f3ximos a\u00f1os. Este jueves, la provincia de Entre R\u00edos realiz\u00f3 una exitosa colocaci\u00f3n en el mercado<\/p>","protected":false},"excerpt":{"rendered":"<div class=\"mh-excerpt\"><p>\u200b\u00a0 \u200b\u00a0 \u200b La provincia retorna al mercado internacional tras casi 10 a\u00f1os con una primera emisi\u00f3n por 300 millones de d\u00f3lares. Esto permite refinanciar <a class=\"mh-excerpt-more\" href=\"https:\/\/fmlibertadfeliciano.com.ar\/?p=2981\" title=\"Luego de una d\u00e9cada, Entre R\u00edos vuelve a los mercados y hace su primera colocaci\u00f3n exitosa de deuda\">[&#8230;]<\/a><\/p>\n<\/div>","protected":false},"author":1,"featured_media":2982,"comment_status":"open","ping_status":"open","sticky":false,"template":"","format":"standard","meta":{"footnotes":""},"categories":[1],"tags":[],"class_list":["post-2981","post","type-post","status-publish","format-standard","has-post-thumbnail","hentry","category-sin-categoria"],"_links":{"self":[{"href":"https:\/\/fmlibertadfeliciano.com.ar\/index.php?rest_route=\/wp\/v2\/posts\/2981","targetHints":{"allow":["GET"]}}],"collection":[{"href":"https:\/\/fmlibertadfeliciano.com.ar\/index.php?rest_route=\/wp\/v2\/posts"}],"about":[{"href":"https:\/\/fmlibertadfeliciano.com.ar\/index.php?rest_route=\/wp\/v2\/types\/post"}],"author":[{"embeddable":true,"href":"https:\/\/fmlibertadfeliciano.com.ar\/index.php?rest_route=\/wp\/v2\/users\/1"}],"replies":[{"embeddable":true,"href":"https:\/\/fmlibertadfeliciano.com.ar\/index.php?rest_route=%2Fwp%2Fv2%2Fcomments&post=2981"}],"version-history":[{"count":0,"href":"https:\/\/fmlibertadfeliciano.com.ar\/index.php?rest_route=\/wp\/v2\/posts\/2981\/revisions"}],"wp:featuredmedia":[{"embeddable":true,"href":"https:\/\/fmlibertadfeliciano.com.ar\/index.php?rest_route=\/wp\/v2\/media\/2982"}],"wp:attachment":[{"href":"https:\/\/fmlibertadfeliciano.com.ar\/index.php?rest_route=%2Fwp%2Fv2%2Fmedia&parent=2981"}],"wp:term":[{"taxonomy":"category","embeddable":true,"href":"https:\/\/fmlibertadfeliciano.com.ar\/index.php?rest_route=%2Fwp%2Fv2%2Fcategories&post=2981"},{"taxonomy":"post_tag","embeddable":true,"href":"https:\/\/fmlibertadfeliciano.com.ar\/index.php?rest_route=%2Fwp%2Fv2%2Ftags&post=2981"}],"curies":[{"name":"wp","href":"https:\/\/api.w.org\/{rel}","templated":true}]}}