{"id":2983,"date":"2026-02-27T12:36:53","date_gmt":"2026-02-27T12:36:53","guid":{"rendered":"https:\/\/fmlibertadfeliciano.com.ar\/?p=2983"},"modified":"2026-02-27T12:36:53","modified_gmt":"2026-02-27T12:36:53","slug":"murio-dario-loperfido","status":"publish","type":"post","link":"https:\/\/fmlibertadfeliciano.com.ar\/?p=2983","title":{"rendered":"Muri\u00f3 Dar\u00edo Lop\u00e9rfido"},"content":{"rendered":"<p>\u200b\u00a0<\/p>\n<p>\u200b\u00a0<\/p>\n<p>\u200b<\/p>\n<figure>\n                        <img decoding=\"async\" src=\"https:\/\/apfdigital-s3.cdn.net.ar\/s3i233\/2026\/02\/apfdigital\/images\/02\/48\/97\/2489771_ce07fde51564141411dd982e7fcb1583b6084eee5942341bee5b666423d284dc\/md.webp\" alt=\"\" class=\"type:primaryImage\" \/><figcaption><\/figcaption><\/figure>\n<p>\u00a0En las \u00faltimas horas muri\u00f3 a los 62 a\u00f1os Dar\u00edo Lop\u00e9rfido, exsecretario de Cultura y Medios de Comunicaci\u00f3n de la Naci\u00f3n durante la presidencia de Fernando de la R\u00faa (1999-2001) y exministro de Cultura de la ciudad de Buenos Aires por seis meses durante la gesti\u00f3n de Horacio Rodr\u00edguez Larreta. Ten\u00eda 62 a\u00f1os; padec\u00eda Esclerosis Lateral Amiotr\u00f3fica, enfermedad con la que fue diagnosticado en julio de 2024.<\/p>","protected":false},"excerpt":{"rendered":"<div class=\"mh-excerpt\"><p>\u200b\u00a0 \u200b\u00a0 \u200b \u00a0En las \u00faltimas horas muri\u00f3 a los 62 a\u00f1os Dar\u00edo Lop\u00e9rfido, exsecretario de Cultura y Medios de Comunicaci\u00f3n de la Naci\u00f3n durante <a class=\"mh-excerpt-more\" href=\"https:\/\/fmlibertadfeliciano.com.ar\/?p=2983\" title=\"Muri\u00f3 Dar\u00edo Lop\u00e9rfido\">[&#8230;]<\/a><\/p>\n<\/div>","protected":false},"author":1,"featured_media":2984,"comment_status":"open","ping_status":"open","sticky":false,"template":"","format":"standard","meta":{"footnotes":""},"categories":[1],"tags":[],"class_list":["post-2983","post","type-post","status-publish","format-standard","has-post-thumbnail","hentry","category-sin-categoria"],"_links":{"self":[{"href":"https:\/\/fmlibertadfeliciano.com.ar\/index.php?rest_route=\/wp\/v2\/posts\/2983","targetHints":{"allow":["GET"]}}],"collection":[{"href":"https:\/\/fmlibertadfeliciano.com.ar\/index.php?rest_route=\/wp\/v2\/posts"}],"about":[{"href":"https:\/\/fmlibertadfeliciano.com.ar\/index.php?rest_route=\/wp\/v2\/types\/post"}],"author":[{"embeddable":true,"href":"https:\/\/fmlibertadfeliciano.com.ar\/index.php?rest_route=\/wp\/v2\/users\/1"}],"replies":[{"embeddable":true,"href":"https:\/\/fmlibertadfeliciano.com.ar\/index.php?rest_route=%2Fwp%2Fv2%2Fcomments&post=2983"}],"version-history":[{"count":0,"href":"https:\/\/fmlibertadfeliciano.com.ar\/index.php?rest_route=\/wp\/v2\/posts\/2983\/revisions"}],"wp:featuredmedia":[{"embeddable":true,"href":"https:\/\/fmlibertadfeliciano.com.ar\/index.php?rest_route=\/wp\/v2\/media\/2984"}],"wp:attachment":[{"href":"https:\/\/fmlibertadfeliciano.com.ar\/index.php?rest_route=%2Fwp%2Fv2%2Fmedia&parent=2983"}],"wp:term":[{"taxonomy":"category","embeddable":true,"href":"https:\/\/fmlibertadfeliciano.com.ar\/index.php?rest_route=%2Fwp%2Fv2%2Fcategories&post=2983"},{"taxonomy":"post_tag","embeddable":true,"href":"https:\/\/fmlibertadfeliciano.com.ar\/index.php?rest_route=%2Fwp%2Fv2%2Ftags&post=2983"}],"curies":[{"name":"wp","href":"https:\/\/api.w.org\/{rel}","templated":true}]}}