{"id":2985,"date":"2026-02-28T12:06:58","date_gmt":"2026-02-28T12:06:58","guid":{"rendered":"https:\/\/fmlibertadfeliciano.com.ar\/?p=2985"},"modified":"2026-02-28T12:06:58","modified_gmt":"2026-02-28T12:06:58","slug":"mas-de-20-empresas-ya-confirmaron-su-presencia-en-el-estand-de-entre-rios-en-expoagro","status":"publish","type":"post","link":"https:\/\/fmlibertadfeliciano.com.ar\/?p=2985","title":{"rendered":"M\u00e1s de 20 empresas ya confirmaron su presencia en el estand de Entre R\u00edos en Expoagro"},"content":{"rendered":"<p>\u200b\u00a0<\/p>\n<p>\u200b\u00a0<\/p>\n<p>\u200b<\/p>\n<p><strong>La edici\u00f3n 2026 de la mayor muestra a cielo abierto de Am\u00e9rica del Sur tendr\u00e1 lugar del martes 10 al viernes 13 de marzo en el aut\u00f3dromo de San Nicol\u00e1s, provincia de Buenos Aires; ubicado en la ruta nacional 9 \u2013 kil\u00f3metro 225.<\/strong><\/p>\n<p>All\u00ed, se presentar\u00e1n las \u00faltimas innovaciones en maquinaria agr\u00edcola, semillas, ganader\u00eda, fitosanitarios y servicios para la agroindustria. Los horarios del pabell\u00f3n de Entre R\u00edos ser\u00e1n, del martes 10 al jueves 12 de marzo de 8.30 a 18.30; y de 8.30 a 15 el viernes 13.<\/p>\n<p>Entre<strong> las firmas confirmadas se encuentran Stylo Cami\u00f3n, plataforma log\u00edstica para camiones; remolques y construcciones modulares Gross; Kyas, servicios de biotraza para ganader\u00eda; Bioenerg\u00eda Vich SA -generaci\u00f3n de energ\u00eda renovable a partir de biomasa-; y Tierra Viva Agroecolog\u00eda -asesoramiento en producci\u00f3n agroecol\u00f3gica y regenerativa.<\/strong><\/p>\n<div class=\"entre-grupo-slider-rotativo-entre-noticias-pc\">\n<div class=\"ed-banner\"><a href=\"http:\/\/www.parana.gob.ar\/\" aria-label=\"07- 728 x 90 Febrero Calle a calle 2026\"><img loading=\"lazy\" decoding=\"async\" src=\"https:\/\/www.entrerrianodigital.com\/wp-content\/uploads\/2024\/11\/07-728-x-90-Febrero-Calle-a-calle-2026.jpg\" alt=\"\" width=\"728\" height=\"90\" \/><\/a><\/div>\n<\/div>\n<p>Asimismo, dar\u00e1n el presente Agrobarroso, soluciones productivas basadas en Bosque Nativo; Menter SAS, tokenizaci\u00f3n de activos reales; Apykap, sembradoras y pulverizadoras a 12 volts para veh\u00edculos; Grupo Omega -servicios de control de plagas para la agroindustria-; el Banco Entre R\u00edos; Turismo de la provincia, el Instituto Portuario y el Instituto Aut\u00e1rquico Provincial del Seguro.<\/p>\n<p>Formar\u00e1n parte del pabell\u00f3n tambi\u00e9n Veterinaria Hern\u00e1ndez, servicios y productos profesionales veterinarios; Organiz Agropecuaria, generaci\u00f3n de informaci\u00f3n mediante investigaci\u00f3n de procesos productivos; VZ Ingenier\u00eda -sistema de determinaci\u00f3n de contaminaci\u00f3n microbiol\u00f3gica para actividades cr\u00edticas Nano Test Bio-; equipamientos para la industria alimenticia Tecnoar SRL; sistemas de aspiraci\u00f3n de polvo para plantas de cereales y derivados Seinagro; Flotapp, sistema de Gesti\u00f3n de flotas de m\u00e1quinas agr\u00edcolas y camiones.<\/p>\n<p>A su vez, la oferta se completar\u00e1 con Geosk, servicios geol\u00f3gicos, hidrogeol\u00f3gicos y ambientales; Gexplo, servicios y soluciones para ambiente, agua, miner\u00eda y canteras; Torner\u00eda Sesa -fabricaci\u00f3n de repuestos para m\u00e1quinas extrusoras de soja y girasol-; y Metal\u00fargica San Nicol\u00e1s, fabricaci\u00f3n de Noria Reales Sin fines y montajes metalmec\u00e1nicos.<\/p>\n<p>La entrada <a href=\"https:\/\/www.entrerrianodigital.com\/mas-de-20-empresas-ya-confirmaron-su-presencia-en-el-estand-de-entre-rios-en-expoagro\/\">M\u00e1s de 20 empresas ya confirmaron su presencia en el estand de Entre R\u00edos en Expoagro<\/a> se public\u00f3 primero en <a href=\"https:\/\/www.entrerrianodigital.com\/\">Entrerriano Digital<\/a>.<\/p>\n<p>\u00a0Por segundo a\u00f1o consecutivo, el Gobierno provincial contar\u00e1 con un pabell\u00f3n institucional donde firmas entrerrianas vinculadas al campo, su industria, y la ciencia y la tecnolog\u00eda ofrecer\u00e1n sus productos y servicios. La exposici\u00f3n agroindustrial m\u00e1s importante del pa\u00eds se extender\u00e1 durante cuatro d\u00edas.<br \/>\nLa entrada M\u00e1s de 20 empresas ya confirmaron su presencia en el estand de Entre R\u00edos en Expoagro se public\u00f3 primero en Entrerriano Digital.<\/p>","protected":false},"excerpt":{"rendered":"<div class=\"mh-excerpt\"><p>\u200b\u00a0 \u200b\u00a0 \u200b La edici\u00f3n 2026 de la mayor muestra a cielo abierto de Am\u00e9rica del Sur tendr\u00e1 lugar del martes 10 al viernes 13 <a class=\"mh-excerpt-more\" href=\"https:\/\/fmlibertadfeliciano.com.ar\/?p=2985\" title=\"M\u00e1s de 20 empresas ya confirmaron su presencia en el estand de Entre R\u00edos en Expoagro\">[&#8230;]<\/a><\/p>\n<\/div>","protected":false},"author":1,"featured_media":2986,"comment_status":"open","ping_status":"open","sticky":false,"template":"","format":"standard","meta":{"footnotes":""},"categories":[1],"tags":[],"class_list":["post-2985","post","type-post","status-publish","format-standard","has-post-thumbnail","hentry","category-sin-categoria"],"_links":{"self":[{"href":"https:\/\/fmlibertadfeliciano.com.ar\/index.php?rest_route=\/wp\/v2\/posts\/2985","targetHints":{"allow":["GET"]}}],"collection":[{"href":"https:\/\/fmlibertadfeliciano.com.ar\/index.php?rest_route=\/wp\/v2\/posts"}],"about":[{"href":"https:\/\/fmlibertadfeliciano.com.ar\/index.php?rest_route=\/wp\/v2\/types\/post"}],"author":[{"embeddable":true,"href":"https:\/\/fmlibertadfeliciano.com.ar\/index.php?rest_route=\/wp\/v2\/users\/1"}],"replies":[{"embeddable":true,"href":"https:\/\/fmlibertadfeliciano.com.ar\/index.php?rest_route=%2Fwp%2Fv2%2Fcomments&post=2985"}],"version-history":[{"count":0,"href":"https:\/\/fmlibertadfeliciano.com.ar\/index.php?rest_route=\/wp\/v2\/posts\/2985\/revisions"}],"wp:featuredmedia":[{"embeddable":true,"href":"https:\/\/fmlibertadfeliciano.com.ar\/index.php?rest_route=\/wp\/v2\/media\/2986"}],"wp:attachment":[{"href":"https:\/\/fmlibertadfeliciano.com.ar\/index.php?rest_route=%2Fwp%2Fv2%2Fmedia&parent=2985"}],"wp:term":[{"taxonomy":"category","embeddable":true,"href":"https:\/\/fmlibertadfeliciano.com.ar\/index.php?rest_route=%2Fwp%2Fv2%2Fcategories&post=2985"},{"taxonomy":"post_tag","embeddable":true,"href":"https:\/\/fmlibertadfeliciano.com.ar\/index.php?rest_route=%2Fwp%2Fv2%2Ftags&post=2985"}],"curies":[{"name":"wp","href":"https:\/\/api.w.org\/{rel}","templated":true}]}}