{"id":2988,"date":"2026-02-28T02:26:13","date_gmt":"2026-02-28T02:26:13","guid":{"rendered":"https:\/\/fmlibertadfeliciano.com.ar\/?p=2988"},"modified":"2026-02-28T02:26:13","modified_gmt":"2026-02-28T02:26:13","slug":"el-procurador-repuso-a-goyeneche-como-procuradora-adjunta","status":"publish","type":"post","link":"https:\/\/fmlibertadfeliciano.com.ar\/?p=2988","title":{"rendered":"El Procurador repuso a Goyeneche como Procuradora Adjunta"},"content":{"rendered":"<p>\u200b\u00a0<\/p>\n<p>\u200b\u00a0<\/p>\n<p>\u200b<span class=\"cb-itemprop\"><\/span><\/p>\n<p>\u00a0<\/p>\n<p>\u00a0<\/p>\n<p>Luego del fallo de este viernes del Superior Tribunal de Justicia (STJ) que anul\u00f3 el proceso de destituci\u00f3n de la Procuradora Adjunta Cecilia Goyeneche a partir de la apertura de causa, en 2021, y la resoluci\u00f3n del Jurado de Enjuiciamiento, del 24 de mayo de 2022, el Procurador General Jorge Luciano Am\u00edlcar Garc\u00eda firm\u00f3 una resoluci\u00f3n que la repone de pleno derecho en su funci\u00f3n.<\/p>\n<p>La resoluci\u00f3n N\u00b0 20, firmada por el Procurador este viernes 27, dispone \u201creintegrar a la se\u00f1ora Procuradora Adjunta, doctora Cecilia Andrea Goyeneche, en la plenitud de sus funciones institucionales, con efecto inmediato a partir de la notificaci\u00f3n de la presente\u201d.<\/p>\n<p>Goyeneche entendi\u00f3 que lo resuelto por el STJ es consecuencia de lo que hab\u00eda decidido la Corte Suprema de Justicia de la Naci\u00f3n en 2024, m\u00e1xima instancia a la que hab\u00eda acudido mediante un recurso de queja. \u201cLa corte ya marc\u00f3 cu\u00e1les eran los actos que estaban viciados por aquellas cuestiones que nosotros ven\u00edamos planteando, las graves ilegalidades que se hab\u00edan cometido en el procedimiento -dijo en declaraciones al programa Puro Cuento de Radio Plaza 94.7- Y, bueno, la Corte hab\u00eda marcado como primer acto de esa situaci\u00f3n de ilegalidad la apertura del enjuiciamiento, porque, esencialmente, lo hicieron algunos vocales que no deb\u00edan haber intervenido, esencialmente en ese momento, como (Daniel) Carubia y (Claudia) Mizawak, por su parcialidad. La decisi\u00f3n del Superior de este viernes est\u00e1 firmada por vocales de C\u00e1mara, porque todos los vocales del STJ, excepto Carlos Tepsich, hab\u00edan sido recusados\u201d.<\/p>\n<blockquote class=\"wp-embedded-content\" data-secret=\"WX65d4zt1z\">\n<p><a href=\"https:\/\/entreriosahora.com\/goyeneche-gano-la-pulseada-el-stj-declaro-nula-su-destitucion\/\">Goyeneche gan\u00f3 la pulseada: el STJ declar\u00f3 nula su destituci\u00f3n<\/a><\/p>\n<\/blockquote>\n<p>\u00a0<\/p>\n<p>Tambi\u00e9n, dijo, se atendi\u00f3 \u201cotra irregularidad, como la parcialidad de los vocales que intervinieron en la etapa posterior, en la etapa de la destituci\u00f3n, y, la absurdidad de esa decisi\u00f3n de nombrar un fiscal inventado por ellos (se refiere al abogado Gast\u00f3n Justet, que llev\u00f3 adelante la acusaci\u00f3n en el jury, NdelR), en vez de aplicar la ley que dec\u00eda que quienes ten\u00edan que actuar como acusadores era el Ministerio P\u00fablico Fiscal\u201d.<\/p>\n<p><em>-\u00bfEste fallo marca un l\u00edmite para futuros pedidos de jury?<\/em><\/p>\n<p>-Nosotros, los funcionarios judiciales, todos estamos sujetos a escrutinio, l\u00f3gicamente. Los primeros escrutadores, los primeros que ponen la lupa sobre nosotros, es la prensa. Nosotros tenemos que rendir cuentas de lo que hacemos. Pero creo que lo que ha pasado en los \u00faltimos a\u00f1os en la provincia de Entre R\u00edos es que se ha usado este procedimiento como herramienta de control disciplinario, como una forma de buscar el disciplinamiento. Y eso es lo que lo que hay que tratar de evitar.<\/p>\n<p><em>-\u00bfFue entonces un mecanismo de disciplinamiento el jury para usted?<\/em><\/p>\n<p>-Lo he dicho yo desde el primer d\u00eda y ha sido el eje de todos los planteos que hice. Est\u00e1 todo escrito en los planteamientos que fui haciendo. Creo que fue una actuaci\u00f3n absolutamente ilegal e ileg\u00edtima, tendiente a contrarrestar las investigaciones de corrupci\u00f3n y los juicios de corrupci\u00f3n que est\u00e1bamos llevando adelante, como una forma de tratar de disciplinar, de evitar que el Ministerio P\u00fablico Fiscal siga con esas causas.<\/p>\n<p><em>\u00bfHay posibilidad de reeditar el jury contra Goyeneche?<\/em><\/p>\n<p>-Creo que no hay ninguna posibilidad de que esto pueda reiniciarse, esencialmente porque nosotros tenemos una norma constitucional que establece un plazo de caducidad del jury, y y ese plazo de caducidad tiene un sentido y es el resguardo institucional de los funcionarios que tienen esta caracter\u00edstica, que es la independencia. La independencia judicial como un valor de la Rep\u00fablica. Los jueces y los fiscales tienen que actuar con independencia, y esto quiere decir solamente sometidos a las leyes, y no bajo presi\u00f3n. En mi caso, desde que se abri\u00f3 el jury, el 30 de noviembre de 2021, ya pasaron cuatro a\u00f1os y tres meses. Entonces, esos plazos est\u00e1n absolutamente excedidos. No hay posibilidad constitucionalmente v\u00e1lida de que decidan ahora retomar el proceso. Estuve cuatro a\u00f1os y dos meses en este procedimiento de enjuiciamiento. Retomarlo ser\u00eda un absurdo.<\/p>\n<p><em>-Cuando estaba inici\u00e1ndose el juicio oral, primer juicio al exgoberandor Sergio Urribarri, usted arranc\u00f3 la acusaci\u00f3n, y se tuvo que apartar por la apertura del proceso de jury. \u00bfImagin\u00f3 este final?<\/em><\/p>\n<p>-S\u00ed. S\u00ed, claro que s\u00ed. En ese momento, ya un poco antes, cuando abrimos la investigaci\u00f3n en la causa de los contratos en la Legislatura, imaginamos que esto pod\u00eda pasar. Luego, cuando se defin\u00eda la realizaci\u00f3n del juicio a Uribarri y cuando sent\u00edamos todas las presiones que hab\u00eda para que ese juicio no se haga, cuando uno toma decisiones de ese de ese tipo, sabe que las consecuencias pueden venir desde la ilegalidad. Y esto es lo que pas\u00f3: termin\u00e9 en este proceso de jury. Sab\u00eda que eso pod\u00eda pasar. Pero tambi\u00e9n siempre tuve much\u00edsima confianza en que esto se iba a revertir, porque era realmente un absurdo y un c\u00famulo de ilegalidades, que no eran insostenibles.<\/p>\n<p><em>-\u00bfAhora est\u00e1 reincorporada de pleno de derecho?<\/em><\/p>\n<p>-No estaba trabajando. Estaba incorporada como empleada de la Procuraci\u00f3n luego del fallo de la Corte. Estaba incorporada en el plantel de empleados pero suspendida en las funciones. Reci\u00e9n ahora el lunes voy a estar en mi oficina trabajando.<\/p>\n<p>\u00a0<\/p>\n<p>\u00a0<\/p>\n<p>De la Redacci\u00f3n de Entre R\u00edos Ahora<\/p>\n<p>\u00a0\u00a0 \u00a0 Luego del fallo de este viernes del Superior Tribunal de Justicia (STJ) que anul\u00f3 el proceso de destituci\u00f3n de la Procuradora Adjunta Cecilia Goyeneche a partir de la apertura de causa, en 2021, y la resoluci\u00f3n del Jurado de Enjuiciamiento, del 24 de mayo de 2022, el Procurador General Jorge Luciano Am\u00edlcar Garc\u00eda<\/p>","protected":false},"excerpt":{"rendered":"<div class=\"mh-excerpt\"><p>\u200b\u00a0 \u200b\u00a0 \u200b \u00a0 \u00a0 Luego del fallo de este viernes del Superior Tribunal de Justicia (STJ) que anul\u00f3 el proceso de destituci\u00f3n de la <a class=\"mh-excerpt-more\" href=\"https:\/\/fmlibertadfeliciano.com.ar\/?p=2988\" title=\"El Procurador repuso a Goyeneche como Procuradora Adjunta\">[&#8230;]<\/a><\/p>\n<\/div>","protected":false},"author":1,"featured_media":0,"comment_status":"open","ping_status":"open","sticky":false,"template":"","format":"standard","meta":{"footnotes":""},"categories":[1],"tags":[],"class_list":["post-2988","post","type-post","status-publish","format-standard","hentry","category-sin-categoria"],"_links":{"self":[{"href":"https:\/\/fmlibertadfeliciano.com.ar\/index.php?rest_route=\/wp\/v2\/posts\/2988","targetHints":{"allow":["GET"]}}],"collection":[{"href":"https:\/\/fmlibertadfeliciano.com.ar\/index.php?rest_route=\/wp\/v2\/posts"}],"about":[{"href":"https:\/\/fmlibertadfeliciano.com.ar\/index.php?rest_route=\/wp\/v2\/types\/post"}],"author":[{"embeddable":true,"href":"https:\/\/fmlibertadfeliciano.com.ar\/index.php?rest_route=\/wp\/v2\/users\/1"}],"replies":[{"embeddable":true,"href":"https:\/\/fmlibertadfeliciano.com.ar\/index.php?rest_route=%2Fwp%2Fv2%2Fcomments&post=2988"}],"version-history":[{"count":0,"href":"https:\/\/fmlibertadfeliciano.com.ar\/index.php?rest_route=\/wp\/v2\/posts\/2988\/revisions"}],"wp:attachment":[{"href":"https:\/\/fmlibertadfeliciano.com.ar\/index.php?rest_route=%2Fwp%2Fv2%2Fmedia&parent=2988"}],"wp:term":[{"taxonomy":"category","embeddable":true,"href":"https:\/\/fmlibertadfeliciano.com.ar\/index.php?rest_route=%2Fwp%2Fv2%2Fcategories&post=2988"},{"taxonomy":"post_tag","embeddable":true,"href":"https:\/\/fmlibertadfeliciano.com.ar\/index.php?rest_route=%2Fwp%2Fv2%2Ftags&post=2988"}],"curies":[{"name":"wp","href":"https:\/\/api.w.org\/{rel}","templated":true}]}}