{"id":2989,"date":"2026-02-28T02:20:10","date_gmt":"2026-02-28T02:20:10","guid":{"rendered":"https:\/\/fmlibertadfeliciano.com.ar\/?p=2989"},"modified":"2026-02-28T02:20:10","modified_gmt":"2026-02-28T02:20:10","slug":"manuel-gomez-de-agmer-parana-que-se-espera-en-la-paritaria","status":"publish","type":"post","link":"https:\/\/fmlibertadfeliciano.com.ar\/?p=2989","title":{"rendered":"Manuel G\u00f3mez, de Agmer Paran\u00e1: qu\u00e9 se espera en la paritaria"},"content":{"rendered":"<p>\u200b\u00a0<\/p>\n<p>\u200b\u00a0<\/p>\n<p>\u200b<span class=\"cb-itemprop\"><\/span><\/p>\n<p>\u00a0<\/p>\n<p>\u00a0<\/p>\n<p>\u00a0<\/p>\n<p>Manuel G\u00f3mez, secretario general de la seccional Paran\u00e1 de la Asociaci\u00f3n Gremial del Magisterio de Entre R\u00edos (Agmer), ve un escenario \u201ccomplejo\u201d en la discusi\u00f3n paritaria salarial docente. Dijo, en declaraciones al programa <strong><em>Puro Cuento<\/em><\/strong> de <em>Radio Plaza 94.7<\/em>, que no aguardaba una oferta con el tenor de la que present\u00f3 el Gobierno en la primera reuni\u00f3n, el lunes 23. Y por eso las expectativas est\u00e1n puestas en el segundo encuentro, este lunes 2 de marzo, en la Secretar\u00eda de Trabajo, a las 15.<\/p>\n<p>\u201cEsa primera propuesta no se respeta lo que est\u00e1 establecido en la Constituci\u00f3n, que no permite sumas en negro. Para nosotros es grav\u00edsimo esto, que en una instancia paritaria se ose poner sobre la mesa una propuesta que est\u00e1 por fuera de la ley. Para nosotros era hasta inimaginable. Lleg\u00f3 de esa manera y despu\u00e9s, cuando empezamos a analizar los montos, no resiste ning\u00fan tipo de an\u00e1lisis. Es una propuesta que no re\u00fane ninguna de las condiciones y requisitos de lo que est\u00e1bamos hablando previamente. Son montos que son \u00ednfimos y que parecer\u00edan realmente una burla hacia el sector docente\u201d, se\u00f1al\u00f3.<\/p>\n<blockquote class=\"wp-embedded-content\" data-secret=\"3jeLVIwKPt\">\n<p><a href=\"https:\/\/entreriosahora.com\/agmer-declaro-el-no-inicio-del-ciclo-en-el-marco-del-paro-nacional\/\">Agmer declar\u00f3 el no inicio del ciclo en el marco del paro nacional<\/a><\/p>\n<\/blockquote>\n<p>\u00a0<\/p>\n<p><em>-El \u00faltimo congreso de la Asociaci\u00f3n del Magisterio de Ense\u00f1anza T\u00e9cnica aprob\u00f3 un paro para el d\u00eda martes si el lunes el Gobierno insiste con sumas en negro. \u00bfEs un punto innegociable para los docentes que sea en blanco todo el aumento? <\/em><\/p>\n<p>-A ver: lo que est\u00e1 establecido por ley es que los montos sean remunerativos y bonificables, entendiendo que hay algunos puntos que existen en nuestro salario y que impactan de una manera diferenciada debido a que est\u00e1n regulados por fuera de estos condicionantes. Ahora bien, no puede ser la \u00fanica propuesta estos montos que desvirt\u00faan totalmente lo que es un marco de negociaci\u00f3n colectiva, porque la negociaci\u00f3n colectiva justamente est\u00e1 regulada por ley, y de ninguna manera nosotros podemos aceptar que la \u00fanica propuesta sean montos negros, sin que llegue a los jubilados, sin que se llegue a la Caja de Jubilaciones.<\/p>\n<p><em>-El gobernador Rogelio Frigerio ha dicho que la situaci\u00f3n financiera de la Provincia es delicada y que la recaudaci\u00f3n no se recupera. \u00bfEntienden ustedes que hay margen todav\u00eda para conseguir una mejora y que esa mejora salarial respete las demandas del sindicato? <\/em><\/p>\n<p>-Si el Gobierno insiste en esta tesitura de repetir eslogan de que no hay dinero, de que no hay plata, me parece que va por mal camino. Hay que hacer una fuerte revisi\u00f3n de lo que implica acompa\u00f1ar las pol\u00edticas nacionales de destrucci\u00f3n de la industria nacional, de destrucci\u00f3n del sistema educativo tal cual nosotros lo conocemos, la destrucci\u00f3n del sistema de salud. El camino que se est\u00e1 tomando es un retroceso muy fuerte para nuestro pa\u00eds en muchos de los planos, en las condiciones en las que nosotros supimos conocer. Y el sistema educativo no escapa a esta reformulaci\u00f3n del Estado que se est\u00e1 llevando adelante. El Gobierno provincial es c\u00f3mplice, avalando las pol\u00edticas nacionales, poniendo a disposici\u00f3n los legisladores de la provincia de Entre R\u00edos a votar leyes que distan muy lejos de generar el bienestar de la poblaci\u00f3n en nuestro pa\u00eds. Obviamente que hay situaciones que en alguno de los casos tomamos conciencia r\u00e1pidamente, otras situaciones entiendo que van a ser m\u00e1s lentas a la hora de visualizarse el impacto que van a tener estas leyes que se est\u00e1n votando en la Legislatura nacional. Pero nosotros estamos convencidos de que es el camino equivocado, y la perspectiva ideol\u00f3gica que se tiene en la conformaci\u00f3n de un nuevo pa\u00eds va a dejar a amplios m\u00e1rgenes de la poblaci\u00f3n por fuera de los beneficios que nosotros conocimos eran garantizados por el Estado.<\/p>\n<p><em>-Al primer paro del ciclo 2026, este lunes, el Consejo de Educaci\u00f3n respondi\u00f3 que va a descontar el d\u00eda. \u00bfEste tipo de medida puede hacer mella en la adhesi\u00f3n de los docentes?<\/em><\/p>\n<p>-En las asambleas estas cosas obviamente que son analizadas, entendiendo que obviamente son argumentos que utiliza la patronal a trav\u00e9s del Consejo General de Educaci\u00f3n para tratar de diezmar la convocatoria al paro de nuestras entidades. Nosotros estamos insistiendo en sostener estas medidas de fuerza, de sostener la participaci\u00f3n en cada uno de los lugares a los cuales se est\u00e1n convocando.<\/p>\n<p>\u00a0<\/p>\n<p>\u00a0<\/p>\n<p>Foto: La Lucha en la Calle<\/p>\n<p>De la Redacci\u00f3n de Entre R\u00edos Ahora<\/p>\n<p>\u00a0\u00a0 \u00a0 \u00a0 Manuel G\u00f3mez, secretario general de la seccional Paran\u00e1 de la Asociaci\u00f3n Gremial del Magisterio de Entre R\u00edos (Agmer), ve un escenario \u201ccomplejo\u201d en la discusi\u00f3n paritaria salarial docente. Dijo, en declaraciones al programa Puro Cuento de Radio Plaza 94.7, que no aguardaba una oferta con el tenor de la que present\u00f3 el<\/p>","protected":false},"excerpt":{"rendered":"<div class=\"mh-excerpt\"><p>\u200b\u00a0 \u200b\u00a0 \u200b \u00a0 \u00a0 \u00a0 Manuel G\u00f3mez, secretario general de la seccional Paran\u00e1 de la Asociaci\u00f3n Gremial del Magisterio de Entre R\u00edos (Agmer), ve <a class=\"mh-excerpt-more\" href=\"https:\/\/fmlibertadfeliciano.com.ar\/?p=2989\" title=\"Manuel G\u00f3mez, de Agmer Paran\u00e1: qu\u00e9 se espera en la paritaria\">[&#8230;]<\/a><\/p>\n<\/div>","protected":false},"author":1,"featured_media":0,"comment_status":"open","ping_status":"open","sticky":false,"template":"","format":"standard","meta":{"footnotes":""},"categories":[1],"tags":[],"class_list":["post-2989","post","type-post","status-publish","format-standard","hentry","category-sin-categoria"],"_links":{"self":[{"href":"https:\/\/fmlibertadfeliciano.com.ar\/index.php?rest_route=\/wp\/v2\/posts\/2989","targetHints":{"allow":["GET"]}}],"collection":[{"href":"https:\/\/fmlibertadfeliciano.com.ar\/index.php?rest_route=\/wp\/v2\/posts"}],"about":[{"href":"https:\/\/fmlibertadfeliciano.com.ar\/index.php?rest_route=\/wp\/v2\/types\/post"}],"author":[{"embeddable":true,"href":"https:\/\/fmlibertadfeliciano.com.ar\/index.php?rest_route=\/wp\/v2\/users\/1"}],"replies":[{"embeddable":true,"href":"https:\/\/fmlibertadfeliciano.com.ar\/index.php?rest_route=%2Fwp%2Fv2%2Fcomments&post=2989"}],"version-history":[{"count":0,"href":"https:\/\/fmlibertadfeliciano.com.ar\/index.php?rest_route=\/wp\/v2\/posts\/2989\/revisions"}],"wp:attachment":[{"href":"https:\/\/fmlibertadfeliciano.com.ar\/index.php?rest_route=%2Fwp%2Fv2%2Fmedia&parent=2989"}],"wp:term":[{"taxonomy":"category","embeddable":true,"href":"https:\/\/fmlibertadfeliciano.com.ar\/index.php?rest_route=%2Fwp%2Fv2%2Fcategories&post=2989"},{"taxonomy":"post_tag","embeddable":true,"href":"https:\/\/fmlibertadfeliciano.com.ar\/index.php?rest_route=%2Fwp%2Fv2%2Ftags&post=2989"}],"curies":[{"name":"wp","href":"https:\/\/api.w.org\/{rel}","templated":true}]}}