{"id":2993,"date":"2026-03-01T00:52:34","date_gmt":"2026-03-01T00:52:34","guid":{"rendered":"https:\/\/fmlibertadfeliciano.com.ar\/?p=2993"},"modified":"2026-03-01T00:52:34","modified_gmt":"2026-03-01T00:52:34","slug":"mama-de-victima-de-orrico-a-mi-hijo-lo-voy-a-esperar-toda-la-vida","status":"publish","type":"post","link":"https:\/\/fmlibertadfeliciano.com.ar\/?p=2993","title":{"rendered":"Mam\u00e1 de v\u00edctima de Orrico: \u00abA mi hijo lo voy a esperar toda la vida\u00bb"},"content":{"rendered":"<p>\u200b\u00a0<\/p>\n<p>\u200b\u00a0<\/p>\n<p>\u200b<span class=\"cb-itemprop\"><\/span><\/p>\n<p>\u00a0<\/p>\n<p>\u00a0<\/p>\n<p>La Fiscal\u00eda de Concepci\u00f3n del Uruguay no quiso ir por el m\u00e1ximo de la pena para el extitular del Instituto Portuario de Entre R\u00edos y excandidato a intendente de <em>La Hist\u00f3rica<\/em> por el PRO, Juan Enrique Ruiz Orrico, en el alegato de clausura del juicio que se le sigui\u00f3 por la muerte de cuatro j\u00f3venes trabajadores de Basavilbaso en la ruta 39, la madrugada del 20 de junio de 2024.<\/p>\n<p>El fiscal Eduardo Santo pidi\u00f3 5 a\u00f1os de c\u00e1rcel por el delito de homicidio culposo agravado, por conducir Orrico bajo los efectos del alcohol -ven\u00eda de una reuni\u00f3n de amigos- y por la multiplicidad de v\u00edctimas, cuatro trabajadores que, en d\u00eda feriado, iban a cumplir con su labor al Frigor\u00edfico Fadel, de Pronunciamiento. Los cuatro, los hermanos Brian y Lucas Izaguirre, de 32 y 26 a\u00f1os, Leandro Almada, de 33, y Axel Rossi, de 23, murieron en el acto, dentro del veh\u00edculo Chevrolet Corsa en el que viajaban. Orrico sali\u00f3 por sus propios medios del veh\u00edculo oficial Volskwagen que manejaba.<\/p>\n<p>El lunes 9, a las 8,30, el juez Dar\u00edo Crespo, del Tribunal de Juicios y Apelaciones de Gualeguay -ninguno de los jueces del Tribunal de Juicios y Apelaciones de Concepci\u00f3n del Uruguay pudo dirigir el proceso por la amistad con la jueza Mar\u00eda Evangelina Bruzzo, vocal de la C\u00e1mara de Casaci\u00f3n Penal de Concordia, esposa de Orrico- dar\u00e1 a conocer el veredicto.<\/p>\n<p>\u201cPens\u00e9 que el fiscal iba a pedir m\u00e1s, que iba a ir por los cinco a\u00f1os y medio o por los seis a\u00f1os, porque hab\u00edamos tenido una reuni\u00f3n previa y \u00e9l hab\u00eda dicho que iba por los cinco a\u00f1os y medio, que era el m\u00e1ximo que \u00e9l pod\u00eda pedir. Los abogados nuestros pidieron seis a\u00f1os y creo que -quiero creer- que el juez va a ser justo y le va a dar seis a\u00f1os. La verdad, tengo mis dudas. Es un momento muy, muy doloroso para la familia, para los amigos, sobre todo ver quebrada a mi hija. Seis a\u00f1os no son nada, cinco a\u00f1os no son nada por cuatro chicos, por cuatro vidas que ten\u00edan todo por delante. El tipo, cuando pidi\u00f3 disculpas, las pidi\u00f3 el juez. Nunca nos mir\u00f3 a nosotros. Para \u00e9l, era como estar en un acto pol\u00edtico, era un discurso armado que ten\u00eda. No le creo nada, no le creo nada\u201d, dice Mar\u00eda de los \u00c1ngeles Ben\u00edtez, mam\u00e1 de Axel Rossi.<\/p>\n<blockquote class=\"wp-embedded-content\" data-secret=\"S0P24seXA5\">\n<p><a href=\"https:\/\/entreriosahora.com\/orrico-en-el-banquillo-por-la-muerte-de-cuatro-trabajadores\/\">Orrico, en el banquillo por la muerte de cuatro trabajadores<\/a><\/p>\n<\/blockquote>\n<p>\u00a0<\/p>\n<p>La mujer habl\u00f3 con el programa <strong><em>Puro Cuento<\/em><\/strong> de <em>Radio Plaza 94.7<\/em> y desgran\u00f3 las sensaciones que tuvo durante el proceso a Orrico, que culmin\u00f3 el viernes 27, con los alegatos de clausura en los Tribunales de Concepci\u00f3n del Uruguay.<\/p>\n<p><em>-\u00bfC\u00f3mo viviste al proceso teni\u00e9ndolo a Orrico tan cerca en la sala de audiencias?<\/em><\/p>\n<p>-Yo espero que el juez aplique el m\u00e1ximo de la pena. La verdad que a Orrico no lo veo sincero en su pedido de disculpas. No es sincero el tipo. Si fuera sincero, si hubiera parado, hubiera mirado a las familias y hubiera pedido disculpas. No se le cay\u00f3 ni una l\u00e1grima. Ni eso. Por eso no le creo nada; nada le creo.<\/p>\n<p><em>-\u00bfC\u00f3mo quedaron ustedes como familiares de las v\u00edctimas? <\/em><\/p>\n<p>-Yo te hablo por mi familia. Estamos totalmente destruidos. Veo a mi hija con ataques de llanto. No s\u00e9 c\u00f3mo actuar a veces con ella. Me parte el alma. No hace mucho un chico rob\u00f3 una bater\u00eda y le dieron ocho a\u00f1os de c\u00e1rcel. Entonces vos dec\u00eds, \u00bfpor cuatro muertes le vas a dar cinco a\u00f1os? No tiene sentido. No le encuentro explicaci\u00f3n.<\/p>\n<p><em>-Desde el vamos, el fiscal Eduardo Santos se neg\u00f3 a modificar la car\u00e1tula del expediente que hubiese permitido pedir una pena mucho m\u00e1s alta. \u00bfEntendes que es dif\u00edcil batallar contra el propio sistema judicial, porque Orrico es esposo de una jueza?<\/em><\/p>\n<p>-Ac\u00e1 estamos hablando de pol\u00edtica, de poder. Esto va acompa\u00f1ado de la misma corrupci\u00f3n pol\u00edtica. Pero yo creo que el juez va a ser recto. Lo vi en el proceso en estos d\u00edas que yo pude estar. Lo vi muy movilizado. En un momento se le cayeron las l\u00e1grimas. Fue cuando declaramos nosotras. Yo creo, quiero creer que va a ser justo. A ver, si tiene hijos, creo que se va a poner en el lugar de padre. Y va a ser justo. Esa es la esperanza que tengo.<\/p>\n<p><em>-\u00bfEn alg\u00fan momento lo viste en actitud de arrepentimiento a Orrico?<\/em><\/p>\n<p>-Nunca. Ni cuando le ped\u00ed que me mire a la cara. Nunca lo vi arrepentido. Nunca. A ver, si sos buena gente, hubieras socorrido a los chicos, se hubiera quedado ah\u00ed en el lugar, no se hubiera ido a atenderse \u00e9l primero, no se hubiera negado a sacarse sangre de un principio. No hubiera mandado una carta pidiendo disculpas, sino que hubiera venido personalmente a pedir disculpas. Porque como yo le dije, nosotros no somos ningunos asesinos. Lo hubi\u00e9ramos escuchado, aunque lo hubi\u00e9ramos puteado, lo habr\u00edamos escuchado. Nunca nos mir\u00f3 a la cara. En el juicio, hablaba como si estuviera en un acto pol\u00edtico. Yo no lo veo arrepentido. Esas lagrimitas que llor\u00f3 el otro d\u00eda eran lagrimitas de cocodrilo.<\/p>\n<p><em>-Cuando lo viste a Orrico por \u00faltima vez, antes de la sentencia, \u00bfqu\u00e9 te naci\u00f3 decirle o qu\u00e9 le pudiste decir? <\/em><\/p>\n<p>-No tuvimos la oportunidad de decirle nada. Es un tipo soberbio. Si hubiera tenido la oportunidad de decirle algo, le hubiera dicho que vaya y le prenda una vela a los chicos y les pida perd\u00f3n. De mi parte, no tiene perd\u00f3n. No lo voy a perdonar jam\u00e1s en mi vida. A m\u00ed me destruy\u00f3, me destruy\u00f3 la vida, destruy\u00f3 una familia. Estamos destruidos. \u00bfSab\u00e9s lo que es tener una ni\u00f1a que no pueda dormir, que tenga que estar tomando pastillas para poder dormir?<\/p>\n<p><em>-El lunes 9 de marzo se va a conocer el fallo del juez. \u00bfEs un cap\u00edtulo que se cierra para ustedes?<\/em><\/p>\n<p>-Es un cap\u00edtulo que se cierra pero una herida que est\u00e1 abierta todav\u00eda. Seguramente van a apelar, porque no se van a quedar con la pena que le d\u00e9 el juez. Yo ya creo que est\u00e1n pensando en una apelaci\u00f3n. Para nosotros es un cap\u00edtulo que se cierra pero no muy conformes tampoco. Ponele que le den seis a\u00f1os. Seis a\u00f1os no es nada. No es nada por cuatro chicos. Despu\u00e9s de seis a\u00f1os lo vas a ver en la calle. \u00bfY qu\u00e9 haces? Va a dar ganas de ir y matarlo. Pero no somos asesinos. Aunque esas ganas de ir y decirle de todo, gritarle, las tengo. No s\u00e9 cu\u00e1l va a ser mi reacci\u00f3n el d\u00eda que lo vea libre. A mi hijo lo tengo que ir a visitar al cementerio. Pero yo siempre digo: Mi hijo est\u00e1 trabajando. Mi hijo se fue a trabajar. Y lo sigo esperando y lo voy a seguir esperando toda mi vida.<\/p>\n<p>\u00a0<\/p>\n<p>\u00a0<\/p>\n<p>De la Redacci\u00f3n de Entre R\u00edos Ahora<\/p>\n<p>\u00a0\u00a0 \u00a0 La Fiscal\u00eda de Concepci\u00f3n del Uruguay no quiso ir por el m\u00e1ximo de la pena para el extitular del Instituto Portuario de Entre R\u00edos y excandidato a intendente de La Hist\u00f3rica por el PRO, Juan Enrique Ruiz Orrico, en el alegato de clausura del juicio que se le sigui\u00f3 por la muerte de<\/p>","protected":false},"excerpt":{"rendered":"<div class=\"mh-excerpt\"><p>\u200b\u00a0 \u200b\u00a0 \u200b \u00a0 \u00a0 La Fiscal\u00eda de Concepci\u00f3n del Uruguay no quiso ir por el m\u00e1ximo de la pena para el extitular del Instituto <a class=\"mh-excerpt-more\" href=\"https:\/\/fmlibertadfeliciano.com.ar\/?p=2993\" title=\"Mam\u00e1 de v\u00edctima de Orrico: \u00abA mi hijo lo voy a esperar toda la vida\u00bb\">[&#8230;]<\/a><\/p>\n<\/div>","protected":false},"author":1,"featured_media":0,"comment_status":"open","ping_status":"open","sticky":false,"template":"","format":"standard","meta":{"footnotes":""},"categories":[1],"tags":[],"class_list":["post-2993","post","type-post","status-publish","format-standard","hentry","category-sin-categoria"],"_links":{"self":[{"href":"https:\/\/fmlibertadfeliciano.com.ar\/index.php?rest_route=\/wp\/v2\/posts\/2993","targetHints":{"allow":["GET"]}}],"collection":[{"href":"https:\/\/fmlibertadfeliciano.com.ar\/index.php?rest_route=\/wp\/v2\/posts"}],"about":[{"href":"https:\/\/fmlibertadfeliciano.com.ar\/index.php?rest_route=\/wp\/v2\/types\/post"}],"author":[{"embeddable":true,"href":"https:\/\/fmlibertadfeliciano.com.ar\/index.php?rest_route=\/wp\/v2\/users\/1"}],"replies":[{"embeddable":true,"href":"https:\/\/fmlibertadfeliciano.com.ar\/index.php?rest_route=%2Fwp%2Fv2%2Fcomments&post=2993"}],"version-history":[{"count":0,"href":"https:\/\/fmlibertadfeliciano.com.ar\/index.php?rest_route=\/wp\/v2\/posts\/2993\/revisions"}],"wp:attachment":[{"href":"https:\/\/fmlibertadfeliciano.com.ar\/index.php?rest_route=%2Fwp%2Fv2%2Fmedia&parent=2993"}],"wp:term":[{"taxonomy":"category","embeddable":true,"href":"https:\/\/fmlibertadfeliciano.com.ar\/index.php?rest_route=%2Fwp%2Fv2%2Fcategories&post=2993"},{"taxonomy":"post_tag","embeddable":true,"href":"https:\/\/fmlibertadfeliciano.com.ar\/index.php?rest_route=%2Fwp%2Fv2%2Ftags&post=2993"}],"curies":[{"name":"wp","href":"https:\/\/api.w.org\/{rel}","templated":true}]}}